{"id":272921,"date":"2024-06-12T17:16:35","date_gmt":"2024-06-12T15:16:35","guid":{"rendered":"https:\/\/europeannewsroom.dpa.com\/?p=272921"},"modified":"2024-06-12T17:16:42","modified_gmt":"2024-06-12T15:16:42","slug":"post-election-eu-analizando-resultados-y-reacciones","status":"publish","type":"post","link":"https:\/\/europeannewsroom.com\/es\/post-election-eu-analizando-resultados-y-reacciones\/","title":{"rendered":"Post-Election EU: Analizando resultados y reacciones\u00a0"},"content":{"rendered":"\n<p class=\"wp-block-paragraph\">Los votantes de toda la UE votaron el fin de semana por 720 miembros del Parlamento Europeo.<\/p>\n\n\n\n<p class=\"wp-block-paragraph\">Aunque los partidos centristas y de corriente principal mantuvieron una mayor\u00eda general en el Parlamento Europeo, los partidos de extrema derecha en todo el bloque lograron una serie de victorias de alto perfil. Despu\u00e9s de resultados r\u00e9cord en 2019, los Liberales y los Verdes han perdido esca\u00f1os.<\/p>\n\n\n\n<ul class=\"wp-block-list\">\n<li>Partido Popular Europeo (PPE): 186 esca\u00f1os, +10\u00a0<\/li>\n\n\n\n<li>Socialistas y Dem\u00f3cratas (S&amp;D): 135 esca\u00f1os, -4\u00a0<\/li>\n\n\n\n<li>Renovar Europa: 79 esca\u00f1os, -23\u00a0<\/li>\n\n\n\n<li>Conservadores y Reformistas Europeos (CRE): 73 esca\u00f1os, +4\u00a0<\/li>\n\n\n\n<li>Identidad y Democracia (ID): 58 esca\u00f1os, +9\u00a0<\/li>\n\n\n\n<li>Verdes\/Alianza Libre Europea: 53 esca\u00f1os, -18\u00a0<\/li>\n\n\n\n<li>La Izquierda: 36 esca\u00f1os, -1\u00a0<\/li>\n\n\n\n<li>Miembros no adscritos (NI): 45 esca\u00f1os, -17\u00a0<\/li>\n\n\n\n<li>Miembros reci\u00e9n elegidos, no afiliados hasta ahora: 55 esca\u00f1os\u00a0<\/li>\n<\/ul>\n\n\n\n<p class=\"wp-block-paragraph\"><strong><em>Aviso legal:<\/em><\/strong><em> Resultados provisionales del <a href=\"https:\/\/results.elections.europa.eu\/en\/tools\/comparative-tool\/\" data-type=\"link\" data-id=\"https:\/\/results.elections.europa.eu\/en\/tools\/comparative-tool\/\">Parlamento Europeo<\/a>, 11\/06\/2024, 17:52. En comparaci\u00f3n con el parlamento saliente.<\/em><\/p>\n\n\n\n<p class=\"wp-block-paragraph\">\u201cLa democracia est\u00e1 viva,\u201d enfatiz\u00f3 la presidenta del Parlamento Europeo, Roberta Metsola, mientras hablaba desde el escenario del hemiciclo del Parlamento, acondicionado como sala de prensa durante la noche electoral, ante m\u00e1s de 1,000 periodistas presentes.<\/p>\n\n\n\n<p class=\"wp-block-paragraph\">Seg\u00fan las proyecciones, la mayor\u00eda compuesta por el PPE de centroderecha, los Socialistas y el liberal Renovar Europa se sit\u00faa en torno a los 400 esca\u00f1os, con un margen bastante claro en comparaci\u00f3n con el umbral m\u00ednimo de 360. Te\u00f3ricamente, estos tres partidos pro-UE pueden prescindir de cualquier apoyo externo: su coalici\u00f3n ha sido denominada la \u201cmayor\u00eda de Ursula\u201d durante el \u00faltimo per\u00edodo legislativo.<\/p>\n\n\n\n<p class=\"wp-block-paragraph\">\u201cConstruiremos un basti\u00f3n contra los extremos de la izquierda y de la derecha,\u201d prometi\u00f3 la presidenta de la Comisi\u00f3n Europea, Ursula von der Leyen, cuyo Partido Popular Europeo asegur\u00f3 su lugar como la fuerza m\u00e1s fuerte, y que ella misma busca un segundo mandato como presidenta de la Comisi\u00f3n.<\/p>\n\n\n\n<h2 class=\"wp-block-heading\"><strong>Grandes ganancias para la extrema derecha en Alemania, Francia; Meloni fuerte en Italia\u00a0<\/strong><\/h2>\n\n\n\n<p class=\"wp-block-paragraph\">Antes de las elecciones, se hab\u00eda pronosticado un giro a la derecha en la pol\u00edtica europea. Las elecciones han mostrado que m\u00e1s votantes que antes han dado su voto a partidos de extrema derecha.<\/p>\n\n\n\n<p class=\"wp-block-paragraph\">Fuerza m\u00e1s fuerte: Francia, (RN; 31,4%), Austria (FP\u00d6, 25,4%), Italia (FdI, 28,8%), Hungr\u00eda (Fidesz, 44,8%), B\u00e9lgica (VB, 22,94%)&nbsp;<\/p>\n\n\n\n<p class=\"wp-block-paragraph\">Segunda fuerza m\u00e1s fuerte: Alemania (AfD, 15,9%), Polonia (PiS, 36,2%), Pa\u00edses Bajos (PVV, 17,7%), Rumania (AUR, 14,9%)&nbsp;<\/p>\n\n\n\n<p class=\"wp-block-paragraph\">Tercera fuerza m\u00e1s fuerte: Espa\u00f1a (VOX; 9,6%), Portugal (Chega, 9,8%), Eslovaquia (Republika,12,5%)&nbsp;<\/p>\n\n\n\n<p class=\"wp-block-paragraph\"><strong><em>Aviso legal:<\/em><\/strong><em> Los n\u00fameros son preliminares y est\u00e1n basados en cifras del Parlamento Europeo a trav\u00e9s de dpa-Infocom, \u00faltima actualizaci\u00f3n el 12 de junio a las 9:43 AM. Los n\u00fameros para B\u00e9lgica son v\u00eda <a href=\"https:\/\/elections2024.belgium.be\/en\/results-figures?el=EU&amp;id=EUL12025\" data-type=\"link\" data-id=\"https:\/\/elections2024.belgium.be\/en\/results-figures?el=EU&amp;id=EUL12025\">IBZ<\/a>.<\/em><\/p>\n\n\n\n<p class=\"wp-block-paragraph\">En <strong>Italia<\/strong>, donde poco menos de la mitad de los votantes elegibles emitieron su voto, los Hermanos de Italia (FdI) de extrema derecha de Giorgia Meloni ganaron las elecciones con el 28,8 por ciento de los votos. El partido de la primera ministra super\u00f3 su resultado en las elecciones nacionales de 2022, cuando el FdI gan\u00f3 el 26 por ciento, fortaleciendo la posici\u00f3n de Meloni tanto a nivel dom\u00e9stico como en el nivel de la UE.<\/p>\n\n\n\n<p class=\"wp-block-paragraph\">En <strong>Francia<\/strong>, la extrema derecha ha superado masivamente a la alianza del presidente Macron liderada por su partido Renacimiento. Con un 31,4 por ciento, el Rassemblement National (RN) de Marine Le Pen obtuvo sus mejores resultados de la historia, en comparaci\u00f3n con el 14,6 por ciento de la alianza centrista de Macron liderada por su partido Renacimiento. Los resultados son un golpe para Macron, que durante mucho tiempo se ha presentado como un baluarte contra la extrema derecha en Europa.<\/p>\n\n\n\n<p class=\"wp-block-paragraph\">Subsecuentemente, el presidente franc\u00e9s convoc\u00f3 una elecci\u00f3n legislativa nacional de alto riesgo. Francia acudir\u00e1 a las urnas para votar por una nueva Asamblea Nacional el 30 de junio, con una segunda vuelta el 7 de julio, dijo Macron en un discurso a la naci\u00f3n.<\/p>\n\n\n\n<p class=\"wp-block-paragraph\">Contrariamente a Francia, el gobierno <strong>alem\u00e1n<\/strong> ha desestimado los llamados a elecciones anticipadas debido a las p\u00e9rdidas de los partidos de la coalici\u00f3n en las elecciones.<\/p>\n\n\n\n<p class=\"wp-block-paragraph\">El canciller alem\u00e1n Olaf Scholz \u2013 compuesto por su partido, los Socialdem\u00f3cratas, as\u00ed como los Verdes y los Liberales \u2013 asegur\u00f3 poco m\u00e1s de un tercio del voto combinado (31 por ciento). El Partido Socialdem\u00f3crata vio sus peores resultados hasta ahora en una elecci\u00f3n nacional. La extrema derecha Alternativa para Alemania (AfD) recibi\u00f3 casi el 16 por ciento de los votos, quedando en segundo lugar. La alianza opositora CDU\/CSU (Conservadores) qued\u00f3 en primer lugar con un 30 por ciento.<\/p>\n\n\n\n<p class=\"wp-block-paragraph\">En la <strong>Rep\u00fablica Checa<\/strong>, la oposici\u00f3n tambi\u00e9n gan\u00f3. El movimiento ANO obtuvo m\u00e1s del 26 por ciento de los votos. La victoria mostr\u00f3 la insatisfacci\u00f3n de los votantes con su gobierno actual en una elecci\u00f3n europea con una participaci\u00f3n r\u00e9cord.<\/p>\n\n\n\n<h2 class=\"wp-block-heading\"><strong>P\u00e9rdidas para la extrema derecha en Portugal y Suecia\u00a0<\/strong><\/h2>\n\n\n\n<p class=\"wp-block-paragraph\">Mientras la extrema derecha gan\u00f3 terreno en las elecciones en algunos lugares, principalmente en jugadores clave de la UE como Francia y Alemania, los resultados electorales en Suecia y Portugal supusieron un golpe para los partidos de extrema derecha.<\/p>\n\n\n\n<p class=\"wp-block-paragraph\">En <strong>Portugal<\/strong>, el partido de extrema derecha Chega recibi\u00f3 el 9,8 por ciento de los votos. Despu\u00e9s de causar sensaci\u00f3n en las elecciones legislativas hace tres meses con un 18 por ciento, no ha logrado alcanzar el objetivo de la victoria electoral que su l\u00edder hab\u00eda trazado en la campa\u00f1a.<\/p>\n\n\n\n<p class=\"wp-block-paragraph\">Los Dem\u00f3cratas Suecos (CRE) perdieron apoyo por primera vez desde su irrupci\u00f3n nacional hace 15 a\u00f1os, alcanzando una p\u00e9rdida del dos por ciento con un 13,2 por ciento. El partido de extrema derecha es el segundo m\u00e1s grande en el parlamento nacional de <strong>Suecia<\/strong>, pero solo asegur\u00f3 el cuarto lugar en las elecciones de la UE. Una de las razones de su rendimiento podr\u00eda ser que al votante tradicional de los Dem\u00f3cratas Suecos no le importan mucho las elecciones europeas.<\/p>\n\n\n\n<h2 class=\"wp-block-heading\"><strong>Sin unidad en los movimientos de extrema derecha, limitando su peso\u00a0<\/strong><\/h2>\n\n\n\n<p class=\"wp-block-paragraph\">Aunque todos comparten plataformas anti-inmigraci\u00f3n, las divisiones son profundas entre aquellos que quieren mantener el papel de Europa ayudando a Ucrania en su lucha contra la invasi\u00f3n de Rusia, como el partido de Meloni, y aquellos que desconf\u00edan de ello, que incluyen el RN de Le Pen.<\/p>\n\n\n\n<p class=\"wp-block-paragraph\">\u201cLas voces de la extrema derecha y la derecha populista no se pueden sumar, esto limitar\u00e1 su peso directo en la legislatura,\u201d dijo Sebastien Maillard, del think tank Instituto Jacques Delors, a la agencia de noticias francesa AFP.<\/p>\n\n\n\n<p class=\"wp-block-paragraph\">\u201cPero la ola marr\u00f3n (extrema derecha), particularmente evidente en Francia, inevitablemente impregnar\u00e1 el clima pol\u00edtico en el que actuar\u00e1 la Comisi\u00f3n y la mayor\u00eda tendr\u00e1 que tenerlo en cuenta,\u201d agreg\u00f3.<\/p>\n\n\n\n<figure class=\"wp-block-image size-full\"><img decoding=\"async\" src=\"https:\/\/europeannewsroom.com\/wp-content\/uploads\/2024\/05\/urnnewsmldpa.com20090101240523-99-133677-v1-s2048.jpeg\" alt=\"\" class=\"wp-image-271867\"\/><figcaption class=\"wp-element-caption\">La participaci\u00f3n electoral en la UE se sit\u00faa en m\u00e1s del 50 por ciento. Sin embargo, algunos pa\u00edses han visto una baja participaci\u00f3n que se atribuye a la fatiga electoral o al hecho de que las elecciones europeas no son tan importantes para los ciudadanos como las nacionales. Foto: Jan Woitas\/dpa <\/figcaption><\/figure>\n\n\n\n<h2 class=\"wp-block-heading\"><strong>Fatiga electoral posible causa de baja participaci\u00f3n\u00a0<\/strong><\/h2>\n\n\n\n<p class=\"wp-block-paragraph\">Seg\u00fan cifras preliminares del Parlamento Europeo, la participaci\u00f3n electoral se sit\u00faa en un 51,01 por ciento, lo que supone un ligero aumento en comparaci\u00f3n con el 50,66 por ciento en las elecciones de 2019.<\/p>\n\n\n\n<p class=\"wp-block-paragraph\">En algunos estados miembros, se celebraron m\u00faltiples elecciones o referendos simult\u00e1neamente con las elecciones europeas, como en B\u00e9lgica o Eslovenia.<\/p>\n\n\n\n<p class=\"wp-block-paragraph\">La participaci\u00f3n electoral m\u00e1s baja se ha registrado en <strong>Croacia<\/strong> con un 21,34 por ciento, incluso m\u00e1s baja que la ya baja participaci\u00f3n del 29,85 por ciento en 2019. <strong>Lituania<\/strong> (28,35 por ciento) es el \u00fanico otro pa\u00eds de la UE con una participaci\u00f3n electoral inferior al 30 por ciento.<\/p>\n\n\n\n<p class=\"wp-block-paragraph\">La baja participaci\u00f3n electoral en Croacia se atribuye a las recientes elecciones parlamentarias, que probablemente dejaron al p\u00fablico harto tanto de las elecciones como de las respectivas campa\u00f1as. Adem\u00e1s, el p\u00fablico considera las elecciones europeas menos importantes que las nacionales.<\/p>\n\n\n\n<p class=\"wp-block-paragraph\"><strong>Bulgaria<\/strong>, donde la participaci\u00f3n electoral tambi\u00e9n fue baja (33,79 por ciento), celebr\u00f3 elecciones dos en uno, votando para miembros del Parlamento Europeo y del Parlamento Nacional, por sexta vez en tres a\u00f1os.<\/p>\n\n\n\n<p class=\"wp-block-paragraph\">Ingrid Shikova, profesora de pol\u00edticas de la UE en la Universidad San Clemente de Ohrid de Sof\u00eda, dijo a la agencia de noticias b\u00falgara BTA que no hubo grandes sorpresas en las elecciones al Parlamento Europeo en Bulgaria. \u201cLo que perdimos por el hecho de que se celebraron simult\u00e1neamente elecciones nacionales y europeas fue que nuestros problemas nacionales de alguna manera eclipsaron los europeos,\u201d dijo.<\/p>\n\n\n\n<p class=\"wp-block-paragraph\">En <strong>Eslovenia<\/strong>, sin embargo, la participaci\u00f3n electoral super\u00f3 el 41 por ciento, lo que supone doce puntos porcentuales m\u00e1s que en 2019 y marca la mayor participaci\u00f3n desde 2004. La votaci\u00f3n simult\u00e1nea sobre tres referendos consultivos sobre la eutanasia, el voto preferencial en unas elecciones generales y el uso del cannabis probablemente contribuyeron a la participaci\u00f3n.<\/p>\n\n\n\n<p class=\"wp-block-paragraph\">En <strong>B\u00e9lgica<\/strong>, donde se celebraron tres elecciones \u2013 Federal, Nacional, Europea \u2013 al mismo tiempo y votar es obligatorio, la participaci\u00f3n electoral del 89,82 por ciento marca la m\u00e1s alta entre los 27 de la UE.<\/p>\n\n\n\n<h2 class=\"wp-block-heading\"><strong>La contrataci\u00f3n de la UE: \u00bfCu\u00e1les son los pr\u00f3ximos pasos?\u00a0<\/strong><\/h2>\n\n\n\n<p class=\"wp-block-paragraph\">Los jefes de Estado y de Gobierno de la Uni\u00f3n Europea se reunir\u00e1n informalmente el 17 de junio para una cena en Bruselas. Durante la cena, discutir\u00e1n la distribuci\u00f3n de los principales puestos de la UE \u2013 la presidencia de la Comisi\u00f3n Europea, el Consejo Europeo, el Parlamento Europeo, as\u00ed como el Alto Representante de la UE para la Pol\u00edtica Exterior \u2013 por primera vez.<\/p>\n\n\n\n<p class=\"wp-block-paragraph\">A finales del mes, el 27 y 28 de junio, los jefes de estado de la UE celebrar\u00e1n una cumbre de dos d\u00edas con el objetivo de llegar a un acuerdo sobre c\u00f3mo se distribuir\u00e1n los puestos mencionados.<\/p>\n\n\n\n<p class=\"wp-block-paragraph\"><\/p>\n\n\n\n<p class=\"wp-block-paragraph\"><em>Este art\u00edculo se publica semanalmente. El contenido se basa en noticias de agencias que participan en el enr.<\/em><\/p>\n","protected":false},"excerpt":{"rendered":"<p>Las elecciones europeas llegaron y se fueron, y con ellas todo tipo de emociones en el espectro pol\u00edtico. Aunque los pro-europeos siguen siendo el grupo m\u00e1s fuerte en el Parlamento Europeo, la extrema derecha ha ganado terreno. Tanto que el presidente franc\u00e9s Macron ha convocado elecciones anticipadas para la Asamblea Nacional.<\/p>\n","protected":false},"author":147,"featured_media":272146,"comment_status":"closed","ping_status":"closed","sticky":false,"template":"","format":"standard","meta":{"_acf_changed":false,"_et_pb_use_builder":"","_et_pb_old_content":"","_et_gb_content_width":"","footnotes":""},"categories":[39],"tags":[6845,15093,777],"class_list":["post-272921","post","type-post","status-publish","format-standard","has-post-thumbnail","hentry","category-key-story","tag-parlamento-europeo-3","tag-resultados-electorales","tag-ue-4"],"acf":[],"_links":{"self":[{"href":"https:\/\/europeannewsroom.com\/es\/wp-json\/wp\/v2\/posts\/272921","targetHints":{"allow":["GET"]}}],"collection":[{"href":"https:\/\/europeannewsroom.com\/es\/wp-json\/wp\/v2\/posts"}],"about":[{"href":"https:\/\/europeannewsroom.com\/es\/wp-json\/wp\/v2\/types\/post"}],"author":[{"embeddable":true,"href":"https:\/\/europeannewsroom.com\/es\/wp-json\/wp\/v2\/users\/147"}],"replies":[{"embeddable":true,"href":"https:\/\/europeannewsroom.com\/es\/wp-json\/wp\/v2\/comments?post=272921"}],"version-history":[{"count":0,"href":"https:\/\/europeannewsroom.com\/es\/wp-json\/wp\/v2\/posts\/272921\/revisions"}],"wp:featuredmedia":[{"embeddable":true,"href":"https:\/\/europeannewsroom.com\/es\/wp-json\/wp\/v2\/media\/272146"}],"wp:attachment":[{"href":"https:\/\/europeannewsroom.com\/es\/wp-json\/wp\/v2\/media?parent=272921"}],"wp:term":[{"taxonomy":"category","embeddable":true,"href":"https:\/\/europeannewsroom.com\/es\/wp-json\/wp\/v2\/categories?post=272921"},{"taxonomy":"post_tag","embeddable":true,"href":"https:\/\/europeannewsroom.com\/es\/wp-json\/wp\/v2\/tags?post=272921"}],"curies":[{"name":"wp","href":"https:\/\/api.w.org\/{rel}","templated":true}]}}