{"id":274728,"date":"2024-06-14T08:25:15","date_gmt":"2024-06-14T06:25:15","guid":{"rendered":"https:\/\/europeannewsroom.dpa.com\/?p=274728"},"modified":"2024-06-14T08:25:24","modified_gmt":"2024-06-14T06:25:24","slug":"bruselas-cree-que-una-reunion-para-el-cgpj-no-sera-efectiva-sin-propuestas-concretas","status":"publish","type":"post","link":"https:\/\/europeannewsroom.com\/es\/bruselas-cree-que-una-reunion-para-el-cgpj-no-sera-efectiva-sin-propuestas-concretas\/","title":{"rendered":"Bruselas cree que una reuni\u00f3n para el CGPJ no ser\u00e1 efectiva sin propuestas concretas"},"content":{"rendered":"\n<p class=\"wp-block-paragraph\">Bruselas &#8211; La Comisi\u00f3n Europea est\u00e1 en contacto con el PSOE y el PP para una nueva reuni\u00f3n sobre la reforma del Consejo General del Poder Judicial (CGPJ), pero avisa de que, para que sea efectiva, tendr\u00e1 que partir de \u00abla base de una propuesta de ambos partidos\u00bb.<\/p>\n\n\n\n<p class=\"wp-block-paragraph\">\u00abAyer recibimos una petici\u00f3n para una reuni\u00f3n\u00bb, confirm\u00f3 este jueves el portavoz comunitario de Justicia <strong>Christian Wigand <\/strong>en la rueda de prensa diaria de la Comisi\u00f3n Europea. \u00abEstamos vi\u00e9ndolo y en contacto con ambas partes sobre esto\u00bb, a\u00f1adi\u00f3.<\/p>\n\n\n\n<p class=\"wp-block-paragraph\">En cualquier caso, fuentes comunitarias apuntaron que \u00abpara que una reuni\u00f3n sea efectiva se tendr\u00e1 que debatir en la base de una propuesta de ambos partidos\u00bb.<\/p>\n\n\n\n<p class=\"wp-block-paragraph\">Aunque Bruselas no pone condiciones concretas para celebrar esa reuni\u00f3n ni entra en si debe ser una propuesta conjunta de ambos partidos espa\u00f1oles, s\u00ed ven necesario y \u00fatil \u00abtener algo sustancial\u00bb sobre lo que discutir cuando se vean las tres partes, para que no se convierta en un nuevo encuentro sin resultados tangibles.<\/p>\n\n\n\n<p class=\"wp-block-paragraph\">Tanto PP como PSOE se han mostrado dispuestos a esa nueva reuni\u00f3n del ministro de Justicia, Presidencia y Relaciones con las Cortes, <strong>F\u00e9lix Bola\u00f1os,<\/strong> el vicesecretario de Institucional del PP, <strong>Esteban Gonz\u00e1lez Pons<\/strong>, y la vicepresidenta de la Comisi\u00f3n Europea <strong>Vera Jourova<\/strong> sobre la reforma del CGPJ, para la que desde Madrid se hab\u00eda planteado como fecha posible este viernes.<\/p>\n\n\n\n<p class=\"wp-block-paragraph\">No obstante, la vicepresidenta comunitaria tiene previsto acudir ma\u00f1ana a Luxemburgo para un Consejo de Justicia, mientras que Bola\u00f1os est\u00e1 convaleciente de su intervenci\u00f3n de apendicitis.<\/p>\n\n\n\n<h2 class=\"wp-block-heading\">Ultim\u00e1tum de S\u00e1nchez<\/h2>\n\n\n\n<p class=\"wp-block-paragraph\">Los contactos en busca de una fecha para esa reuni\u00f3n llegan despu\u00e9s de que el presidente del Gobierno, <strong>Pedro S\u00e1nchez<\/strong>, diera un ultim\u00e1tum al PP para acordar la renovaci\u00f3n del CGPJ en el mes de junio, ya que, si no lo hace, plantear\u00e1 una reforma legal que ha apuntado que puede afectar a la facultad de nombrar magistrados.<\/p>\n\n\n\n<p class=\"wp-block-paragraph\">El portavoz comunitario no quiso pronunciarse sobre la posibilidad de que el Gobierno tome medidas de manera unilateral en el caso de que no sea posible un acuerdo con el PP antes de julio, como anunci\u00f3 esta semana S\u00e1nchez.<\/p>\n\n\n\n<p class=\"wp-block-paragraph\">\u00abNo tenemos ning\u00fan comentario particular sobre las discusiones en Espa\u00f1a entre las partes o los anuncios\u00bb, indic\u00f3 Wigand, que remiti\u00f3 a la posici\u00f3n que Bruselas mantiene desde hace tiempo y que ha expresado en repetidas ocasiones sobre la necesidad de que Espa\u00f1a renueve y reforme el Consejo General del Poder Judicial, recogido en las \u00faltimas ediciones del informe anual sobre el Estado de derecho.<\/p>\n\n\n\n<p class=\"wp-block-paragraph\">Por su parte, el ministro de Interior, <strong>Fernando Grande-Marlaska<\/strong>, que asiste este jueves a un Consejo de ministros europeos de su cartera en Luxemburgo, asegur\u00f3 que si finalmente el PSOE procede en solitario a la renovaci\u00f3n del Consejo General del Poder Judicial (CGPJ) por no llegar a un acuerdo con el PP, las medidas que se adopten respetar\u00e1n los principios y valores de la Constituci\u00f3n.<\/p>\n\n\n\n<p class=\"wp-block-paragraph\">\u00abSi se tienen que asumir modificaciones de competencias del CGPJ, como competencias en la elecci\u00f3n del Supremo o de los presidentes de los Tribunales Superiores de Justicia (\u2026) se estudiar\u00e1n, se analizar\u00e1n y valorar\u00e1n. Lo principal y preciso es el respeto a las instituciones despu\u00e9s de m\u00e1s de 2.000 d\u00edas con una voluntad obstativa por parte del PP\u00bb, se\u00f1al\u00f3.<\/p>\n\n\n\n<p class=\"wp-block-paragraph\">Desde una reuni\u00f3n ministerial de Defensa de la OTAN, la ministra espa\u00f1ola del ramo, <strong>Margarita Robles<\/strong>, defendi\u00f3 tambi\u00e9n que \u00aben absoluto\u00bb es necesaria la presencia de Bruselas en la negociaci\u00f3n porque \u00abnuestra Constituci\u00f3n y nuestro ordenamiento jur\u00eddico marcan perfectamente que son los grupos parlamentarios en el Congreso y en el Senado los que lo tienen que hacer\u00bb.<\/p>\n\n\n\n<p class=\"wp-block-paragraph\">\u00abY, francamente, no necesitamos a Bruselas, aunque est\u00e1 muy bien que Bruselas intervenga. Porque la \u00fanica raz\u00f3n de que no se renueve es que el Partido Popular est\u00e1 ganando tiempo\u00bb, consider\u00f3 Robles, que a su vez es magistrada y exvocal del CGPJ. (13 de junio) <\/p>\n","protected":false},"excerpt":{"rendered":"<p>Aunque Bruselas no pone condiciones concretas para celebrar esa reuni\u00f3n ni entra en si debe ser una propuesta conjunta del PSOE y el PP, s\u00ed ven necesario y \u00fatil \u00abtener algo sustancial\u00bb sobre lo que discutir cuando se vean las tres partes, para que no se convierta en un nuevo encuentro sin resultados tangibles.<\/p>\n","protected":false},"author":49,"featured_media":274729,"comment_status":"closed","ping_status":"closed","sticky":false,"template":"","format":"standard","meta":{"_acf_changed":false,"_et_pb_use_builder":"","_et_pb_old_content":"","_et_gb_content_width":"","footnotes":""},"categories":[45],"tags":[1213],"class_list":["post-274728","post","type-post","status-publish","format-standard","has-post-thumbnail","hentry","category-europe-in-brief","tag-cgpj"],"acf":[],"_links":{"self":[{"href":"https:\/\/europeannewsroom.com\/es\/wp-json\/wp\/v2\/posts\/274728","targetHints":{"allow":["GET"]}}],"collection":[{"href":"https:\/\/europeannewsroom.com\/es\/wp-json\/wp\/v2\/posts"}],"about":[{"href":"https:\/\/europeannewsroom.com\/es\/wp-json\/wp\/v2\/types\/post"}],"author":[{"embeddable":true,"href":"https:\/\/europeannewsroom.com\/es\/wp-json\/wp\/v2\/users\/49"}],"replies":[{"embeddable":true,"href":"https:\/\/europeannewsroom.com\/es\/wp-json\/wp\/v2\/comments?post=274728"}],"version-history":[{"count":0,"href":"https:\/\/europeannewsroom.com\/es\/wp-json\/wp\/v2\/posts\/274728\/revisions"}],"wp:featuredmedia":[{"embeddable":true,"href":"https:\/\/europeannewsroom.com\/es\/wp-json\/wp\/v2\/media\/274729"}],"wp:attachment":[{"href":"https:\/\/europeannewsroom.com\/es\/wp-json\/wp\/v2\/media?parent=274728"}],"wp:term":[{"taxonomy":"category","embeddable":true,"href":"https:\/\/europeannewsroom.com\/es\/wp-json\/wp\/v2\/categories?post=274728"},{"taxonomy":"post_tag","embeddable":true,"href":"https:\/\/europeannewsroom.com\/es\/wp-json\/wp\/v2\/tags?post=274728"}],"curies":[{"name":"wp","href":"https:\/\/api.w.org\/{rel}","templated":true}]}}