{"id":274907,"date":"2024-06-14T13:59:14","date_gmt":"2024-06-14T11:59:14","guid":{"rendered":"https:\/\/europeannewsroom.dpa.com\/?p=274907"},"modified":"2024-06-14T14:03:26","modified_gmt":"2024-06-14T12:03:26","slug":"la-industria-turistica-europea-en-el-camino-de-la-recuperacion-pospandemica","status":"publish","type":"post","link":"https:\/\/europeannewsroom.com\/es\/la-industria-turistica-europea-en-el-camino-de-la-recuperacion-pospandemica\/","title":{"rendered":"La industria tur\u00edstica europea en el camino de la recuperaci\u00f3n pospand\u00e9mica"},"content":{"rendered":"\n<p class=\"wp-block-paragraph\">Despu\u00e9s de la ca\u00edda de la pandemia de Covid-19, la industria del turismo en toda Europa sigui\u00f3 aceler\u00e1ndose en 2023 y 2024, acerc\u00e1ndose a los niveles prepand\u00e9micos o, en algunos pa\u00edses, incluso super\u00e1ndolos.&nbsp;<\/p>\n\n\n\n<p class=\"wp-block-paragraph\">En el primer trimestre de 2024, hubo 452,6 millones de pernoctaciones en alojamientos tur\u00edsticos en toda la UE, lo que supone un aumento del siete por ciento en comparaci\u00f3n con el mismo trimestre de 2023, seg\u00fan datos de Eurostat publicados la semana pasada.<\/p>\n\n\n\n<p class=\"wp-block-paragraph\">Los visitantes extranjeros representaron aproximadamente el 45 por ciento de todas las pernoctaciones en los primeros tres meses de 2024, con grandes diferencias entre los pa\u00edses de la UE. La mayor proporci\u00f3n de visitantes extranjeros que pernoctaron a principios de a\u00f1o se registr\u00f3 en Malta (91 por ciento), Chipre (87 por ciento), Luxemburgo (82 por ciento) y Austria (78 por ciento).&nbsp;<\/p>\n\n\n\n<p class=\"wp-block-paragraph\">Les siguen Portugal, Croacia, Espa\u00f1a, Eslovenia, Letonia y B\u00e9lgica. Al final de la clasificaci\u00f3n se encuentran Alemania, Ruman\u00eda y Polonia, con una proporci\u00f3n de pernoctaciones en el extranjero de alrededor del 20 por ciento.<\/p>\n\n\n\n<p class=\"wp-block-paragraph\">Las econom\u00edas de Espa\u00f1a, Grecia y Portugal, ridiculizados como pa\u00edses \u201cClub Med\u201d durante la crisis de deuda europea hace 15 a\u00f1os, ahora est\u00e1n superando a sus pares del norte, gracias a un repunte del turismo.\u00a0<\/p>\n\n\n\n<p class=\"wp-block-paragraph\">Los tres pa\u00edses tuvieron que soportar duras medidas de austeridad a principios de la d\u00e9cada de 2010 impuestas por sus socios de la Uni\u00f3n Europea, quienes r\u00e1pidamente culparon a su laxitud fiscal y falta de competitividad por sus problemas econ\u00f3micos.<\/p>\n\n\n\n<p class=\"wp-block-paragraph\">Pero \u201cla situaci\u00f3n ha cambiado\u201d desde que termin\u00f3 la pandemia de Covid-19, dijo&nbsp;<strong>Zsolt Darvas<\/strong>&nbsp;, economista de Bruegel, un grupo de expertos con sede en Bruselas. \u201cHoy en d\u00eda, esos pa\u00edses est\u00e1n creciendo m\u00e1s r\u00e1pido que el promedio de la Uni\u00f3n Europea y ya no se los considera ovejas negras\u201d.<\/p>\n\n\n\n<h2 class=\"wp-block-heading\"><strong>El lado positivo: el turismo pospandemia se recupera<\/strong><\/h2>\n\n\n\n<p class=\"wp-block-paragraph\">El turismo en los tres pa\u00edses alcanz\u00f3 niveles r\u00e9cord el a\u00f1o pasado tras el levantamiento de las restricciones de viaje pand\u00e9micas. Tambi\u00e9n se est\u00e1n beneficiando del enorme fondo de recuperaci\u00f3n pand\u00e9mica de la UE, cuya combinaci\u00f3n de subvenciones y pr\u00e9stamos a cambio de reformas estructurales se destina en gran medida a los pa\u00edses del sur.<\/p>\n\n\n\n<p class=\"wp-block-paragraph\">El producto interior bruto de Espa\u00f1a creci\u00f3 un 2,5 por ciento el a\u00f1o pasado, mientras que la econom\u00eda de Portugal creci\u00f3 un 2,3 por ciento y Grecia un dos por ciento. Eso se compara con un crecimiento del 0,4 por ciento para toda la UE de 27 miembros, que se vio lastrada por la contracci\u00f3n del 0,3 por ciento de Alemania, lo que la convirti\u00f3 en la principal econom\u00eda con peor desempe\u00f1o del mundo en 2023.<\/p>\n\n\n\n<p class=\"wp-block-paragraph\">El sector tur\u00edstico de Italia registr\u00f3 el mayor n\u00famero de turistas de su historia en 2023, registrando un aumento del 13,4 por ciento en las llegadas y un aumento del 9,5 por ciento en las pernoctaciones en comparaci\u00f3n con 2022, seg\u00fan las \u00faltimas cifras de la autoridad estad\u00edstica italiana Istat y el Ministerio de Turismo. El informe dijo que estos niveles estaban c\u00f3modamente por encima de los niveles previos a la pandemia de 2019, el a\u00f1o anterior a que comenzara la pandemia.<\/p>\n\n\n\n<p class=\"wp-block-paragraph\">El turismo esloveno registr\u00f3 resultados r\u00e9cord el a\u00f1o pasado a pesar de las devastadoras inundaciones que azotaron el pa\u00eds a principios de agosto. El pa\u00eds, que tiene alrededor de 2,1 millones de habitantes, recibi\u00f3 6,2 millones de turistas, un 5,5 por ciento m\u00e1s que en 2022 y s\u00f3lo un 0,6 por ciento menos que en 2019. Las pernoctaciones crecieron un 3,5 por ciento interanual hasta un r\u00e9cord de 16,1 millones, superando las cifras de 2019. en dos por ciento.<\/p>\n\n\n\n<p class=\"wp-block-paragraph\">Sin embargo, la industria se ha enfrentado a una serie de desaf\u00edos en los \u00faltimos a\u00f1os, uno de los cuales es la escasez cr\u00f3nica de personal. En Austria, por ejemplo, la empresa de consultor\u00eda de gesti\u00f3n Deloitte ha examinado la situaci\u00f3n actual del turismo con la Asociaci\u00f3n Austriaca de Hoteleros (\u00d6HV). Seg\u00fan el informe, los altos costes, la escasez de personal y la d\u00e9bil econom\u00eda son una carga.&nbsp;<\/p>\n\n\n\n<figure class=\"wp-block-image\"><img loading=\"lazy\" decoding=\"async\" width=\"960\" height=\"600\" src=\"https:\/\/europeannewsroom.com\/wp-content\/uploads\/2024\/03\/thumbnail-8.jpg\" alt=\"\" class=\"wp-image-219258\" srcset=\"https:\/\/europeannewsroom.com\/wp-content\/uploads\/2024\/03\/thumbnail-8.jpg 960w, https:\/\/europeannewsroom.com\/wp-content\/uploads\/2024\/03\/thumbnail-8-480x300.jpg 480w\" sizes=\"(min-width: 0px) and (max-width: 480px) 480px, (min-width: 481px) 960px, 100vw\" \/><figcaption class=\"wp-element-caption\"><em>La zona tur\u00edstica de la playa de Ksamil, a 275 kil\u00f3metros al suroeste de Tirana, Albania. Foto: Agencia Telegr\u00e1fica de Albania<\/em><\/figcaption><\/figure>\n\n\n\n<h2 class=\"wp-block-heading\"><strong>La UE apoya el turismo en los pa\u00edses vecinos del bloque<\/strong><\/h2>\n\n\n\n<p class=\"wp-block-paragraph\">En Macedonia del Norte, el n\u00famero de turistas en el per\u00edodo de enero a abril de 2024, en comparaci\u00f3n con el mismo per\u00edodo del a\u00f1o pasado, aument\u00f3 un 15,3 por ciento, y el n\u00famero de pernoctaciones aument\u00f3 un 15,2 por ciento. La mayor\u00eda de ellos proced\u00edan de Turqu\u00eda, Alemania, Serbia, Grecia, Bulgaria, Croacia y Eslovenia.<\/p>\n\n\n\n<p class=\"wp-block-paragraph\">La Agencia de Promoci\u00f3n y Apoyo al Turismo (APPT) del pa\u00eds est\u00e1 trabajando actualmente en la implementaci\u00f3n del proyecto Interreg IPA-CBC \u201c\u0410bove\u201d para la cooperaci\u00f3n transfronteriza con Grecia, financiado a trav\u00e9s del Instrumento de Ayuda Preadhesi\u00f3n (IPA) de la UE. Estos fondos apoyan a los pa\u00edses de la regi\u00f3n de la ampliaci\u00f3n de la UE.<\/p>\n\n\n\n<p class=\"wp-block-paragraph\">La vecina Albania fue visitada por 10,1 millones de turistas el a\u00f1o pasado, un aumento del 35 por ciento en comparaci\u00f3n con 2022, durante el cual el pa\u00eds fue visitado por 7,5 millones de turistas.&nbsp;<\/p>\n\n\n\n<p class=\"wp-block-paragraph\">La tendencia ascendente continu\u00f3 en los primeros meses de 2024, cuando alrededor de 974.000 turistas extranjeros visitaron Albania s\u00f3lo durante el mes de mayo, lo que elev\u00f3 el n\u00famero total de flujos tur\u00edsticos entrantes a m\u00e1s de 3,3 millones en los primeros cinco meses del a\u00f1o.<\/p>\n\n\n\n<h2 class=\"wp-block-heading\"><strong>Bulgaria y Croacia: la adopci\u00f3n del euro es clave para el turismo<\/strong><\/h2>\n\n\n\n<p class=\"wp-block-paragraph\"><strong>Polina Karastoyanova<\/strong>\u00a0, directora ejecutiva de la Oficina Nacional de Turismo de Bulgaria, afirm\u00f3 durante un foro econ\u00f3mico en Sof\u00eda que es importante que Bulgaria como destino tur\u00edstico pase a formar parte de la zona del euro. A\u00f1adi\u00f3 que la industria del turismo es uno de los pocos sectores del pa\u00eds que tiene potencial para duplicar su tama\u00f1o.<\/p>\n\n\n\n<p class=\"wp-block-paragraph\">En una conferencia sobre los riesgos y desaf\u00edos de la transici\u00f3n al euro en Croacia, celebrada a finales de mayo,\u00a0<strong>Mislav Brki\u0107,<\/strong>\u00a0del Banco Nacional de Croacia, afirm\u00f3 que pa\u00edses como Croacia y Bulgaria son los que m\u00e1s pueden ganar siendo parte de esta uni\u00f3n monetaria. Dijo que con la adopci\u00f3n del euro, su pa\u00eds se volver\u00eda m\u00e1s seguro para los mercados y que tambi\u00e9n habr\u00eda un impacto positivo en el turismo.<\/p>\n\n\n\n<p class=\"wp-block-paragraph\">El turismo en Croacia es una industria importante de la econom\u00eda del pa\u00eds y representa casi el 20 por ciento del producto interno bruto. Seg\u00fan datos de Eurostat, Croacia ocup\u00f3 el segundo lugar en t\u00e9rminos de aumento de pernoctaciones en el extranjero en el primer trimestre de 2024: un aumento del 22 por ciento en comparaci\u00f3n con el mismo per\u00edodo del a\u00f1o pasado.<\/p>\n\n\n\n<figure class=\"wp-block-image\"><img loading=\"lazy\" decoding=\"async\" width=\"1920\" height=\"1280\" src=\"https:\/\/europeannewsroom.com\/wp-content\/uploads\/2024\/06\/urnnewsmldpa.com20090101240529-99-208881-v1-s2048.jpeg\" alt=\"La gente pasa por Ballermann 6 en un d\u00eda soleado.\" class=\"wp-image-274268\"\/><figcaption class=\"wp-element-caption\"><em>La gente pasa por el club de playa Ballermann 6 en un d\u00eda soleado en Mallorca. Foto: Clara Margais\/dpa<\/em><\/figcaption><\/figure>\n\n\n\n<h2 class=\"wp-block-heading\"><strong>Tomar medidas en\u00e9rgicas contra el hacinamiento<\/strong><\/h2>\n\n\n\n<p class=\"wp-block-paragraph\">Si bien los crecientes niveles de turismo en Europa ofrecen una perspectiva optimista para las econom\u00edas locales y nacionales, la superpoblaci\u00f3n durante las temporadas de vacaciones m\u00e1s ocupadas, como el verano, est\u00e1 provocando un creciente resentimiento entre los residentes de los puntos populares de todo el continente.<\/p>\n\n\n\n<p class=\"wp-block-paragraph\">Seg\u00fan los eurodiputados, el auge de sitios web como Airbnb ha generado excesos como el turismo de masas, los alquileres ilegales y la presi\u00f3n sobre el mercado inmobiliario.&nbsp;<\/p>\n\n\n\n<p class=\"wp-block-paragraph\">En ciudades italianas como Venecia, Roma y algunas ciudades de la regi\u00f3n de Toscana, los residentes piden que se controle y restrinja mejor el flujo de visitantes. En un intento por reducir las multitudes, Venecia ha introducido recientemente una tarifa de entrada para excursiones de un d\u00eda.<\/p>\n\n\n\n<p class=\"wp-block-paragraph\">En Espa\u00f1a, el alcalde de Palma de Mallorca,&nbsp;<strong>Jaime Mart\u00ednez<\/strong>&nbsp;, ha presentado una serie de planes destinados a contrarrestar el turismo de masas en el centro de la ciudad. La propuesta m\u00e1s amplia es la prohibici\u00f3n de m\u00e1s espacio de alquiler para turistas en cualquier forma, informaron los medios locales. Tambi\u00e9n sugiere introducir regulaciones para frenar el alquiler de propiedades a extranjeros.<\/p>\n\n\n\n<p class=\"wp-block-paragraph\">En los Pa\u00edses Bajos, \u00c1msterdam tambi\u00e9n experiment\u00f3 un aumento de visitantes en 2023 en comparaci\u00f3n con el a\u00f1o anterior. El a\u00f1o pasado, 15,1 millones de visitantes visitaron la capital, frente a los 13,4 millones del a\u00f1o anterior. Alrededor del 60 por ciento de los visitantes proced\u00edan de los Pa\u00edses Bajos y el resto del extranjero.<\/p>\n\n\n\n<p class=\"wp-block-paragraph\">La ciudad espera que el n\u00famero de turistas siga aumentando. \u00abEl flujo de visitantes ejerce presi\u00f3n sobre las instalaciones y, en particular, el centro de la ciudad suele estar demasiado concurrido\u00bb, seg\u00fan un comunicado del municipio.<\/p>\n\n\n\n<p class=\"wp-block-paragraph\">En marzo de 2024, el Consejo de la UE dio su aprobaci\u00f3n final a un reglamento que exige que las plataformas compartan datos sobre propietarios con los municipios, entre otros. Esto permitir\u00e1 a los administradores locales tomar medidas m\u00e1s estrictas si los propietarios no cumplen las normas. El Parlamento Europeo ya aprob\u00f3 el reglamento en febrero de este a\u00f1o.<\/p>\n\n\n\n<hr class=\"wp-block-separator has-alpha-channel-opacity\"\/>\n\n\n\n<p class=\"wp-block-paragraph\"><strong>Verificaci\u00f3n de hechos: banderas arco\u00edris en hoteles griegos antes del EuroPride 2024<\/strong><\/p>\n\n\n\n<p class=\"wp-block-paragraph\">Del 21 al 29 de junio de 2024, la ciudad griega de Sal\u00f3nica acoger\u00e1 el EuroPride, un evento internacional paneuropeo para la comunidad LGBTQ+ organizado por una ciudad europea diferente cada a\u00f1o. El evento atrae a muchos turistas a la ciudad anfitriona durante las celebraciones. Las afirmaciones falsas que circularon en las redes sociales en abril dec\u00edan que el gobierno griego hab\u00eda emitido una orden vinculante para que los hoteles de Sal\u00f3nica enarbolaran la bandera del arco iris antes del evento.<\/p>\n\n\n\n<p class=\"wp-block-paragraph\">El equipo de verificaci\u00f3n de datos de la Agence France-Presse (AFP) desminti\u00f3 estas afirmaciones y explic\u00f3 que el Ministerio de Turismo del pa\u00eds proporcion\u00f3 a los hoteles directrices para que sus establecimientos fueran m\u00e1s amigables con la comunidad LGBTQ+, pero se trataba s\u00f3lo de recomendaciones voluntarias.<\/p>\n\n\n\n<p class=\"wp-block-paragraph\">Lea la verificaci\u00f3n completa de datos de la AFP aqu\u00ed:&nbsp;<a href=\"https:\/\/factcheck.afp.com\/doc.afp.com.34P46UZ\" target=\"_blank\" rel=\"noreferrer noopener\">https:\/\/factcheck.afp.com\/doc.afp.com.34P46UZ<\/a><\/p>\n\n\n\n<p class=\"wp-block-paragraph\"><em>Este art\u00edculo se publica semanalmente. El contenido est\u00e1 basado en noticias de las agencias que participan en el enr<\/em>&nbsp;.<\/p>\n","protected":false},"excerpt":{"rendered":"<p>A medida que se acerca la temporada de verano, los turistas pronto acudir\u00e1n en masa a los lugares m\u00e1s populares de Europa. Datos recientes muestran que la industria del turismo se estabiliz\u00f3 despu\u00e9s de una fuerte ca\u00edda durante la pandemia de Covid-19. En el lado negativo, el turismo de masas y la superpoblaci\u00f3n siguen ejerciendo presi\u00f3n sobre las sociedades locales.<\/p>\n","protected":false},"author":49,"featured_media":275098,"comment_status":"closed","ping_status":"closed","sticky":false,"template":"","format":"standard","meta":{"_acf_changed":false,"_et_pb_use_builder":"","_et_pb_old_content":"","_et_gb_content_width":"","footnotes":""},"categories":[39],"tags":[10980],"class_list":["post-274907","post","type-post","status-publish","format-standard","has-post-thumbnail","hentry","category-key-story","tag-turismo"],"acf":[],"_links":{"self":[{"href":"https:\/\/europeannewsroom.com\/es\/wp-json\/wp\/v2\/posts\/274907","targetHints":{"allow":["GET"]}}],"collection":[{"href":"https:\/\/europeannewsroom.com\/es\/wp-json\/wp\/v2\/posts"}],"about":[{"href":"https:\/\/europeannewsroom.com\/es\/wp-json\/wp\/v2\/types\/post"}],"author":[{"embeddable":true,"href":"https:\/\/europeannewsroom.com\/es\/wp-json\/wp\/v2\/users\/49"}],"replies":[{"embeddable":true,"href":"https:\/\/europeannewsroom.com\/es\/wp-json\/wp\/v2\/comments?post=274907"}],"version-history":[{"count":0,"href":"https:\/\/europeannewsroom.com\/es\/wp-json\/wp\/v2\/posts\/274907\/revisions"}],"wp:featuredmedia":[{"embeddable":true,"href":"https:\/\/europeannewsroom.com\/es\/wp-json\/wp\/v2\/media\/275098"}],"wp:attachment":[{"href":"https:\/\/europeannewsroom.com\/es\/wp-json\/wp\/v2\/media?parent=274907"}],"wp:term":[{"taxonomy":"category","embeddable":true,"href":"https:\/\/europeannewsroom.com\/es\/wp-json\/wp\/v2\/categories?post=274907"},{"taxonomy":"post_tag","embeddable":true,"href":"https:\/\/europeannewsroom.com\/es\/wp-json\/wp\/v2\/tags?post=274907"}],"curies":[{"name":"wp","href":"https:\/\/api.w.org\/{rel}","templated":true}]}}