{"id":276395,"date":"2024-06-17T13:00:39","date_gmt":"2024-06-17T11:00:39","guid":{"rendered":"https:\/\/europeannewsroom.dpa.com\/?p=276395"},"modified":"2024-06-17T13:04:18","modified_gmt":"2024-06-17T11:04:18","slug":"la-ue-aprueba-definitivamente-y-al-limite-la-polemica-ley-de-restauracion-de-la-naturaleza","status":"publish","type":"post","link":"https:\/\/europeannewsroom.com\/es\/la-ue-aprueba-definitivamente-y-al-limite-la-polemica-ley-de-restauracion-de-la-naturaleza\/","title":{"rendered":"La UE aprueba definitivamente y al l\u00edmite la pol\u00e9mica Ley de Restauraci\u00f3n de la Naturaleza"},"content":{"rendered":"\n<p class=\"wp-block-paragraph\">Luxemburgo &#8211; La Uni\u00f3n Europea aprob\u00f3  definitivamente la primera normativa de su historia que obliga a los Estados miembros a restaurar la naturaleza, y no s\u00f3lo a protegerla, tras una tortuosa tramitaci\u00f3n con sorpresas hasta el \u00faltimo instante para cerrar un expediente que casi tumba Hungr\u00eda y que ha terminado salvando Austria.<\/p>\n\n\n\n<p class=\"wp-block-paragraph\">En la v\u00edspera de la votaci\u00f3n de este lunes, Viena pas\u00f3 al bando del \u00abs\u00ed\u00bb y eso ha permitido que el Consejo de la UE alcance por la m\u00ednima la mayor\u00eda cualificada necesaria: un 66,07 % de la poblaci\u00f3n de la UE, justo por encima del 65 % requerido.<\/p>\n\n\n\n<p class=\"wp-block-paragraph\">El reglamento estaba ya negociado y pactado entre los propios Estados, y tambi\u00e9n con el Parlamento Europeo, que lo aprob\u00f3 el pasado febrero en sesi\u00f3n plenaria.<\/p>\n\n\n\n<p class=\"wp-block-paragraph\">S\u00f3lo precisaba la adopci\u00f3n formal de los Veintisiete, pero casi descarrila en la l\u00ednea de meta por un s\u00fabito cambio de posici\u00f3n de Hungr\u00eda, que en marzo se uni\u00f3 a los detractores, cuando el Consejo s\u00f3lo ten\u00eda que confirmar el texto.<\/p>\n\n\n\n<p class=\"wp-block-paragraph\">\u00abDejemos atr\u00e1s nuestra ideolog\u00eda y vamos a trabajar juntos\u00bb, dijo en el consejo de ministros de Medioambiente que debat\u00eda el texto el comisario europeo responsable de esta cartera, <strong>Virginijus Sinkevicius<\/strong>.<\/p>\n\n\n\n<p class=\"wp-block-paragraph\">El eurocomisario hab\u00eda calificado el atasco como \u00abpreocupante\u00bb para la credibilidad de los estamentos comunitarios; cr\u00edticas a las que se sumaron pa\u00edses como Grecia, Alemania o Dinamarca, y que la titular espa\u00f1ola, <strong>Teresa Ribera<\/strong>, calific\u00f3 como una \u00abpel\u00edcula de terror\u00bb institucional.<\/p>\n\n\n\n<figure class=\"wp-block-embed is-type-rich is-provider-twitter wp-block-embed-twitter\"><div class=\"wp-block-embed__wrapper\">\n<blockquote class=\"twitter-tweet\" data-width=\"550\" data-dnt=\"true\"><p lang=\"es\" dir=\"ltr\">\u00a1Aprobada! \u00a1Europa se compromete  restaurar la naturaleza!<br>Gracias a todos por la flexibilidad y el esfuerzo.<br> <a href=\"https:\/\/twitter.com\/hashtag\/%C3%9ALTIMAHORA?src=hash&amp;ref_src=twsrc%5Etfw\">#\u00daLTIMAHORA<\/a> <a href=\"https:\/\/t.co\/2fa0q8r9hb\">pic.twitter.com\/2fa0q8r9hb<\/a><\/p>&mdash; Teresa Ribera (@Teresaribera) <a href=\"https:\/\/twitter.com\/Teresaribera\/status\/1802624052814622889?ref_src=twsrc%5Etfw\">June 17, 2024<\/a><\/blockquote><script async src=\"https:\/\/platform.twitter.com\/widgets.js\" charset=\"utf-8\"><\/script>\n<\/div><\/figure>\n\n\n\n<p class=\"wp-block-paragraph\">Se trata del cuarto expediente en los \u00faltimos dos a\u00f1os y medio que, una vez negociado y pactado, el Consejo reabre en el \u00faltimo minuto, tras la Directiva de Renovables, que bloque\u00f3 Francia, y las leyes para que no se puedan vender veh\u00edculos que emitan CO2 a partir de 2035 y de diligencia debida para las empresas, que fren\u00f3 Alemania.<\/p>\n\n\n\n<p class=\"wp-block-paragraph\"><strong>Crisis austr\u00edaca<\/strong><\/p>\n\n\n\n<p class=\"wp-block-paragraph\">Ahora, tras el bloqueo h\u00fangaro, el nuevo giro de gui\u00f3n lo ha protagonizado la ministra austr\u00edaca de Medioambiente, la ecologista Leonore Gewessler, quien de nuevo ha inclinado la balanza a favor de la biodiversidad al interpretar que est\u00e1 legalmente habilitada para apoyar el texto debido a un cambio de equilibrios a nivel federal en su pa\u00eds.<\/p>\n\n\n\n<p class=\"wp-block-paragraph\">\u00abEn 20 o 30 a\u00f1os, cuando le ense\u00f1e la belleza de nuestro pa\u00eds a mis nietas y me pregunten qu\u00e9 hiciste t\u00fa, les dir\u00e9 que todo lo que pude para preservarla\u00bb, dijo a su llegada al consejo la ministra austr\u00edaca de Medioambiente, la ecologista <strong>Leonore Gewessler<\/strong>.<\/p>\n\n\n\n<p class=\"wp-block-paragraph\">Pero su cambio de posici\u00f3n ha generado una fractura en el Ejecutivo de su pa\u00eds, que celebra elecciones legislativas en septiembre, por el rechazo frontal de su socio de gobierno, el Partido Popular (\u00d6VP), que considera que no ha respetado la legislaci\u00f3n federal.<\/p>\n\n\n\n<p class=\"wp-block-paragraph\">El Gobierno de Austria que lidera el conservador <strong>Karl Nehammer <\/strong>presentar\u00e1 un recurso de anulaci\u00f3n ante el Tribunal de Justicia de la Uni\u00f3n Europea (TJUE), seg\u00fan la agencia local APA.<\/p>\n\n\n\n<p class=\"wp-block-paragraph\">El reglamento se ha adoptado finalmente con los votos a favor de Bulgaria, Rep\u00fablica Checa, Dinamarca, Alemania, Estonia, Irlanda, Grecia, Espa\u00f1a, Francia Croacia, Chipre, Letonia, Lituania, Luxemburgo, Malta, Austria, Portugal, Ruman\u00eda, Eslovenia, Eslovaquia, el voto en contra de Italia, Hungr\u00eda, Pa\u00edses Bajos, Polonia, Finlandia y Suecia y la abstenci\u00f3n de B\u00e9lgica.<\/p>\n\n\n\n<p class=\"wp-block-paragraph\">\u00abEs una muy buena noticia para todos los europeos, pero para la biodiversidad en su conjunto tambi\u00e9n a nivel mundial\u00bb, dijo a EFE y otros medios de comunicaci\u00f3n tras el voto Ribera, quien agreg\u00f3 que ahora ser\u00e1 necesario \u00abdi\u00e1logo\u00bb y \u00abacompa\u00f1amiento\u00bb, adem\u00e1s de \u00abun compromiso con el sector primario\u00bb, que se\u00f1al\u00f3 como el sector que m\u00e1s necesita una naturaleza viva.<\/p>\n\n\n\n<p class=\"wp-block-paragraph\"><strong>\u00bfQu\u00e9 es?<\/strong><\/p>\n\n\n\n<p class=\"wp-block-paragraph\">La Comisi\u00f3n Europea present\u00f3 en junio de 2022 la Ley de Restauraci\u00f3n de la Naturaleza para reparar al menos el 20 % de los ecosistemas degradados en 2030 y todos ellos para mitad de siglo, incluidas las tierras de cultivo.<\/p>\n\n\n\n<p class=\"wp-block-paragraph\">El objetivo es acompasar la legislaci\u00f3n comunitaria con los acuerdos sobre biodiversidad de Naciones Unidas, pero el texto se ha ido convirtiendo en un s\u00edmbolo de la batalla ideol\u00f3gica en torno a la agenda verde, ganando intensidad a medida que se iban acercando las elecciones europeas del pasado 9 de junio.<\/p>\n\n\n\n<p class=\"wp-block-paragraph\">La ley ha sufrido trasquilones en el Consejo de la UE y ha superado por la m\u00ednima una larga serie de ag\u00f3nicas votaciones en el Parlamento Europeo, donde ha sido blanco de una agresiva campa\u00f1a del presidente del Partido Popular Europeo y del grupo en la Euroc\u00e1mara, Manfred Weber, del influyente \u00ablobby\u00bb agr\u00edcola Copa-Cogeca y de los partidos de ultraderecha.<\/p>\n\n\n\n<p class=\"wp-block-paragraph\">Finalmente, y entre otros puntos, el reglamento establece obligaciones para corregir la disminuci\u00f3n de polinizadores, recuperar el 30 % de las turberas vaciadas para uso agr\u00edcola, no reducir espacios verdes urbanos o eliminar barreras artificiales en los r\u00edos de la UE. (17 de junio) <\/p>\n","protected":false},"excerpt":{"rendered":"<p>\u00abEs una muy buena noticia para todos los europeos, pero para la biodiversidad en su conjunto tambi\u00e9n a nivel mundial\u00bb, dijo a EFE y otros medios de comunicaci\u00f3n tras el voto la vicepresidenta espa\u00f1ola Teresa Ribera, quien agreg\u00f3 que ahora ser\u00e1 necesario \u00abdi\u00e1logo\u00bb y \u00abacompa\u00f1amiento\u00bb, adem\u00e1s de \u00abun compromiso con el sector primario\u00bb, que se\u00f1al\u00f3 como el sector que m\u00e1s necesita una naturaleza viva.<\/p>\n","protected":false},"author":49,"featured_media":276813,"comment_status":"closed","ping_status":"closed","sticky":false,"template":"","format":"standard","meta":{"_acf_changed":false,"_et_pb_use_builder":"","_et_pb_old_content":"","_et_gb_content_width":"","footnotes":""},"categories":[45],"tags":[],"class_list":["post-276395","post","type-post","status-publish","format-standard","has-post-thumbnail","hentry","category-europe-in-brief"],"acf":[],"_links":{"self":[{"href":"https:\/\/europeannewsroom.com\/es\/wp-json\/wp\/v2\/posts\/276395","targetHints":{"allow":["GET"]}}],"collection":[{"href":"https:\/\/europeannewsroom.com\/es\/wp-json\/wp\/v2\/posts"}],"about":[{"href":"https:\/\/europeannewsroom.com\/es\/wp-json\/wp\/v2\/types\/post"}],"author":[{"embeddable":true,"href":"https:\/\/europeannewsroom.com\/es\/wp-json\/wp\/v2\/users\/49"}],"replies":[{"embeddable":true,"href":"https:\/\/europeannewsroom.com\/es\/wp-json\/wp\/v2\/comments?post=276395"}],"version-history":[{"count":0,"href":"https:\/\/europeannewsroom.com\/es\/wp-json\/wp\/v2\/posts\/276395\/revisions"}],"wp:featuredmedia":[{"embeddable":true,"href":"https:\/\/europeannewsroom.com\/es\/wp-json\/wp\/v2\/media\/276813"}],"wp:attachment":[{"href":"https:\/\/europeannewsroom.com\/es\/wp-json\/wp\/v2\/media?parent=276395"}],"wp:term":[{"taxonomy":"category","embeddable":true,"href":"https:\/\/europeannewsroom.com\/es\/wp-json\/wp\/v2\/categories?post=276395"},{"taxonomy":"post_tag","embeddable":true,"href":"https:\/\/europeannewsroom.com\/es\/wp-json\/wp\/v2\/tags?post=276395"}],"curies":[{"name":"wp","href":"https:\/\/api.w.org\/{rel}","templated":true}]}}