{"id":341700,"date":"2024-08-01T00:56:39","date_gmt":"2024-07-31T22:56:39","guid":{"rendered":"https:\/\/europeannewsroom.com\/?p=341700"},"modified":"2024-08-01T00:57:30","modified_gmt":"2024-07-31T22:57:30","slug":"la-tierra-experimenta-el-dia-mas-calido-de-su-historia-reciente-segun-el-servicio-de-cambio-climatico-de-la-ue","status":"publish","type":"post","link":"https:\/\/europeannewsroom.com\/es\/la-tierra-experimenta-el-dia-mas-calido-de-su-historia-reciente-segun-el-servicio-de-cambio-climatico-de-la-ue\/","title":{"rendered":"La Tierra experimenta el d\u00eda m\u00e1s c\u00e1lido de su historia reciente, seg\u00fan el servicio de cambio clim\u00e1tico de la UE"},"content":{"rendered":"\n<p class=\"wp-block-paragraph\">El 22 de julio de 2024 fue \u2013 hasta la fecha \u2013 el d\u00eda m\u00e1s c\u00e1lido de la historia reciente en la Tierra, seg\u00fan datos del Servicio de Cambio Clim\u00e1tico de Copernicus de la Uni\u00f3n Europea (C3S). Seg\u00fan C3S, Europa se ha estado calentando mucho m\u00e1s r\u00e1pido que el promedio global en las \u00faltimas d\u00e9cadas, m\u00e1s o menos el doble de r\u00e1pido.<\/p>\n\n\n\n<p class=\"wp-block-paragraph\">Esto se debe a una combinaci\u00f3n de diferentes factores, dijo el director de C3S, <strong>Carlo Buontempo<\/strong>, en una entrevista con la agencia de noticias eslovena STA el lunes. Uno de ellos es que el \u00c1rtico, parte del cual se incluye en la definici\u00f3n de Europa, es probablemente una de las regiones que se est\u00e1n calentando m\u00e1s r\u00e1pido en el mundo. Entre otras razones est\u00e1 la p\u00e9rdida de hielo y nieve en las monta\u00f1as, as\u00ed como en la llanura de Europa Central.<\/p>\n\n\n\n<p class=\"wp-block-paragraph\">Las olas de calor en Europa ya son m\u00e1s frecuentes, m\u00e1s intensas y durar\u00e1n m\u00e1s. \u201cAs\u00ed que esto es algo a lo que debemos acostumbrarnos\u201d, dijo Buontempo.<\/p>\n\n\n\n<h2 class=\"wp-block-heading\"><strong>El mecanismo de protecci\u00f3n civil de la UE se prepara para el verano <\/strong><\/h2>\n\n\n\n<p class=\"wp-block-paragraph\">La Comisi\u00f3n Europea espera otro verano at\u00edpico en la Uni\u00f3n Europea con fen\u00f3menos meteorol\u00f3gicos extremos, dijo el Comisario Europeo de Gesti\u00f3n de Crisis,<strong> Janez Lenar\u010di\u010d<\/strong>, a la agencia de noticias portuguesa Lusa a mediados de julio.<\/p>\n\n\n\n<p class=\"wp-block-paragraph\">En un momento en que el sur de Europa enfrenta altas temperaturas y el centro y norte de Europa se enfrentan a d\u00edas consecutivos de lluvia, el Comisario esloveno dijo que los servicios de Protecci\u00f3n Civil est\u00e1n preparados a trav\u00e9s del mecanismo de respuesta ante desastres.<\/p>\n\n\n\n<p class=\"wp-block-paragraph\">Si bien la protecci\u00f3n civil es una competencia nacional, las autoridades nacionales pueden solicitar apoyo a trav\u00e9s del Mecanismo de Protecci\u00f3n Civil de la UE en caso de emergencias.<\/p>\n\n\n\n<p class=\"wp-block-paragraph\">Los 27 estados miembros de la UE \u2013 y diez no miembros \u2013 participan en el mecanismo creado en 2001. El Centro de Coordinaci\u00f3n de Respuesta a Emergencias de la UE ayuda a gestionar las solicitudes de asistencia.<\/p>\n\n\n\n<p class=\"wp-block-paragraph\">Para este verano, la UE ha establecido una flota especial de 28 aviones de extinci\u00f3n de incendios y cuatro helic\u00f3pteros en diez estados miembros. La Comisi\u00f3n Europea tambi\u00e9n ha destinado 600 millones de euros de fondos de la UE para facilitar la adquisici\u00f3n de doce aviones m\u00e1s, que ser\u00e1n compartidos entre seis pa\u00edses del bloque.<\/p>\n\n\n\n<h2 class=\"wp-block-heading\">Los fen\u00f3menos meteorol\u00f3gicos extremos se intensifican en Europa<\/h2>\n\n\n\n<p class=\"wp-block-paragraph\">En todo el continente, las olas de calor y los incendios subsiguientes est\u00e1n poniendo en peligro a las personas, sus medios de vida, animales y cultivos, a menudo dejando un rastro de da\u00f1os por valor de millones de euros, mientras tambi\u00e9n impactan las rutinas diarias de las personas.<\/p>\n\n\n\n<p class=\"wp-block-paragraph\">A finales de julio, todas las regiones de <strong>Espa\u00f1a<\/strong>, excepto las Islas Canarias, estaban en \u00abalerta naranja\u00bb \u2013 que indica un \u00abriesgo significativo\u00bb en la escala de nivel m\u00e1ximo de alerta \u2013 debido a las altas temperaturas o tormentas, con advertencias de que las temperaturas m\u00e1ximas alcanzar\u00e1n los 39-40 grados, seg\u00fan la agencia meteorol\u00f3gica espa\u00f1ola Aemet.<\/p>\n\n\n\n<p class=\"wp-block-paragraph\">El lunes, el term\u00f3metro en el sur de <strong>Francia<\/strong> se desbord\u00f3 como resultado de una ola de calor.<\/p>\n\n\n\n<p class=\"wp-block-paragraph\">El servicio meteorol\u00f3gico franc\u00e9s M\u00e9t\u00e9o-France declar\u00f3 que en gran parte del sur de Francia \u201cel calor se intensificar\u00e1 considerablemente,\u201d y el umbral de 40 grados podr\u00eda ser superado en algunas regiones.<\/p>\n\n\n\n<p class=\"wp-block-paragraph\">Par\u00eds est\u00e1 actualmente acogiendo los Juegos Ol\u00edmpicos con sedes repartidas por todo el pa\u00eds.<\/p>\n\n\n\n<p class=\"wp-block-paragraph\">El lunes, la Regi\u00f3n de Par\u00eds anunci\u00f3 la activaci\u00f3n del plan de ola de calor en la regi\u00f3n de \u00cele-de-France, donde \u201cla calidad del aire ser\u00e1 mala\u201d seg\u00fan el observatorio Airparif. El plan regional incluye la distribuci\u00f3n de m\u00e1s de 2,5 millones de botellas de agua en el transporte p\u00fablico y \u201ccasi 200,000 sombreros, abanicos y botellas de agua\u201d a los espectadores ol\u00edmpicos.<\/p>\n\n\n\n<p class=\"wp-block-paragraph\">Mientras el norte de<strong> Italia<\/strong> ha sido golpeado con tormentas y lluvias torrenciales, causando inundaciones y deslizamientos de tierra en las \u00faltimas semanas, la parte sur enfrenta una sequ\u00eda importante. El viceprimer ministro y ministro de Transporte e Infraestructura, <strong>Matteo Salvini<\/strong>, calific\u00f3 la grave sequ\u00eda en Sicilia como una \u201cemergencia nacional\u201d.<\/p>\n\n\n\n<p class=\"wp-block-paragraph\">La semana pasada, la Asociaci\u00f3n Nacional de Consorcios de Gesti\u00f3n y Defensa del Agua (ANBI) advirti\u00f3 que en tres semanas \u201cno habr\u00e1 agua para la agricultura\u201d en el centro y sur de Italia.<\/p>\n\n\n\n<p class=\"wp-block-paragraph\">Las protestas est\u00e1n creciendo en Sicilia debido a la mala distribuci\u00f3n del agua. La sequ\u00eda ha llevado a una disminuci\u00f3n del 60 por ciento de los embalses de agua, lo que ha llevado a las autoridades locales a racionar el agua en la ciudad principal de Sicilia, Palermo, as\u00ed como en otras 50 localidades.<\/p>\n\n\n\n<p class=\"wp-block-paragraph\"><strong>Eslovenia<\/strong> fue golpeada por grandes inundaciones el a\u00f1o pasado, causando da\u00f1os por valor de miles de millones de euros y todav\u00eda est\u00e1 lidiando con trabajos de reconstrucci\u00f3n. Este verano nuevamente, la fuerte lluvia caus\u00f3 algunas inundaciones y deslizamientos de tierra en las regiones m\u00e1s afectadas. Sin embargo, la falta de lluvia provoc\u00f3 un incendio forestal en la regi\u00f3n suroeste de Kras a mediados de julio, la misma \u00e1rea que fue golpeada por los incendios m\u00e1s devastadores en la historia de Eslovenia ya en 2022.<\/p>\n\n\n\n<p class=\"wp-block-paragraph\">En <strong>Bulgaria<\/strong>, las semanas recientes de calor tambi\u00e9n llevaron a incendios: Desde el 12 de julio, m\u00e1s de 1,430 personas y unas 280 unidades de equipo militar participaron en la extinci\u00f3n de incendios en todo el pa\u00eds. El 16 de julio, Bulgaria solicit\u00f3 apoyo a trav\u00e9s del Mecanismo de Protecci\u00f3n Civil de la UE y lleg\u00f3 ayuda desde Espa\u00f1a, Francia y Chequia. El gobierno est\u00e1 trabajando en esquemas de compensaci\u00f3n para individuos y agricultores afectados que perdieron sus cultivos, y est\u00e1 planeando modificar la ley de contrataci\u00f3n p\u00fablica para facilitar la compra de equipos especializados necesarios para la gesti\u00f3n de desastres.<\/p>\n\n\n\n<p class=\"wp-block-paragraph\">El 17 de julio, <strong>Macedonia del Norte<\/strong> solicit\u00f3 ayuda urgente para combatir graves incendios forestales a trav\u00e9s del Mecanismo de Protecci\u00f3n Civil de la UE \u2013 la ayuda lleg\u00f3 de Serbia, Eslovenia, Turqu\u00eda, Croacia y Ruman\u00eda. Entre enero y junio, el pa\u00eds enfrent\u00f3 73 incendios forestales. En 2023, Macedonia del Norte contabiliz\u00f3 170 incendios forestales, seg\u00fan Kire Mihailov, subdirector de la empresa p\u00fablica Nacional Forestal.<\/p>\n\n\n\n<p class=\"wp-block-paragraph\">En julio, la vecina<strong> Albania<\/strong> experiment\u00f3 una ola de calor y combati\u00f3 incendios forestales en el sur del pa\u00eds, recibiendo tambi\u00e9n ayuda de Grecia bajo el mecanismo de rescate civil de la UE.<\/p>\n\n\n\n<p class=\"wp-block-paragraph\">El calor tambi\u00e9n llev\u00f3 a medidas para distribuir agua potable en sitios culturales e hist\u00f3ricos. Grecia misma tambi\u00e9n est\u00e1 enfrentando incendios actualmente. Su segunda isla m\u00e1s grande, Eubea, ha estado luchando contra un incendio forestal desde el lunes con cientos de bomberos en el lugar.<\/p>\n\n\n\n<p class=\"wp-block-paragraph\">\u201cTodav\u00eda tenemos un mes muy dif\u00edcil por delante, el mes de agosto, y obviamente todos debemos estar absolutamente alerta,\u201d dijo el primer ministro griego <strong>Kyriakos Mitsotakis<\/strong> a los ministros antes de una reuni\u00f3n el martes.<\/p>\n\n\n\n<h2 class=\"wp-block-heading\">Cambio clim\u00e1tico: Una causa de muertes prematuras, no adaptarse \u201cviolaci\u00f3n de los derechos humanos\u201d<\/h2>\n\n\n\n<p class=\"wp-block-paragraph\">La Organizaci\u00f3n Mundial de la Salud (OMS) estima que si no se toman medidas contra el cambio clim\u00e1tico, cuatro de sus mayores efectos \u2014eventos meteorol\u00f3gicos extremos, mala calidad del aire, inseguridad alimentaria y enfermedades infecciosas\u2014 empeorar\u00e1n, causando 250,000 muertes prematuras adicionales por a\u00f1o entre 2030 y 2050.<\/p>\n\n\n\n<p class=\"wp-block-paragraph\">Las olas de calor son el fen\u00f3meno meteorol\u00f3gico m\u00e1s mort\u00edfero asociado con los cambios clim\u00e1ticos, causando 489,000 muertes por a\u00f1o, estima la Organizaci\u00f3n Meteorol\u00f3gica Mundial (OMM), pero la mortalidad real relacionada con eventos meteorol\u00f3gicos extremos podr\u00eda ser 30 veces mayor, ya que muchos pa\u00edses carecen de datos fiables, teme la OMM.<\/p>\n\n\n\n<p class=\"wp-block-paragraph\">La Organizaci\u00f3n Internacional del Trabajo (OIT) dijo el 25 de julio que el cambio clim\u00e1tico est\u00e1 haciendo el trabajo m\u00e1s dif\u00edcil y peligroso para miles de millones de personas. Aunque en Europa y Asia Central la proporci\u00f3n de personas expuestas a un calor excesivo en el trabajo es baja en comparaci\u00f3n con los est\u00e1ndares globales, ha aumentado m\u00e1s que en cualquier otra regi\u00f3n del mundo en los \u00faltimos 20 a\u00f1os, dijo la OIT.<\/p>\n\n\n\n<p class=\"wp-block-paragraph\">En un informe publicado por Oxfam Francia a principios de julio, la organizaci\u00f3n no gubernamental denunci\u00f3 que al menos 26 de los 50 derechos fundamentales, como la salud, el acceso a la educaci\u00f3n o la vivienda digna, est\u00e1n amenazados en Francia por la \u201cnegligencia del Estado\u201d en la adaptaci\u00f3n al cambio clim\u00e1tico.<\/p>\n\n\n\n<hr class=\"wp-block-separator has-alpha-channel-opacity\"\/>\n\n\n\n<h2 class=\"wp-block-heading\">REVISI\u00d3N DE HECHOS<\/h2>\n\n\n\n<p class=\"wp-block-paragraph\"><strong>Verificaci\u00f3n de datos sobre fen\u00f3menos meteorol\u00f3gicos extremos: existen tanto los d\u00edas calurosos hist\u00f3ricos como el cambio clim\u00e1tico<\/strong><\/p>\n\n\n\n<p class=\"wp-block-paragraph\">En las redes sociales, los usuarios han compartido una imagen antigua acompa\u00f1ada de datos meteorol\u00f3gicos del a\u00f1o 1921. Seg\u00fan la publicaci\u00f3n, hace 100 a\u00f1os ya se hab\u00edan registrado temperaturas m\u00e1ximas de hasta 39,4 grados cent\u00edgrados. En un comentario se afirma que esto es as\u00ed a pesar de que en aquella \u00e9poca \u201cno exist\u00eda el mito del cambio clim\u00e1tico provocado por el hombre\u201d.<\/p>\n\n\n\n<p class=\"wp-block-paragraph\">El equipo de verificaci\u00f3n de la agencia de prensa alemana dpa explica que los datos meteorol\u00f3gicos y la propia imagen son correctos, pero que, en relaci\u00f3n con la acusaci\u00f3n, hay que destacar la diferencia entre tiempo y clima. El tiempo se refiere a fen\u00f3menos de corta duraci\u00f3n que tienen lugar en un lugar determinado y en un momento determinado, mientras que el clima abarca los patrones meteorol\u00f3gicos a largo plazo que se extienden a un periodo m\u00e1s largo y en una zona m\u00e1s amplia. Tambi\u00e9n se afirma que los seres humanos son en parte responsables del cambio clim\u00e1tico.&nbsp;<\/p>\n\n\n\n<p class=\"wp-block-paragraph\">Lea el art\u00edculo completo en alem\u00e1n:&nbsp;<a href=\"https:\/\/dpa-factchecking.com\/germany\/240626-99-537375\/\">https:\/\/dpa-factchecking.com\/germany\/240626-99-537375\/&nbsp;<\/a>&nbsp;<br><br><em>Este art\u00edculo se publica dos veces por semana. El contenido se basa en noticias de agencias que participan en el enr<\/em>&nbsp;.<\/p>\n\n\n\n<p class=\"wp-block-paragraph\"><\/p>\n","protected":false},"excerpt":{"rendered":"<p>Con temperaturas r\u00e9cord mes tras mes, as\u00ed como eventos clim\u00e1ticos m\u00e1s extremos como olas de calor, inundaciones, deslizamientos de tierra y sequ\u00edas, los efectos del<br \/>\ncalentamiento global se est\u00e1n haciendo evidentes. \u00bfCu\u00e1l es la situaci\u00f3n actual en Europa y c\u00f3mo planea la UE enfrentarlo?<\/p>\n","protected":false},"author":49,"featured_media":341701,"comment_status":"closed","ping_status":"closed","sticky":false,"template":"","format":"standard","meta":{"_acf_changed":true,"_et_pb_use_builder":"","_et_pb_old_content":"","_et_gb_content_width":"","footnotes":""},"categories":[39],"tags":[],"class_list":["post-341700","post","type-post","status-publish","format-standard","has-post-thumbnail","hentry","category-key-story"],"acf":[],"_links":{"self":[{"href":"https:\/\/europeannewsroom.com\/es\/wp-json\/wp\/v2\/posts\/341700","targetHints":{"allow":["GET"]}}],"collection":[{"href":"https:\/\/europeannewsroom.com\/es\/wp-json\/wp\/v2\/posts"}],"about":[{"href":"https:\/\/europeannewsroom.com\/es\/wp-json\/wp\/v2\/types\/post"}],"author":[{"embeddable":true,"href":"https:\/\/europeannewsroom.com\/es\/wp-json\/wp\/v2\/users\/49"}],"replies":[{"embeddable":true,"href":"https:\/\/europeannewsroom.com\/es\/wp-json\/wp\/v2\/comments?post=341700"}],"version-history":[{"count":0,"href":"https:\/\/europeannewsroom.com\/es\/wp-json\/wp\/v2\/posts\/341700\/revisions"}],"wp:featuredmedia":[{"embeddable":true,"href":"https:\/\/europeannewsroom.com\/es\/wp-json\/wp\/v2\/media\/341701"}],"wp:attachment":[{"href":"https:\/\/europeannewsroom.com\/es\/wp-json\/wp\/v2\/media?parent=341700"}],"wp:term":[{"taxonomy":"category","embeddable":true,"href":"https:\/\/europeannewsroom.com\/es\/wp-json\/wp\/v2\/categories?post=341700"},{"taxonomy":"post_tag","embeddable":true,"href":"https:\/\/europeannewsroom.com\/es\/wp-json\/wp\/v2\/tags?post=341700"}],"curies":[{"name":"wp","href":"https:\/\/api.w.org\/{rel}","templated":true}]}}