{"id":345815,"date":"2024-08-03T07:44:23","date_gmt":"2024-08-03T05:44:23","guid":{"rendered":"https:\/\/europeannewsroom.com\/?p=345815"},"modified":"2024-08-03T07:44:25","modified_gmt":"2024-08-03T05:44:25","slug":"el-dia-europeo-de-la-memoria-conmemora-el-genocidio-de-los-sinti-y-los-romanies-de-1944","status":"publish","type":"post","link":"https:\/\/europeannewsroom.com\/es\/el-dia-europeo-de-la-memoria-conmemora-el-genocidio-de-los-sinti-y-los-romanies-de-1944\/","title":{"rendered":"El D\u00eda Europeo de la Memoria conmemora el genocidio de los sinti y los roman\u00edes de 1944"},"content":{"rendered":"\n<p class=\"wp-block-paragraph\">El viernes 2 de agosto se celebra el D\u00eda Europeo en Memoria de las V\u00edctimas del Holocausto de los Sinti y los Roma, en conmemoraci\u00f3n del genocidio de las minor\u00edas \u00e9tnicas sinti y roman\u00ed en el antiguo campo de concentraci\u00f3n nazi de Auschwitz-Birkenau durante la Segunda Guerra Mundial.<\/p>\n\n\n\n<p class=\"wp-block-paragraph\">El 2 de agosto de 1944, los \u00faltimos 4.300 gitanos y sinti de Auschwitz fueron asesinados, a pesar de una feroz revuelta dentro del campo. El d\u00eda de conmemoraci\u00f3n est\u00e1 dedicado a los aproximadamente 250.000 a 500.000 gitanos y sinti que fueron asesinados en la Europa ocupada por los nazis.&nbsp;<\/p>\n\n\n\n<p class=\"wp-block-paragraph\">Este a\u00f1o se conmemora el 80 aniversario del genocidio. El d\u00eda ha sido un d\u00eda europeo de conmemoraci\u00f3n desde 2015. En abril de ese a\u00f1o, el Parlamento Europeo aprob\u00f3 una resoluci\u00f3n para reconocerlo formalmente como tal.<\/p>\n\n\n\n<p class=\"wp-block-paragraph\">Los gitanos son la minor\u00eda \u00e9tnica m\u00e1s numerosa de Europa, con un total estimado de entre diez y doce millones de personas, de las cuales unos seis millones en la Uni\u00f3n Europea, seg\u00fan datos del Consejo de Europa. Como algunos gitanos son tradicionalmente n\u00f3madas, se desconocen las cifras exactas.<\/p>\n\n\n\n<p class=\"wp-block-paragraph\">En la terminolog\u00eda de la UE, el t\u00e9rmino roman\u00ed es un t\u00e9rmino gen\u00e9rico que designa a las minor\u00edas \u00e9tnicas, entre ellas los roman\u00edes, los sinti y otros, as\u00ed como a las poblaciones \u201cviajeras\u201d como los gitanos. Entre los pa\u00edses de la UE con una gran proporci\u00f3n de roman\u00edes se encuentran Ruman\u00eda, Bulgaria, Hungr\u00eda, Espa\u00f1a, Eslovaquia y Francia.&nbsp;<\/p>\n\n\n\n<p class=\"wp-block-paragraph\">Aunque la conmemoraci\u00f3n del genocidio muestra un reconocimiento simb\u00f3lico a las v\u00edctimas nazis, 80 a\u00f1os despu\u00e9s, la discriminaci\u00f3n contra las comunidades roman\u00ed y sinti sigue siendo persistente. El genocidio es una fuente de trauma dentro de la comunidad, que sigue marginada pol\u00edtica, social y econ\u00f3micamente. Las personas responsables o implicadas han impedido que se reconozca durante d\u00e9cadas despu\u00e9s del genocidio.<\/p>\n\n\n\n<p class=\"wp-block-paragraph\">\u201cLa historia del pueblo gitano, tanto en Espa\u00f1a como en el resto de Europa, es una historia de persecuci\u00f3n, negaci\u00f3n y olvido\u201d, afirma&nbsp;<strong>Jos\u00e9 Vega,<\/strong>&nbsp;de la Federaci\u00f3n Espa\u00f1ola de Asociaciones de Mujeres Gitanas (Fakali).<\/p>\n\n\n\n<h2 class=\"wp-block-heading\"><strong>Aguas turbulentas para los sinti y los gitanos en toda Europa<\/strong><\/h2>\n\n\n\n<p class=\"wp-block-paragraph\">Seg\u00fan una encuesta realizada por la Agencia de Derechos Fundamentales de la UE (FRA), con sede en Viena, que se llev\u00f3 a cabo en 2021 en ocho estados miembros de la UE y dos no miembros, el 80 por ciento de los gitanos est\u00e1n en riesgo de pobreza, el 52 por ciento sufre privaci\u00f3n de vivienda y el 22 por ciento vive en hogares sin agua corriente.<\/p>\n\n\n\n<p class=\"wp-block-paragraph\">En abril de 2024, la Comisi\u00f3n Europea pidi\u00f3 a los pa\u00edses de la UE que \u201credoblaran sus esfuerzos\u201d para combatir los altos niveles de antigitanismo y discriminaci\u00f3n que sufre la poblaci\u00f3n gitana en Europa, y garantizar su acceso igualitario a la educaci\u00f3n, el empleo y la atenci\u00f3n sanitaria.<\/p>\n\n\n\n<p class=\"wp-block-paragraph\">En&nbsp;<strong>Espa\u00f1a<\/strong>&nbsp;, el Gobierno estima que en la actualidad puede haber unos 750.000 gitanos en el pa\u00eds, seg\u00fan fuentes del Ministerio de Derechos Sociales. La mayor\u00eda se concentra en Andaluc\u00eda, la Comunidad Valenciana, Catalu\u00f1a y la Comunidad de Madrid.<\/p>\n\n\n\n<p class=\"wp-block-paragraph\">En los \u00faltimos a\u00f1os se han producido importantes mejoras para la poblaci\u00f3n gitana, como la ley de igualdad de trato y no discriminaci\u00f3n y la reforma del C\u00f3digo Penal con la inclusi\u00f3n del antigitanismo como delito de odio, pero el acceso a la vivienda y a la educaci\u00f3n siguen estando entre los grandes retos.<\/p>\n\n\n\n<p class=\"wp-block-paragraph\">En&nbsp;<strong>Macedonia del Norte<\/strong>&nbsp;, los gitanos est\u00e1n incluidos en la constituci\u00f3n como una de las comunidades \u00e9tnicas que viven en el pa\u00eds. Hay varios partidos gitanos y han estado incluidos en todas las composiciones del parlamento multipartidista desde 1990, y varios gobiernos anteriores tuvieron ministros gitanos.<\/p>\n\n\n\n<p class=\"wp-block-paragraph\">Sin embargo, los barrios de mayor\u00eda roman\u00ed del pa\u00eds est\u00e1n situados en la periferia de las ciudades, suelen estar poco urbanizados y carecen de las necesidades urbanas m\u00e1s b\u00e1sicas, y tienen que soportar condiciones deficientes. Seg\u00fan una investigaci\u00f3n del Fondo de las Naciones Unidas para la Infancia (UNICEF) y el Banco Mundial, alrededor del 30 por ciento de la poblaci\u00f3n roman\u00ed de Macedonia del Norte vive en edificios prefabricados, y la mayor\u00eda de los barrios roman\u00edes tienen calles sin pavimentar, no tienen alumbrado p\u00fablico y no tienen jardines de infancia, escuelas ni cl\u00ednicas m\u00e9dicas.<\/p>\n\n\n\n<p class=\"wp-block-paragraph\">Un informe de la ONU ha determinado que en Macedonia del Norte las leyes vigentes para la protecci\u00f3n de los derechos humanos y contra la discriminaci\u00f3n no son eficaces. Entre los casos de discriminaci\u00f3n directa e indirecta se destacan los casos de j\u00f3venes roman\u00edes a los que se les niega el acceso a caf\u00e9s, clubes y piscinas, que sufren acoso por parte de agentes de polic\u00eda y que reciben un trato discriminatorio en los tribunales.<\/p>\n\n\n\n<p class=\"wp-block-paragraph\">En junio, la Comisi\u00f3n Europea contra el Racismo y la Intolerancia (ECRI) afirm\u00f3 que el pa\u00eds vecino ,&nbsp;<strong>Serbia<\/strong>&nbsp;, debe hacer m\u00e1s para abordar la discriminaci\u00f3n de las comunidades roman\u00ed y LGTBQ y contrarrestar el discurso de odio. \u201cEl discurso de odio contra los roman\u00edes y otras minor\u00edas \u00e9tnicas, las comunidades LGBTI y los refugiados\/migrantes persiste en el discurso pol\u00edtico y p\u00fablico\u201d, a\u00f1adi\u00f3 el organismo designado por el Consejo de Europa, utilizando un acr\u00f3nimo alternativo para describir a la comunidad queer.<\/p>\n\n\n\n<p class=\"wp-block-paragraph\">En&nbsp;<strong>Austria<\/strong>&nbsp;, los gitanos viven principalmente en el estado oriental de Burgenland, pero tambi\u00e9n en ciudades m\u00e1s grandes como Viena y Graz. En toda Austria, la gente todav\u00eda expresa prejuicios racistas o cree que ellos mismos son los culpables de los ataques y la violencia contra ellos. Seg\u00fan el historiador austriaco&nbsp;<strong>Stefan Benedik<\/strong>&nbsp;, tambi\u00e9n existe racismo que hace referencia a la era nazi, con grafitis por toda Austria con lemas como \u00abRoman\u00edes al campo de concentraci\u00f3n\u00bb.<\/p>\n\n\n\n<p class=\"wp-block-paragraph\">En&nbsp;<strong>Eslovenia<\/strong>&nbsp;, los gitanos viven en comunidades m\u00e1s numerosas, principalmente en las zonas oriental y sudoriental del pa\u00eds. Tienen un estatuto especial en virtud de la constituci\u00f3n del pa\u00eds y disfrutan de derechos especiales que les permiten preservar y desarrollar su cultura, lengua y patrimonio. Tienen representantes en los consejos locales de las comunidades en las que viven. En 2007 se aprob\u00f3 una ley espec\u00edfica sobre la comunidad gitana y existe un programa nacional de medidas en beneficio de los gitanos, que depende en gran medida de la financiaci\u00f3n de la UE.&nbsp;<\/p>\n\n\n\n<p class=\"wp-block-paragraph\">Sin embargo, la mala situaci\u00f3n socioecon\u00f3mica y las malas condiciones de vivienda, la baja participaci\u00f3n en la educaci\u00f3n, el desempleo, el aislamiento de algunas comunidades roman\u00edes y los prejuicios persistentes de la mayor\u00eda de la poblaci\u00f3n contra los roman\u00edes siguen obstaculizando su integraci\u00f3n. Las autoridades locales del sudeste de Eslovenia consideran que el Estado est\u00e1 haciendo demasiado poco para frenar la violencia y la delincuencia causadas por algunos roman\u00edes.<\/p>\n\n\n\n<p class=\"wp-block-paragraph\">En&nbsp;<strong>Bulgaria<\/strong>&nbsp;, el 30 de mayo, el Consejo Nacional de Cooperaci\u00f3n en Cuestiones \u00c9tnicas y de Integraci\u00f3n con el Consejo de Ministros aprob\u00f3 un informe de seguimiento sobre la aplicaci\u00f3n de la Estrategia Nacional de Bulgaria para la Igualdad, la Inclusi\u00f3n y la Participaci\u00f3n de los Roman\u00edes para el per\u00edodo 2021 a 2030. Un paso hacia una inclusi\u00f3n e integraci\u00f3n exitosa de los roman\u00edes, adoptado en 2023, fue el establecimiento reglamentario de una financiaci\u00f3n espec\u00edfica para el nombramiento de mediadores educativos, trabajadores sociales y profesores asistentes, seg\u00fan el informe.&nbsp;<\/p>\n\n\n\n<p class=\"wp-block-paragraph\">Sin embargo, Amnist\u00eda Internacional hab\u00eda publicado el mes anterior su informe anual sobre el estado de los derechos humanos en el mundo, en el que criticaba a Bulgaria por discriminaci\u00f3n racial al negar a los roman\u00edes el acceso a las piscinas p\u00fablicas.<\/p>\n\n\n\n<figure class=\"wp-block-image\"><img decoding=\"async\" src=\"https:\/\/europeannewsroom.com\/wp-content\/uploads\/2024\/07\/urnnewsmldpa.com20090101240729-935-186039-v1-s2048.jpeg\" alt=\"Ein Blick auf ein Handy mit den verschiedenen Social Media Apps, wie Facebook, Instagram, WhatsApp. (zu dpa: \u00abWarnung vor Wahlen: Netzwerke m\u00fcssen neue EU-Regeln beachten\u00bb)\" class=\"wp-image-339600\"\/><figcaption class=\"wp-element-caption\"><em>Vista de un tel\u00e9fono m\u00f3vil con las distintas aplicaciones de redes sociales, como Facebook, Instagram y WhatsApp. Foto: Yui Mok\/Press Association\/dpa<\/em><\/figcaption><\/figure>\n\n\n\n<h2 class=\"wp-block-heading\"><strong>Las redes sociales alimentan el discurso de odio y la desinformaci\u00f3n&nbsp;<\/strong><\/h2>\n\n\n\n<p class=\"wp-block-paragraph\">En algunos pa\u00edses, como Italia y Bulgaria, los medios de comunicaci\u00f3n refuerzan actitudes y prejuicios nocivos hacia los gitanos, a pesar de la existencia de leyes y c\u00f3digos \u00e9ticos que proh\u00edben el discurso de odio y la discriminaci\u00f3n. As\u00ed lo revela un estudio financiado por el Consejo de Europa y la Uni\u00f3n Europea en junio.&nbsp;<\/p>\n\n\n\n<p class=\"wp-block-paragraph\">En&nbsp;<strong>Italia<\/strong>&nbsp;, los medios de comunicaci\u00f3n suelen presentar de forma selectiva a los gitanos como sujetos u objetos en los reportajes sobre delitos menores, violencia dom\u00e9stica y disputas sociales que afectan a las comunidades gitanas cercanas a los barrios locales, seg\u00fan el estudio. \u201cEstas representaciones contribuyen a crear estereotipos negativos, presentando a los gitanos como personas de un \u2018clan\u2019 irresponsables, en particular en lo que respecta al cuidado de los ni\u00f1os y al trato a las mujeres en sus familias\u201d.<\/p>\n\n\n\n<p class=\"wp-block-paragraph\">En julio, la ONG b\u00falgara Amalipe Centre for Interethnic Dialogue and Tolerance public\u00f3 un informe seg\u00fan el cual la informaci\u00f3n falsa sobre la atenci\u00f3n sanitaria y la pol\u00edtica influye en la comunidad gitana del pa\u00eds. El an\u00e1lisis, realizado entre febrero y mayo de 2024, revel\u00f3 que las redes sociales se utilizan activamente para atacar a la comunidad con propaganda antivacunas y antisemita.<\/p>\n\n\n\n<h2 class=\"wp-block-heading\"><strong>Nuevo consorcio de investigaci\u00f3n sobre el Holocausto en marcha<\/strong><\/h2>\n\n\n\n<p class=\"wp-block-paragraph\">Si la Comisi\u00f3n Europea lo aprueba, los Pa\u00edses Bajos se convertir\u00e1n en la sede de una agencia internacional de investigaci\u00f3n sobre el Holocausto. La idea es que los pa\u00edses participantes en el consorcio (Pa\u00edses Bajos, B\u00e9lgica, Alemania, Israel, Croacia, Austria, Polonia, Rumania, Eslovaquia, la Rep\u00fablica Checa y el Reino Unido) re\u00fanan informaci\u00f3n, incluidas fotograf\u00edas, v\u00eddeos y archivos en papel y digitales.<\/p>\n\n\n\n<p class=\"wp-block-paragraph\">Aunque existe mucha informaci\u00f3n sobre el Holocausto, actualmente est\u00e1 \u201cdispersa entre miles de archivos, bibliotecas, museos y otras instituciones\u201d. Esta fragmentaci\u00f3n, seg\u00fan el ministro de Educaci\u00f3n, Cultura y Ciencia holand\u00e9s,&nbsp;<strong>Eppo Bruins<\/strong>&nbsp;, y&nbsp;<strong>Vincent Karremans<\/strong>&nbsp;, que es el secretario de estado responsable de la memoria de la guerra, dificulta que los investigadores encuentren toda la informaci\u00f3n necesaria. Esto es lo que la oficina de investigaci\u00f3n deber\u00eda intentar solucionar.<\/p>\n\n\n\n<p class=\"wp-block-paragraph\"><em>Este art\u00edculo se publica dos veces por semana. El contenido se basa en noticias de agencias participantes en el enr<\/em>&nbsp;.<\/p>\n","protected":false},"excerpt":{"rendered":"<p>El 2 de agosto se celebra el D\u00eda Europeo de Conmemoraci\u00f3n del Holocausto para los sinti y los roman\u00edes, en conmemoraci\u00f3n del genocidio de estos grupos \u00e9tnicos minoritarios durante la Segunda Guerra Mundial. Incluso hoy, los supervivientes y otros miembros de las comunidades siguen enfrent\u00e1ndose a una discriminaci\u00f3n persistente y a dificultades para integrarse en la sociedad.<\/p>\n","protected":false},"author":49,"featured_media":345839,"comment_status":"closed","ping_status":"closed","sticky":false,"template":"","format":"standard","meta":{"_acf_changed":true,"_et_pb_use_builder":"","_et_pb_old_content":"","_et_gb_content_width":"","footnotes":""},"categories":[39],"tags":[],"class_list":["post-345815","post","type-post","status-publish","format-standard","has-post-thumbnail","hentry","category-key-story"],"acf":[],"_links":{"self":[{"href":"https:\/\/europeannewsroom.com\/es\/wp-json\/wp\/v2\/posts\/345815","targetHints":{"allow":["GET"]}}],"collection":[{"href":"https:\/\/europeannewsroom.com\/es\/wp-json\/wp\/v2\/posts"}],"about":[{"href":"https:\/\/europeannewsroom.com\/es\/wp-json\/wp\/v2\/types\/post"}],"author":[{"embeddable":true,"href":"https:\/\/europeannewsroom.com\/es\/wp-json\/wp\/v2\/users\/49"}],"replies":[{"embeddable":true,"href":"https:\/\/europeannewsroom.com\/es\/wp-json\/wp\/v2\/comments?post=345815"}],"version-history":[{"count":0,"href":"https:\/\/europeannewsroom.com\/es\/wp-json\/wp\/v2\/posts\/345815\/revisions"}],"wp:featuredmedia":[{"embeddable":true,"href":"https:\/\/europeannewsroom.com\/es\/wp-json\/wp\/v2\/media\/345839"}],"wp:attachment":[{"href":"https:\/\/europeannewsroom.com\/es\/wp-json\/wp\/v2\/media?parent=345815"}],"wp:term":[{"taxonomy":"category","embeddable":true,"href":"https:\/\/europeannewsroom.com\/es\/wp-json\/wp\/v2\/categories?post=345815"},{"taxonomy":"post_tag","embeddable":true,"href":"https:\/\/europeannewsroom.com\/es\/wp-json\/wp\/v2\/tags?post=345815"}],"curies":[{"name":"wp","href":"https:\/\/api.w.org\/{rel}","templated":true}]}}