{"id":347349,"date":"2024-08-05T11:17:02","date_gmt":"2024-08-05T09:17:02","guid":{"rendered":"https:\/\/europeannewsroom.com\/?p=347349"},"modified":"2024-08-05T11:17:06","modified_gmt":"2024-08-05T09:17:06","slug":"la-ue-reitera-que-resultados-de-venezuela-no-pueden-ser-reconocidos-sin-evidencias","status":"publish","type":"post","link":"https:\/\/europeannewsroom.com\/es\/la-ue-reitera-que-resultados-de-venezuela-no-pueden-ser-reconocidos-sin-evidencias\/","title":{"rendered":"La UE reitera que resultados de Venezuela no pueden ser reconocidos \u00absin evidencias\u00bb"},"content":{"rendered":"\n<p class=\"wp-block-paragraph\">Madrid\/Bruselas&nbsp; \u2013&nbsp; Los Estados miembros de la Uni\u00f3n Europea han reiterado este domingo que los resultados de las elecciones de Venezuela presentados por el Consejo Nacional Electoral (CNE), que otorgan la victoria al presidente del pa\u00eds, <strong>Nicol\u00e1s Maduro,<\/strong> con el 51 por ciento de los votos, no pueden ser reconocidos \u00absin evidencias que lo apoyen\u00bb, se\u00f1alando que las actas publicadas por la oposici\u00f3n apuntan a un triunfo de su candidato, <strong>Edmundo Gonz\u00e1lez.<\/strong><\/p>\n\n\n\n<p class=\"wp-block-paragraph\">En una declaraci\u00f3n del Alto Representante de la Uni\u00f3n Europea para Pol\u00edtica Exterior, <strong>Josep Borrell,<\/strong> en nombre de los 27, el bloque se\u00f1ala que \u00aba pesar de su propio compromiso, el CNE no ha publicado a\u00fan las actas oficiales de los colegios electorales. Sin pruebas que las respalden, los resultados publicados el 2 de agosto por el CNE no pueden ser reconocidos\u00bb, indica.<\/p>\n\n\n\n<p class=\"wp-block-paragraph\">En este sentido, da un paso m\u00e1s y apunta al triunfo opositor en los comicios presidenciales al se\u00f1alar que las copias de las actas electorales publicadas por la oposici\u00f3n, y revisadas por varias organizaciones independientes, \u00abindican que <strong>Edmundo Gonz\u00e1lez Urrutia<\/strong> parece ser el ganador de las elecciones presidenciales por una mayor\u00eda significativa\u00bb.<\/p>\n\n\n\n<p class=\"wp-block-paragraph\">La declaraci\u00f3n de los 27 lamenta que el retraso de la publicaci\u00f3n de las actas de votaci\u00f3n arrojar\u00e1 \u00abm\u00e1s dudas sobre la credibilidad\u00bb del proceso electoral, del que ya hay informes que indican que \u00abno cumpli\u00f3 las normas internacionales de integridad electoral\u00bb.<\/p>\n\n\n\n<p class=\"wp-block-paragraph\">Por todo ello, la UE insiste en la necesidad de una verificaci\u00f3n independiente de las actas por parte de una \u00abentidad de reputaci\u00f3n internacional\u00bb y el \u00abrespeto de la voluntad del pueblo venezolano\u00bb como forma de que el pa\u00eds salga de su actual crisis humanitaria y econ\u00f3mica.<\/p>\n\n\n\n<p class=\"wp-block-paragraph\">&nbsp;\u00abEn este momento cr\u00edtico es importante que las manifestaciones y protestas sigan siendo pac\u00edficas. La Uni\u00f3n Europea hace un llamamiento a la calma y a la moderaci\u00f3n. Las autoridades venezolanas, incluidas las fuerzas de seguridad, deben respetar plenamente los Derechos Humanos, incluida la libertad de expresi\u00f3n y de reuni\u00f3n\u00bb, ha a\u00f1adido el comunicado de <strong>Borrell <\/strong>en nombre de los 27.<\/p>\n\n\n\n<p class=\"wp-block-paragraph\">Igualmente, el texto muestra su preocupaci\u00f3n por el n\u00famero de detenciones, una cifra que var\u00eda entre 980 &#8211;seg\u00fan la ONG Foro Penal Venezuela&#8211; y 2.000 &#8211;seg\u00fan el propio<strong> Maduro<\/strong>&#8211;, y ha instado a las autoridades a poner fin a los arrestos arbitrarios, a la represi\u00f3n y a la ret\u00f3rica de violencia contra opositores.<\/p>\n\n\n\n<p class=\"wp-block-paragraph\">Se trata de la primera declaraci\u00f3n conjunta de la UE desde el estallido de la crisis en Venezuela despu\u00e9s de un intento fallido la semana pasada por las reticencias de Hungr\u00eda que evit\u00f3 que el texto saliera en nombre de los 27.<\/p>\n\n\n\n<p class=\"wp-block-paragraph\">Por su parte, el mandatario venezolano ha calificado de \u00abverg\u00fcenza\u00bb que<strong> Borrell<\/strong> hable sobre \u00abrepresi\u00f3n\u00bb al mismo tiempo que \u00abllev\u00f3 a Ucrania a una guerra\u00bb y \u00abcalla ante la masacre en Gaza\u00bb.<\/p>\n\n\n\n<p class=\"wp-block-paragraph\">Este mismo s\u00e1bado, los m\u00e1ximos responsables de los gobiernos de Espa\u00f1a, Alemania, Francia, Italia, Pa\u00edses Bajos, Polonia, Portugal ya reclamaron en una declaraci\u00f3n conjunta la publicaci\u00f3n de las actas de las elecciones presidenciales venezolanas y condenaron \u00abcontundentemente\u00bb cualquier detenci\u00f3n.<\/p>\n\n\n\n<p class=\"wp-block-paragraph\">&nbsp;\u00abExpresamos nuestra gran preocupaci\u00f3n por la situaci\u00f3n en Venezuela tras las elecciones presidenciales del pasado domingo\u00bb, rezaba la nota, en la que los firmantes ped\u00edan a las autoridades venezolanas que publicaran \u201cr\u00e1pidamente las actas para garantizar la plena transparencia e integridad del proceso electoral\u00bb.<\/p>\n\n\n\n<p class=\"wp-block-paragraph\">Los siete pa\u00edses destacaron que la verificaci\u00f3n es \u201cesencial para el reconocimiento de la voluntad del pueblo venezolano\u00bb, defendieron el respeto por los derechos de todos los venezolanos en este proceso y condenaron cualquier detenci\u00f3n o amenaza. (3 y 5 de agosto)<\/p>\n","protected":false},"excerpt":{"rendered":"<p>Los 27 han reiterado que los resultados de las elecciones presidenciales de Venezuela no pueden ser reconocidos \u201csin evidencias\u201d y han apuntado al triunfo de la oposici\u00f3n.<\/p>\n","protected":false},"author":121,"featured_media":347352,"comment_status":"closed","ping_status":"closed","sticky":false,"template":"","format":"standard","meta":{"_acf_changed":false,"_et_pb_use_builder":"","_et_pb_old_content":"","_et_gb_content_width":"","footnotes":""},"categories":[45],"tags":[],"class_list":["post-347349","post","type-post","status-publish","format-standard","has-post-thumbnail","hentry","category-europe-in-brief"],"acf":[],"_links":{"self":[{"href":"https:\/\/europeannewsroom.com\/es\/wp-json\/wp\/v2\/posts\/347349","targetHints":{"allow":["GET"]}}],"collection":[{"href":"https:\/\/europeannewsroom.com\/es\/wp-json\/wp\/v2\/posts"}],"about":[{"href":"https:\/\/europeannewsroom.com\/es\/wp-json\/wp\/v2\/types\/post"}],"author":[{"embeddable":true,"href":"https:\/\/europeannewsroom.com\/es\/wp-json\/wp\/v2\/users\/121"}],"replies":[{"embeddable":true,"href":"https:\/\/europeannewsroom.com\/es\/wp-json\/wp\/v2\/comments?post=347349"}],"version-history":[{"count":0,"href":"https:\/\/europeannewsroom.com\/es\/wp-json\/wp\/v2\/posts\/347349\/revisions"}],"wp:featuredmedia":[{"embeddable":true,"href":"https:\/\/europeannewsroom.com\/es\/wp-json\/wp\/v2\/media\/347352"}],"wp:attachment":[{"href":"https:\/\/europeannewsroom.com\/es\/wp-json\/wp\/v2\/media?parent=347349"}],"wp:term":[{"taxonomy":"category","embeddable":true,"href":"https:\/\/europeannewsroom.com\/es\/wp-json\/wp\/v2\/categories?post=347349"},{"taxonomy":"post_tag","embeddable":true,"href":"https:\/\/europeannewsroom.com\/es\/wp-json\/wp\/v2\/tags?post=347349"}],"curies":[{"name":"wp","href":"https:\/\/api.w.org\/{rel}","templated":true}]}}