{"id":353605,"date":"2024-08-07T23:20:14","date_gmt":"2024-08-07T21:20:14","guid":{"rendered":"https:\/\/europeannewsroom.com\/?p=353605"},"modified":"2024-08-07T23:22:20","modified_gmt":"2024-08-07T21:22:20","slug":"de-los-avances-medicos-a-la-descarbonizacion-del-acero-una-mirada-a-la-tecnologia-nuclear-en-la-ue","status":"publish","type":"post","link":"https:\/\/europeannewsroom.com\/es\/de-los-avances-medicos-a-la-descarbonizacion-del-acero-una-mirada-a-la-tecnologia-nuclear-en-la-ue\/","title":{"rendered":"De los avances m\u00e9dicos a la descarbonizaci\u00f3n del acero: una mirada a la tecnolog\u00eda nuclear en la UE"},"content":{"rendered":"\n<p class=\"wp-block-paragraph\">\u201cLas tecnolog\u00edas nucleares pueden desempe\u00f1ar un papel importante en las transiciones hacia energ\u00edas limpias\u201d, afirm\u00f3 la presidenta de la Comisi\u00f3n Europea,&nbsp;<strong>Ursula von der Leyen,<\/strong>&nbsp;en la primera Cumbre sobre Energ\u00eda Nuclear celebrada en marzo. La cumbre hab\u00eda sido organizada por el Organismo Internacional de Energ\u00eda At\u00f3mica (OIEA) y B\u00e9lgica.<\/p>\n\n\n\n<p class=\"wp-block-paragraph\">La conservadora alemana se\u00f1al\u00f3 que es consciente de que en la UE \u201cexisten diferentes puntos de vista\u201d sobre la energ\u00eda nuclear. A\u00f1adi\u00f3 que \u201cmuchos pa\u00edses est\u00e1n reconsiderando el papel potencial que podr\u00eda desempe\u00f1ar la energ\u00eda nuclear\u201d a ra\u00edz de \u201cla crisis energ\u00e9tica mundial provocada por la invasi\u00f3n rusa de Ucrania\u201d. Seg\u00fan von der Leyen, podr\u00eda contribuir a los objetivos clim\u00e1ticos, la seguridad energ\u00e9tica y la estabilizaci\u00f3n de los precios de la energ\u00eda.<\/p>\n\n\n\n<p class=\"wp-block-paragraph\">Las proyecciones de la Agencia Internacional de la Energ\u00eda y de la Comisi\u00f3n Europea para 2050 muestran que la energ\u00eda nuclear crecer\u00e1 y funcionar\u00e1 como complemento a las energ\u00edas renovables, que \u201cser\u00e1n la columna vertebral de la producci\u00f3n energ\u00e9tica de la UE en 2050\u201d, afirm\u00f3.<\/p>\n\n\n\n<p class=\"wp-block-paragraph\">Sin embargo, esta fuente de energ\u00eda ha ido decayendo tanto en la UE como en el resto del mundo: en 1988 representaba el 18% del mix el\u00e9ctrico mundial y en la actualidad representa el 9%. En la UE, su uso se sit\u00faa actualmente en torno al 22%, cuando en los a\u00f1os 90 a\u00fan generaba un tercio de la electricidad de Europa.<\/p>\n\n\n\n<p class=\"wp-block-paragraph\">Von der Leyen se posicion\u00f3 a favor de extender la vida \u00fatil de las plantas nucleares en uso \u201csiempre que, por supuesto, su funcionamiento sea seguro\u201d, ya que es \u201cuna de las formas m\u00e1s baratas de garantizar energ\u00eda limpia a gran escala\u201d.&nbsp;<\/p>\n\n\n\n<p class=\"wp-block-paragraph\">El Consejo Europeo incluy\u00f3 la energ\u00eda nuclear entre las tecnolog\u00edas estrat\u00e9gicas para la neutralidad clim\u00e1tica y, como forma de acelerar la reducci\u00f3n de emisiones, la incorpor\u00f3 al documento de conclusiones de la \u00faltima Cumbre del Clima (COP28), una primicia hist\u00f3rica.<\/p>\n\n\n\n<p class=\"wp-block-paragraph\">La energ\u00eda nuclear ha ido ganando espacio en el tratamiento financiero que recibe en la UE, pero todav\u00eda no goza de las mismas simpat\u00edas que las renovables.<\/p>\n\n\n\n<h2 class=\"wp-block-heading\">(Algunos) Estados miembros de la UE exigen m\u00e1s dinero para la energ\u00eda nuclear<\/h2>\n\n\n\n<p class=\"wp-block-paragraph\">En marzo, los doce estados miembros de la UE agrupados en la Alianza Nuclear Europea exigieron m\u00e1s financiaci\u00f3n para la energ\u00eda nuclear y pidieron que las instituciones financieras la traten del mismo modo que la energ\u00eda renovable.<\/p>\n\n\n\n<p class=\"wp-block-paragraph\">\u201cSe deben aprovechar todas las tecnolog\u00edas netas cero, incluida la energ\u00eda nuclear y la cadena de valor; para ello, se explorar\u00e1n las posibilidades y los beneficios de los instrumentos de financiaci\u00f3n, como el apoyo del BEI [Banco Europeo de Inversiones] y el Fondo de Innovaci\u00f3n\u201d, afirma la declaraci\u00f3n de la alianza tras la primera Cumbre de Energ\u00eda Nuclear.<\/p>\n\n\n\n<p class=\"wp-block-paragraph\">Bulgaria, Croacia, Finlandia, Francia, Hungr\u00eda, Pa\u00edses Bajos, Polonia, Rumania, Eslovaquia, Eslovenia, Rep\u00fablica Checa y Suecia se comprometen a \u201cdesarrollar el acceso a la financiaci\u00f3n privada y p\u00fablica y explorar las posibilidades y beneficios de los instrumentos de financiaci\u00f3n europeos\u201d.<\/p>\n\n\n\n<p class=\"wp-block-paragraph\">Se\u00f1alan como objetivo espec\u00edfico \u201capoyar los reactores a gran escala, las tecnolog\u00edas SMR y [la] cadena de valor europea asociada\u201d con la energ\u00eda at\u00f3mica, lo que requiere combustible enriquecido y sistemas de gesti\u00f3n de residuos radiactivos, entre otros.<\/p>\n\n\n\n<p class=\"wp-block-paragraph\">La alianza se lanz\u00f3 en 2023 para apoyar una fuente de generaci\u00f3n de energ\u00eda que los estados miembros de la UE, Alemania, Luxemburgo, Espa\u00f1a o Dinamarca, no apoyan.<\/p>\n\n\n\n<p class=\"wp-block-paragraph\">En Alemania, las tres \u00faltimas centrales nucleares dejaron de funcionar en abril de 2023, pero los llamamientos a volver a la energ\u00eda nuclear son cada vez m\u00e1s fuertes.<\/p>\n\n\n\n<p class=\"wp-block-paragraph\">En diciembre de 2023, el Gobierno espa\u00f1ol aprob\u00f3 el VII Plan General de Residuos Radiactivos, que establece la pol\u00edtica del Gobierno en materia de gesti\u00f3n de los residuos radiactivos, incluido el combustible nuclear gastado, y el desmantelamiento y clausura de las instalaciones nucleares. Tambi\u00e9n estableci\u00f3 un calendario de cierre de las centrales nucleares entre 2027 y 2035.<\/p>\n\n\n\n<p class=\"wp-block-paragraph\">Sin embargo, tambi\u00e9n hay opositores al cierre, como por ejemplo el presidente de Foro Nuclear, Ignacio Araluce, que ha asegurado que las centrales \u201cson necesarias para el sistema\u201d y que Espa\u00f1a \u201cse est\u00e1 quedando sola\u201d en su idea de cerrar las centrales nucleares.<\/p>\n\n\n\n<h2 class=\"wp-block-heading\">Apoyo de la UE a la producci\u00f3n de minirreactores&nbsp;<\/h2>\n\n\n\n<p class=\"wp-block-paragraph\">La Comisi\u00f3n Europea apoya activamente el desarrollo de peque\u00f1os reactores modulares, dentro de una carrera tecnol\u00f3gica en la que la UE va a la zaga de China, Estados Unidos y Rusia.<\/p>\n\n\n\n<p class=\"wp-block-paragraph\">La Comisi\u00f3n Europea puso en marcha el pasado mes de febrero la Alianza Industrial Europea sobre SMR junto con la recomendaci\u00f3n sobre el objetivo clim\u00e1tico intermedio para 2040, subrayando el potencial de la energ\u00eda at\u00f3mica entre las tecnolog\u00edas bajas en carbono que pueden ayudar a la UE a reducir las emisiones. La iniciativa re\u00fane a gobiernos, actores de la industria y partes interesadas que buscan acelerar el desarrollo del sector.<\/p>\n\n\n\n<p class=\"wp-block-paragraph\">Los reactores modulares peque\u00f1os son reactores nucleares que son m\u00e1s peque\u00f1os, tanto en potencia como en tama\u00f1o f\u00edsico, en comparaci\u00f3n con las centrales el\u00e9ctricas tradicionales a escala de gigavatios.&nbsp;<\/p>\n\n\n\n<h2 class=\"wp-block-heading\">La innovaci\u00f3n holandesa prev\u00e9 reutilizar los residuos nucleares<\/h2>\n\n\n\n<p class=\"wp-block-paragraph\">La start-up holandesa Thorizon recibir\u00e1 una subvenci\u00f3n de diez millones de euros del gobierno franc\u00e9s. Con ello, la empresa con sede en \u00c1msterdam quiere acelerar el desarrollo de un peque\u00f1o reactor nuclear que utilice residuos nucleares de centrales el\u00e9ctricas convencionales como combustible. Seg\u00fan la empresa, una de estas centrales podr\u00eda suministrar energ\u00eda limpia a 250.000 hogares.<\/p>\n\n\n\n<p class=\"wp-block-paragraph\">El nuevo reactor nuclear ser\u00e1 m\u00e1s sostenible, m\u00e1s barato y m\u00e1s seguro que los reactores nucleares convencionales. \u201cNuestro dise\u00f1o es \u00fanico porque utiliza cartuchos reemplazables en el n\u00facleo del reactor. Esto nos permite trabajar con materiales que no necesitan soportar las condiciones del reactor durante 50 o 100 a\u00f1os\u201d, explic\u00f3&nbsp;<strong>Kiki Lauwers<\/strong>&nbsp;, directora general de Thorizon .<\/p>\n\n\n\n<h2 class=\"wp-block-heading\">Cooperaci\u00f3n nuclear franco-italiana para combatir las emisiones de la industria sider\u00fargica<\/h2>\n\n\n\n<p class=\"wp-block-paragraph\">En julio, el grupo el\u00e9ctrico franc\u00e9s EDF anunci\u00f3 que hab\u00eda firmado un acuerdo de cooperaci\u00f3n nuclear en Italia con la federaci\u00f3n de industrias del acero para acelerar la descarbonizaci\u00f3n del sector en un pa\u00eds que ha estado libre de energ\u00eda nuclear durante casi 35 a\u00f1os.<\/p>\n\n\n\n<p class=\"wp-block-paragraph\">El acuerdo tiene como objetivo \u201cpromover la cooperaci\u00f3n en el uso de la energ\u00eda nuclear para impulsar la competitividad y la descarbonizaci\u00f3n de la industria sider\u00fargica italiana\u201d, afirma EDF en un comunicado de prensa. La industria sider\u00fargica es un importante emisor de gases de efecto invernadero.&nbsp;<\/p>\n\n\n\n<p class=\"wp-block-paragraph\">El memorando de entendimiento fue firmado con la compa\u00f1\u00eda energ\u00e9tica italiana Edison, el fabricante italiano de centrales el\u00e9ctricas Ansaldo Energia, el desarrollador de tecnolog\u00eda nuclear Ansaldo Nucleare y Federacciai, la federaci\u00f3n de la industria sider\u00fargica italiana.<\/p>\n\n\n\n<p class=\"wp-block-paragraph\">\u201cEsto supone un nuevo avance en el establecimiento de una agenda para el desarrollo de nueva energ\u00eda nuclear en Italia\u201d, afirm\u00f3&nbsp;<strong>Nicola Monti<\/strong>&nbsp;, consejero delegado de Edison, citado en el comunicado de prensa.<\/p>\n\n\n\n<p class=\"wp-block-paragraph\">Italia no produce energ\u00eda nuclear desde la d\u00e9cada de 1990, tras la decisi\u00f3n del pa\u00eds, en refer\u00e9ndum, de retirarse de la energ\u00eda nuclear civil en 1987 tras el accidente de Chern\u00f3bil.<\/p>\n\n\n\n<h2 class=\"wp-block-heading\">Reactor nuclear para fines m\u00e9dicos<\/h2>\n\n\n\n<p class=\"wp-block-paragraph\">A finales de julio, la Comisi\u00f3n Europea aprob\u00f3 una subvenci\u00f3n de dos mil millones de euros para la construcci\u00f3n de un nuevo reactor nuclear en la localidad holandesa de Petten. El reactor, que no genera electricidad, est\u00e1 destinado, entre otras cosas, a desarrollar y almacenar radiois\u00f3topos m\u00e9dicos para el tratamiento del c\u00e1ncer en el marco del proyecto m\u00e9dico PALLAS.<\/p>\n\n\n\n<p class=\"wp-block-paragraph\">Como es obligatorio en virtud de los acuerdos de competencia europeos, los Pa\u00edses Bajos hab\u00edan solicitado a Bruselas autorizaci\u00f3n para la subvenci\u00f3n de la construcci\u00f3n.&nbsp;<\/p>\n\n\n\n<p class=\"wp-block-paragraph\">Seg\u00fan la comisaria europea de Competencia,&nbsp;<strong>Margrethe Vestager<\/strong>&nbsp;, la solicitud fue aprobada porque el proyecto PALLAS contribuye a garantizar la disponibilidad de medicamentos esenciales para el mercado europeo. El proyecto tambi\u00e9n puede aportar \u201cuna innovaci\u00f3n revolucionaria\u201d en tecnolog\u00eda nuclear que beneficie a los ciudadanos europeos.<\/p>\n\n\n\n<p class=\"wp-block-paragraph\"><em>Este art\u00edculo se publica dos veces por semana. El contenido se basa en noticias de agencias participantes en el enr<\/em>&nbsp;.<\/p>\n","protected":false},"excerpt":{"rendered":"<p>La energ\u00eda nuclear est\u00e1 generando muchos debates, tambi\u00e9n entre los estados miembros de la Uni\u00f3n Europea. Aun as\u00ed, el bloque est\u00e1 considerando la tecnolog\u00eda nuclear, en parte en un intento de lograr sus objetivos clim\u00e1ticos. La innovaci\u00f3n holandesa apunta a la reutilizaci\u00f3n de los desechos nucleares y una cooperaci\u00f3n franco-italiana quiere acelerar la descarbonizaci\u00f3n de la industria sider\u00fargica, que genera altas emisiones.<\/p>\n","protected":false},"author":49,"featured_media":353606,"comment_status":"closed","ping_status":"closed","sticky":false,"template":"","format":"standard","meta":{"_acf_changed":true,"_et_pb_use_builder":"","_et_pb_old_content":"","_et_gb_content_width":"","footnotes":""},"categories":[39],"tags":[2257],"class_list":["post-353605","post","type-post","status-publish","format-standard","has-post-thumbnail","hentry","category-key-story","tag-nuclear"],"acf":[],"_links":{"self":[{"href":"https:\/\/europeannewsroom.com\/es\/wp-json\/wp\/v2\/posts\/353605","targetHints":{"allow":["GET"]}}],"collection":[{"href":"https:\/\/europeannewsroom.com\/es\/wp-json\/wp\/v2\/posts"}],"about":[{"href":"https:\/\/europeannewsroom.com\/es\/wp-json\/wp\/v2\/types\/post"}],"author":[{"embeddable":true,"href":"https:\/\/europeannewsroom.com\/es\/wp-json\/wp\/v2\/users\/49"}],"replies":[{"embeddable":true,"href":"https:\/\/europeannewsroom.com\/es\/wp-json\/wp\/v2\/comments?post=353605"}],"version-history":[{"count":0,"href":"https:\/\/europeannewsroom.com\/es\/wp-json\/wp\/v2\/posts\/353605\/revisions"}],"wp:featuredmedia":[{"embeddable":true,"href":"https:\/\/europeannewsroom.com\/es\/wp-json\/wp\/v2\/media\/353606"}],"wp:attachment":[{"href":"https:\/\/europeannewsroom.com\/es\/wp-json\/wp\/v2\/media?parent=353605"}],"wp:term":[{"taxonomy":"category","embeddable":true,"href":"https:\/\/europeannewsroom.com\/es\/wp-json\/wp\/v2\/categories?post=353605"},{"taxonomy":"post_tag","embeddable":true,"href":"https:\/\/europeannewsroom.com\/es\/wp-json\/wp\/v2\/tags?post=353605"}],"curies":[{"name":"wp","href":"https:\/\/api.w.org\/{rel}","templated":true}]}}