{"id":353628,"date":"2024-08-07T23:32:46","date_gmt":"2024-08-07T21:32:46","guid":{"rendered":"https:\/\/europeannewsroom.com\/?p=353628"},"modified":"2024-08-07T23:32:49","modified_gmt":"2024-08-07T21:32:49","slug":"los-negociadores-del-mercosur-y-la-ue-se-citaran-en-brasilia-en-septiembre","status":"publish","type":"post","link":"https:\/\/europeannewsroom.com\/es\/los-negociadores-del-mercosur-y-la-ue-se-citaran-en-brasilia-en-septiembre\/","title":{"rendered":"Los negociadores del Mercosur y la UE se citar\u00e1n en Brasilia en septiembre"},"content":{"rendered":"\n<p class=\"wp-block-paragraph\">Brasilia &#8211; Los negociadores del Mercosur y de la Uni\u00f3n Europea (UE) se citar\u00e1n en Brasilia entre los pr\u00f3ximos d\u00edas 4 y 6 septiembre para la primera reuni\u00f3n presencial entre ambos desde el pasado abril, informaron este mi\u00e9rcoles fuentes oficiales brasile\u00f1as.<\/p>\n\n\n\n<p class=\"wp-block-paragraph\">Las negociaciones a nivel t\u00e9cnico entre ambos bloques, que discuten un acuerdo comercial desde hace dos d\u00e9cadas, no se han detenido en ning\u00fan momento, seg\u00fan dijo a EFE una fuente de la Canciller\u00eda brasile\u00f1a.<\/p>\n\n\n\n<p class=\"wp-block-paragraph\">Los bloques comerciales llegaron a un acuerdo de principios en 2019, pero las discusiones finales se estancaron debido a las nuevas exigencias medioambientales introducidas el a\u00f1o pasado por un grupo de pa\u00edses europeos, que el Mercosur considera proteccionistas.<\/p>\n\n\n\n<p class=\"wp-block-paragraph\">El presidente franc\u00e9s, <strong>Emmanuel Macron<\/strong>, ha sido una de las autoridades m\u00e1s cr\u00edticas con los t\u00e9rminos del acuerdo por considerar que est\u00e1 \u00abobsoleto\u00bb porque no contempla medidas para proteger el medioambiente.<\/p>\n\n\n\n<p class=\"wp-block-paragraph\">En concreto, Macron ha criticado las supuestas ventajas que el acuerdo ofrecer\u00eda a los agricultores de los pa\u00edses suramericanos, se\u00f1alando que la legislaci\u00f3n medioambiental de estos pa\u00edses es menos restrictiva que la europea.<\/p>\n\n\n\n<p class=\"wp-block-paragraph\">No obstante, los Gobiernos de pa\u00edses como Espa\u00f1a o Brasil reiteran que las negociaciones siguen adelante y podr\u00edan concluir en un acuerdo este mismo a\u00f1o.<\/p>\n\n\n\n<p class=\"wp-block-paragraph\">El pasado junio, el canciller brasile\u00f1o,<strong> Mauro Vieira<\/strong>, asegur\u00f3 que el propio Macron, durante una reuni\u00f3n que sostuvo con el presidente brasile\u00f1o, Luiz In\u00e1cio Lula da Silva, en el marco de la reciente cumbre del G7 en Italia, sugiri\u00f3 que podr\u00eda \u00abvolver a examinar\u00bb el asunto. (7 de agosto) <\/p>\n","protected":false},"excerpt":{"rendered":"<p>Los bloques comerciales llegaron a un acuerdo de principios en 2019, pero las discusiones finales se estancaron debido a las nuevas exigencias medioambientales introducidas el a\u00f1o pasado por un grupo de pa\u00edses europeos, que el Mercosur considera proteccionistas.<\/p>\n","protected":false},"author":49,"featured_media":353629,"comment_status":"closed","ping_status":"closed","sticky":false,"template":"","format":"standard","meta":{"_acf_changed":false,"_et_pb_use_builder":"","_et_pb_old_content":"","_et_gb_content_width":"","footnotes":""},"categories":[45],"tags":[7701],"class_list":["post-353628","post","type-post","status-publish","format-standard","has-post-thumbnail","hentry","category-europe-in-brief","tag-mercosur"],"acf":[],"_links":{"self":[{"href":"https:\/\/europeannewsroom.com\/es\/wp-json\/wp\/v2\/posts\/353628","targetHints":{"allow":["GET"]}}],"collection":[{"href":"https:\/\/europeannewsroom.com\/es\/wp-json\/wp\/v2\/posts"}],"about":[{"href":"https:\/\/europeannewsroom.com\/es\/wp-json\/wp\/v2\/types\/post"}],"author":[{"embeddable":true,"href":"https:\/\/europeannewsroom.com\/es\/wp-json\/wp\/v2\/users\/49"}],"replies":[{"embeddable":true,"href":"https:\/\/europeannewsroom.com\/es\/wp-json\/wp\/v2\/comments?post=353628"}],"version-history":[{"count":0,"href":"https:\/\/europeannewsroom.com\/es\/wp-json\/wp\/v2\/posts\/353628\/revisions"}],"wp:featuredmedia":[{"embeddable":true,"href":"https:\/\/europeannewsroom.com\/es\/wp-json\/wp\/v2\/media\/353629"}],"wp:attachment":[{"href":"https:\/\/europeannewsroom.com\/es\/wp-json\/wp\/v2\/media?parent=353628"}],"wp:term":[{"taxonomy":"category","embeddable":true,"href":"https:\/\/europeannewsroom.com\/es\/wp-json\/wp\/v2\/categories?post=353628"},{"taxonomy":"post_tag","embeddable":true,"href":"https:\/\/europeannewsroom.com\/es\/wp-json\/wp\/v2\/tags?post=353628"}],"curies":[{"name":"wp","href":"https:\/\/api.w.org\/{rel}","templated":true}]}}