{"id":356623,"date":"2024-08-09T17:54:25","date_gmt":"2024-08-09T15:54:25","guid":{"rendered":"https:\/\/europeannewsroom.com\/?p=356623"},"modified":"2024-08-09T17:54:27","modified_gmt":"2024-08-09T15:54:27","slug":"los-jovenes-y-la-ue-a-que-retos-se-enfrentan-y-como-la-ven","status":"publish","type":"post","link":"https:\/\/europeannewsroom.com\/es\/los-jovenes-y-la-ue-a-que-retos-se-enfrentan-y-como-la-ven\/","title":{"rendered":"Los j\u00f3venes y la UE: \u00bfA qu\u00e9 retos se enfrentan y c\u00f3mo la ven?"},"content":{"rendered":"\n<p class=\"wp-block-paragraph\">En noviembre de 2018, el Consejo de la Uni\u00f3n Europea y los representantes de los gobiernos de los Estados miembros adoptaron la Estrategia de la UE para la Juventud, un marco para la cooperaci\u00f3n de la UE en materia de pol\u00edtica de juventud para el per\u00edodo 2019-2027.&nbsp;<\/p>\n\n\n\n<p class=\"wp-block-paragraph\">Esta Estrategia de la UE para la Juventud se centra en cinco principios y objetivos: participaci\u00f3n y actividad, empleo y aprendizaje, educaci\u00f3n y ciencia, movilidad estudiantil y apoyo a iniciativas y proyectos juveniles.<\/p>\n\n\n\n<p class=\"wp-block-paragraph\">La estrategia pretende reforzar los v\u00ednculos con la UE, mejorar la calidad de la educaci\u00f3n y reducir el desempleo juvenil. \u00bfC\u00f3mo se encuentran los j\u00f3venes europeos cinco a\u00f1os despu\u00e9s de la adopci\u00f3n de la estrategia? \u00bfEn qu\u00e9 medida se identifican con la UE? \u00bfY cu\u00e1les son, en su opini\u00f3n, los principales beneficios de la pertenencia a la UE?<\/p>\n\n\n\n<h2 class=\"wp-block-heading\">Identificaci\u00f3n con Europa, mayor identificaci\u00f3n con el pa\u00eds de origen&nbsp;<\/h2>\n\n\n\n<p class=\"wp-block-paragraph\">Los j\u00f3venes siguen teniendo una visi\u00f3n europea, seg\u00fan el \u201cEurobar\u00f3metro sobre Juventud y Democracia\u201d publicado por la Comisi\u00f3n Europea antes de las elecciones europeas de junio.<\/p>\n\n\n\n<p class=\"wp-block-paragraph\">M\u00e1s del 43 por ciento de los encuestados ha participado en actividades en otro pa\u00eds de la UE. Algunos ejemplos comunes son estudiar o formarse (16 por ciento), hacer voluntariado (12 por ciento) o trabajar (12 por ciento). Casi la mitad de los j\u00f3venes encuestados (49 por ciento) afirman conocer las oportunidades de financiaci\u00f3n que ofrece Erasmus+, el programa de la UE para la educaci\u00f3n, la formaci\u00f3n, la juventud y el deporte. El 67 por ciento de los j\u00f3venes europeos cree que la UE tiene al menos alg\u00fan impacto en su vida diaria, mientras que el 26 por ciento dice que no y el 7 por ciento no lo sabe.<\/p>\n\n\n\n<p class=\"wp-block-paragraph\">A pesar de un alto nivel de identificaci\u00f3n con la UE, muchos j\u00f3venes europeos se definen en t\u00e9rminos de su nacionalidad m\u00e1s que de su identidad europea.<\/p>\n\n\n\n<p class=\"wp-block-paragraph\">Por ejemplo, el 79 por ciento de los j\u00f3venes italianos se definen con orgullo como \u00abhijos de Europa\u00bb y, al mismo tiempo, 8 de cada 10 j\u00f3venes se sienten m\u00e1s italianos que europeos. Son los resultados de una encuesta realizada por el portal Skuola.net sobre una muestra de 3.100 chicas y chicos italianos de entre 13 y 29 a\u00f1os, antes de las elecciones europeas de 2024.<\/p>\n\n\n\n<p class=\"wp-block-paragraph\">Sin embargo, no todos los pa\u00edses tienen j\u00f3venes que se identifiquen fuertemente con la UE. El informe, basado en datos de GLOBSEC de 2023 y 2024 sobre la opini\u00f3n p\u00fablica b\u00falgara en relaci\u00f3n con dimensiones clave de las actitudes sociopol\u00edticas nacionales e internacionales, se\u00f1ala que el 71 por ciento de los j\u00f3venes b\u00falgaros perciben a la UE como dictatorial. Esto se refleja en la percepci\u00f3n muy fuerte de que \u201cla UE dicta lo que hay que hacer sin que Bulgaria tenga el poder de influir en ella\u201d.<\/p>\n\n\n\n<h2 class=\"wp-block-heading\">Paz y libertad para viajar: logros importantes y grandes expectativas<\/h2>\n\n\n\n<p class=\"wp-block-paragraph\">Seg\u00fan el estudio \u201cYoung Europe 2024\u201d, realizado por la empresa de an\u00e1lisis de datos YouGov para la fundaci\u00f3n alemana TUI Care,&nbsp;alrededor de la mitad de los j\u00f3venes europeos considera que la&nbsp;<strong>libertad de movimiento es uno de los logros m\u00e1s importantes de la UE. Otros logros importantes citados por los j\u00f3venes incluyen&nbsp;<\/strong><strong>la libertad de movimiento para trabajar y estudiar en la UE<\/strong>&nbsp;, el&nbsp;<strong>euro como moneda com\u00fan<\/strong>&nbsp;y&nbsp;<strong>programas de intercambio como ERASMUS+<\/strong>&nbsp;.<\/p>\n\n\n\n<p class=\"wp-block-paragraph\">La encuesta realizada por el portal Skuola.net muestra: Para los j\u00f3venes italianos, los aspectos menos favorables son las restricciones econ\u00f3micas a las que debe someterse el pa\u00eds para ser parte de la UE (40 por ciento), la gesti\u00f3n de los inmigrantes (25 por ciento) y, finalmente, la dependencia de Italia de naciones m\u00e1s fuertes (19 por ciento) en muchos aspectos de la pol\u00edtica comunitaria.&nbsp;<\/p>\n\n\n\n<p class=\"wp-block-paragraph\">Seg\u00fan la encuesta del Eurobar\u00f3metro de mayo, las expectativas de los j\u00f3venes eslovenos respecto de la UE son la&nbsp;<strong>preservaci\u00f3n de la paz, el fortalecimiento de la seguridad internacional y el fomento de la cooperaci\u00f3n internacional<\/strong>&nbsp;. Los eslovenos tambi\u00e9n est\u00e1n por encima de la media europea en sus expectativas respecto de la&nbsp;<strong>lucha contra la pobreza y la desigualdad econ\u00f3mica y social.<\/strong><\/p>\n\n\n\n<h2 class=\"wp-block-heading\">El desempleo, el coste de la vivienda y la dependencia financiera preocupan a los j\u00f3venes europeos<\/h2>\n\n\n\n<p class=\"wp-block-paragraph\">Seg\u00fan el estudio \u201cYoung Europe 2024\u201d, los j\u00f3venes consideran que la migraci\u00f3n, el cambio clim\u00e1tico y la pol\u00edtica econ\u00f3mica son los temas pol\u00edticos actuales m\u00e1s importantes en la UE. Sin embargo, en muchos pa\u00edses los j\u00f3venes tambi\u00e9n se preocupan por su situaci\u00f3n financiera personal y su nivel de vida.&nbsp;<\/p>\n\n\n\n<p class=\"wp-block-paragraph\">En Eslovenia, los principales problemas de los j\u00f3venes est\u00e1n relacionados con la&nbsp;<strong>falta de viviendas asequibles<\/strong>&nbsp;y de empleos regulares, a pesar de que Eslovenia tiene una de las tasas de desempleo m\u00e1s bajas entre los menores de 25 a\u00f1os, seg\u00fan datos de Eurostat de junio. La tasa en el pa\u00eds se sit\u00faa en el 7,8%, en comparaci\u00f3n con una tasa del 14,4% en toda la UE. Debido a la escasez de viviendas y&nbsp;<strong>la falta de empleos regulares,<\/strong>&nbsp;los j\u00f3venes se independizan de sus padres m\u00e1s tarde. Tambi\u00e9n es preocupante la creciente incidencia de&nbsp;<strong>problemas de salud mental<\/strong>&nbsp;entre los j\u00f3venes, tambi\u00e9n a ra\u00edz de la pandemia.&nbsp;<\/p>\n\n\n\n<p class=\"wp-block-paragraph\">Seg\u00fan una encuesta nacional titulada \u201cLos j\u00f3venes en Ruman\u00eda en el a\u00f1o electoral 2024\u201d, realizada por el Instituto Rumano de Evaluaci\u00f3n y Estrategia (IRES) , la&nbsp;<strong>falta de empleos bien remunerados<\/strong>&nbsp;, la&nbsp;<strong>falta de calidad del sistema educativo<\/strong>&nbsp;y&nbsp;<strong>los problemas relacionados con el nivel de vida<\/strong>&nbsp;siguen siendo los principales desaf\u00edos para los j\u00f3venes rumanos. La encuesta revel\u00f3 que la UE es la segunda instituci\u00f3n en la que m\u00e1s se conf\u00eda (51 por ciento), despu\u00e9s del mundo acad\u00e9mico (56 por ciento), mientras que la prensa es una de las que menos confianza despierta.&nbsp;<\/p>\n\n\n\n<p class=\"wp-block-paragraph\">Seg\u00fan el Eurobar\u00f3metro sobre juventud y democracia publicado por la Comisi\u00f3n Europea en mayo antes de las elecciones al Parlamento Europeo, Ruman\u00eda registr\u00f3 los porcentajes m\u00e1s altos de la UE en t\u00e9rminos de participaci\u00f3n de los j\u00f3venes en el cambio de la sociedad (57 por ciento) y del impacto de las acciones de la UE en su vida diaria (41 por ciento).<\/p>\n\n\n\n<p class=\"wp-block-paragraph\">M\u00e1s de un tercio de los j\u00f3venes rumanos tienen poca o ninguna confianza en la democracia del pa\u00eds. El inter\u00e9s de los j\u00f3venes por la pol\u00edtica es bajo (solo el 6 por ciento). La falta de esperanza lleva a dos de cada tres j\u00f3venes rumanos a considerar la posibilidad de emigrar temporal o definitivamente desde Ruman\u00eda, y el 68 por ciento de ellos cree que el pa\u00eds va por el camino equivocado.<br><br>Para los j\u00f3venes espa\u00f1oles,&nbsp;<strong>el desempleo<\/strong>&nbsp;sigue siendo el mayor problema: uno de cada cuatro j\u00f3venes sigue sin empleo. Seg\u00fan Eurostat, Espa\u00f1a fue el estado miembro de la UE con la tasa de desempleo juvenil m\u00e1s alta en junio de este a\u00f1o, con un 25,9 por ciento. La media de la UE fue del 14,4 por ciento.<\/p>\n\n\n\n<h2 class=\"wp-block-heading\">El sentimiento entre los j\u00f3venes en los pa\u00edses candidatos a la adhesi\u00f3n<\/h2>\n\n\n\n<p class=\"wp-block-paragraph\">La luz verde dada a&nbsp;<strong>Bosnia y Herzegovina<\/strong>&nbsp;para iniciar negociaciones con la Uni\u00f3n Europea en marzo de este a\u00f1o marc\u00f3 un importante paso adelante en el proceso de adhesi\u00f3n a la UE y brind\u00f3 numerosas oportunidades para mejorar las condiciones de la juventud del pa\u00eds.<\/p>\n\n\n\n<p class=\"wp-block-paragraph\">Existe un&nbsp;<strong>inter\u00e9s<\/strong>&nbsp;visible entre los j\u00f3venes de Bosnia y Herzegovina por&nbsp;<strong>integrarse en la Uni\u00f3n Europea<\/strong>&nbsp;, sin embargo, muchos se muestran esc\u00e9pticos debido al lento avance de las reformas y a los obst\u00e1culos pol\u00edticos dentro del pa\u00eds. El informe de la Comisi\u00f3n Europea de 2023 afirma que el clima pol\u00edtico a menudo se ve afectado por las tensiones \u00e9tnicas y la ret\u00f3rica que socava las instituciones estatales, lo que complica a\u00fan m\u00e1s el proceso de integraci\u00f3n en la UE.<\/p>\n\n\n\n<p class=\"wp-block-paragraph\">Adem\u00e1s, una encuesta de USAID de 2022 mostr\u00f3 que los j\u00f3venes de Bosnia y Herzegovina son, en general, pesimistas sobre la situaci\u00f3n del pa\u00eds, especialmente debido a los&nbsp;<strong>altos niveles de desempleo y corrupci\u00f3n<\/strong>&nbsp;. Aunque algunos aspectos est\u00e1n mejorando, la confianza en las instituciones pol\u00edticas sigue siendo baja, lo que afecta a sus percepciones sobre la integraci\u00f3n en la UE.<\/p>\n\n\n\n<p class=\"wp-block-paragraph\">A pesar de estos desaf\u00edos, muchos j\u00f3venes siguen considerando que la Uni\u00f3n Europea es un factor clave para el futuro progreso de Bosnia y Herzegovina. Por lo tanto, la implementaci\u00f3n de las reformas necesarias y el logro de un resultado positivo en las negociaciones de la UE podr\u00edan generar cambios significativos, mejorar las condiciones de los j\u00f3venes y fortalecer su sentimiento de pertenencia a los valores europeos.<\/p>\n\n\n\n<p class=\"wp-block-paragraph\">Mientras tanto, muchos j\u00f3venes de Bosnia y Herzegovina se han trasladado a la UE en busca de mejores condiciones de vida, en lugar de esperar a que los est\u00e1ndares europeos lleguen a Bosnia y Herzegovina.<\/p>\n\n\n\n<p class=\"wp-block-paragraph\">La UE llev\u00f3 a cabo e implement\u00f3 estrategias para apoyar a los j\u00f3venes de&nbsp;<strong>Macedonia del Norte<\/strong>&nbsp;en su&nbsp;<strong>desarrollo educativo, profesional y personal<\/strong>&nbsp;, principalmente&nbsp;<strong>estimulando la participaci\u00f3n de los j\u00f3venes en la sociedad civil<\/strong>&nbsp;.&nbsp;<\/p>\n\n\n\n<p class=\"wp-block-paragraph\">El informe de 2023 de la Comisi\u00f3n Europea sobre Macedonia del Norte se\u00f1ala que, a trav\u00e9s del programa de Garant\u00eda Juvenil Europea, se han proporcionado beneficios a m\u00e1s de 9.400 j\u00f3venes en las regiones de Macedonia del Norte con las tasas de desempleo juvenil m\u00e1s altas.<\/p>\n\n\n\n<p class=\"wp-block-paragraph\">Sin embargo, las encuestas de opini\u00f3n p\u00fablica muestran que los j\u00f3venes de Macedonia del Norte son pesimistas respecto del compromiso y las verdaderas intenciones de los pol\u00edticos de lograr cambios positivos en el pa\u00eds. Una encuesta realizada por la ONG Societas Civilis, con sede en Skopje, en cooperaci\u00f3n con la Fundaci\u00f3n Konrad Adenauer, muestra que solo el 53 por ciento de la poblaci\u00f3n de entre 18 y 24 a\u00f1os apoya plenamente la adhesi\u00f3n de Macedonia del Norte a la UE.<\/p>\n\n\n\n<p class=\"wp-block-paragraph\"><em>Este art\u00edculo se publica dos veces por semana. El contenido se basa en noticias de agencias participantes en el enr<\/em>&nbsp;.<\/p>\n","protected":false},"excerpt":{"rendered":"<p>Cinco a\u00f1os despu\u00e9s del lanzamiento de la Estrategia de la UE para la Juventud, los j\u00f3venes europeos se enfrentan a una relaci\u00f3n compleja con la UE. Si bien muchos sienten una fuerte conexi\u00f3n con Europa, cuestiones como el desempleo, la escasez de viviendas y la dependencia financiera siguen siendo una preocupaci\u00f3n importante.<\/p>\n","protected":false},"author":49,"featured_media":356624,"comment_status":"closed","ping_status":"closed","sticky":false,"template":"","format":"standard","meta":{"_acf_changed":true,"_et_pb_use_builder":"","_et_pb_old_content":"","_et_gb_content_width":"","footnotes":""},"categories":[39],"tags":[777],"class_list":["post-356623","post","type-post","status-publish","format-standard","has-post-thumbnail","hentry","category-key-story","tag-ue-4"],"acf":[],"_links":{"self":[{"href":"https:\/\/europeannewsroom.com\/es\/wp-json\/wp\/v2\/posts\/356623","targetHints":{"allow":["GET"]}}],"collection":[{"href":"https:\/\/europeannewsroom.com\/es\/wp-json\/wp\/v2\/posts"}],"about":[{"href":"https:\/\/europeannewsroom.com\/es\/wp-json\/wp\/v2\/types\/post"}],"author":[{"embeddable":true,"href":"https:\/\/europeannewsroom.com\/es\/wp-json\/wp\/v2\/users\/49"}],"replies":[{"embeddable":true,"href":"https:\/\/europeannewsroom.com\/es\/wp-json\/wp\/v2\/comments?post=356623"}],"version-history":[{"count":0,"href":"https:\/\/europeannewsroom.com\/es\/wp-json\/wp\/v2\/posts\/356623\/revisions"}],"wp:featuredmedia":[{"embeddable":true,"href":"https:\/\/europeannewsroom.com\/es\/wp-json\/wp\/v2\/media\/356624"}],"wp:attachment":[{"href":"https:\/\/europeannewsroom.com\/es\/wp-json\/wp\/v2\/media?parent=356623"}],"wp:term":[{"taxonomy":"category","embeddable":true,"href":"https:\/\/europeannewsroom.com\/es\/wp-json\/wp\/v2\/categories?post=356623"},{"taxonomy":"post_tag","embeddable":true,"href":"https:\/\/europeannewsroom.com\/es\/wp-json\/wp\/v2\/tags?post=356623"}],"curies":[{"name":"wp","href":"https:\/\/api.w.org\/{rel}","templated":true}]}}