{"id":373921,"date":"2024-08-21T11:48:41","date_gmt":"2024-08-21T09:48:41","guid":{"rendered":"https:\/\/europeannewsroom.com\/?p=373921"},"modified":"2024-09-05T17:19:53","modified_gmt":"2024-09-05T15:19:53","slug":"como-la-guerra-entre-israel-y-hamas-alimenta-el-antisemitismo-y-el-racismo-antimusulman-en-europa","status":"publish","type":"post","link":"https:\/\/europeannewsroom.com\/es\/como-la-guerra-entre-israel-y-hamas-alimenta-el-antisemitismo-y-el-racismo-antimusulman-en-europa\/","title":{"rendered":"C\u00f3mo la guerra entre Israel y Ham\u00e1s alimenta el antisemitismo y el racismo antimusulm\u00e1n en Europa"},"content":{"rendered":"\n<p class=\"wp-block-paragraph\">Tras el ataque terrorista de Ham\u00e1s contra Israel el 7 de octubre de 2023 y la posterior guerra de Israel en Gaza, varios pa\u00edses europeos han informado de un aumento del antisemitismo y, en algunos pa\u00edses, se ha multiplicado el n\u00famero de incidentes de odio contra los musulmanes. Son las conclusiones de la&nbsp;<strong>Comisi\u00f3n Europea contra el Racismo y la Intolerancia (ECRI)<\/strong>&nbsp;en su informe anual sobre las principales tendencias observadas en 2023.<\/p>\n\n\n\n<p class=\"wp-block-paragraph\">\u201cEn varios pa\u00edses, el n\u00famero de incidentes antisemitas registrados en los \u00faltimos tres meses de 2023 super\u00f3 con creces el n\u00famero habitual de incidentes registrados durante todo un a\u00f1o, y en algunos casos fue mucho mayor\u201d, afirma el comunicado del ECRI, el organismo de vigilancia de los derechos humanos del Consejo de Europa, especializado en cuestiones relacionadas con la lucha contra el racismo, la discriminaci\u00f3n, la xenofobia, el antisemitismo y la intolerancia.&nbsp;<\/p>\n\n\n\n<p class=\"wp-block-paragraph\">Al mismo tiempo, el estudio concluy\u00f3 que \u201ctras el ataque terrorista de Ham\u00e1s del 7 de octubre de 2023 contra Israel, el n\u00famero de incidentes de odio contra los musulmanes se multiplic\u00f3\u201d. Tambi\u00e9n se afirma que \u201clos musulmanes fueron culpados por el ataque (en Israel) y otros ataques en Oriente Medio, bas\u00e1ndose en estereotipos de comunidades enteras y sus conexiones percibidas con el uso de la violencia\u201d.<\/p>\n\n\n\n<p class=\"wp-block-paragraph\">A menudo, los musulmanes son acusados \u200b\u200binjustamente de cr\u00edmenes cometidos en Europa. Un ejemplo de ello son los recientes acontecimientos en el Reino Unido tras el asesinato de tres ni\u00f1as de nueve, siete y seis a\u00f1os. En un principio, se difundieron rumores falsos en las redes sociales de que el agresor era un solicitante de asilo musulm\u00e1n. El sospechoso fue identificado m\u00e1s tarde como un joven de 17 a\u00f1os nacido en Gales. Los medios brit\u00e1nicos informaron de que sus padres eran de Ruanda. A pesar de la declaraci\u00f3n de la polic\u00eda, los disturbios iniciales en Southport se centraron en una mezquita, y desde entonces la violencia generalizada ha sacudido Inglaterra e Irlanda del Norte.<\/p>\n\n\n\n<p class=\"wp-block-paragraph\">Los actos de antisemitismo han abarcado una amplia gama de incidentes, desde discursos de odio, en l\u00ednea y fuera de l\u00ednea, incluidas amenazas de muerte, hasta actos de vandalismo y destrucci\u00f3n de sitios de la comunidad jud\u00eda, como sinagogas y cementerios, hasta ataques f\u00edsicos contra jud\u00edos, dijo el ECRI.&nbsp;<\/p>\n\n\n\n<p class=\"wp-block-paragraph\">La Comisi\u00f3n \u201cest\u00e1 particularmente preocupada\u201d porque muchos de estos incidentes han ocurrido en escuelas \u201cque deber\u00edan ser lugares donde las generaciones futuras aprendan y practiquen la diversidad, la inclusi\u00f3n y el respeto mutuo\u201d.&nbsp;<\/p>\n\n\n\n<p class=\"wp-block-paragraph\">La comunidad jud\u00eda de Europa est\u00e1 sufriendo una \u201coleada creciente de antisemitismo\u201d, seg\u00fan inform\u00f3 en julio la&nbsp;<strong>Agencia de los Derechos Fundamentales de la Uni\u00f3n Europea (FRA)<\/strong>&nbsp;. \u201cEl efecto de contagio del conflicto en Oriente Medio est\u00e1 erosionando los avances logrados con mucho esfuerzo\u201d en la lucha contra el odio antijud\u00edo, afirm\u00f3 la directora de la FRA,&nbsp;<strong>Sirpa Rautio<\/strong>&nbsp;. Esto est\u00e1 poniendo en peligro el \u00e9xito de la primera estrategia de la UE para combatir este problema, adoptada en 2021, a\u00f1adi\u00f3.<\/p>\n\n\n\n<p class=\"wp-block-paragraph\">Para evaluar el impacto que ha tenido el conflicto en Oriente Medio sobre el antisemitismo en Europa, el informe se bas\u00f3 en informaci\u00f3n recopilada de doce organizaciones jud\u00edas en 2024. \u201cLa consulta de la FRA con organizaciones paraguas jud\u00edas nacionales y europeas a principios de 2024 muestra un aumento dram\u00e1tico\u201d de los ataques antisemitas, dijo Rautio.&nbsp;<\/p>\n\n\n\n<p class=\"wp-block-paragraph\">En Francia, el 74 por ciento de los jud\u00edos sinti\u00f3 que el conflicto afect\u00f3 su sensaci\u00f3n de seguridad, la tasa m\u00e1s alta entre los pa\u00edses encuestados. En toda Europa, el 76 por ciento dijo ocultar su identidad jud\u00eda \u201cal menos ocasionalmente\u201d y el 34 por ciento evita eventos o lugares jud\u00edos \u201cporque no se siente seguro\u201d, seg\u00fan un comunicado de prensa que acompa\u00f1a al informe.<\/p>\n\n\n\n<p class=\"wp-block-paragraph\">En una nota positiva, el informe del ECRI se\u00f1ala que muchos jefes de estados miembros de la UE y representantes de autoridades nacionales, regionales o locales y organizaciones de la sociedad civil, as\u00ed como pol\u00edticos y personalidades del mundo de la cultura y la religi\u00f3n, entre otros, han demostrado p\u00fablicamente su solidaridad con las comunidades jud\u00edas en Europa desde el 7 de octubre. El informe menciona que algunos gobiernos tambi\u00e9n han aumentado las medidas de seguridad necesarias para proteger a las instituciones jud\u00edas de la violencia antisemita y los posibles ataques terroristas y contin\u00faan haci\u00e9ndolo.&nbsp;<\/p>\n\n\n\n<p class=\"wp-block-paragraph\">En el caso de las comunidades musulmanas, parece que se observa la tendencia opuesta. El ECRI ha destacado que \u201cha habido varios casos de discursos de pol\u00edticos y otras personalidades p\u00fablicas en los que se han mezclado aspectos del racismo antimusulm\u00e1n con un discurso xen\u00f3fobo general o han utilizado la amenaza de una supuesta islamizaci\u00f3n de las sociedades europeas para ganar votos en las elecciones\u201d. \u201cQuienes utilizan este \u00faltimo discurso explotan la ignorancia de la gente\u201d, ha afirmado el presidente del ECRI,&nbsp;<strong>Bertil Cottier<\/strong>&nbsp;. \u201cLas personalidades p\u00fablicas, no s\u00f3lo los pol\u00edticos, sino tambi\u00e9n las del mundo del espect\u00e1culo y del deporte, deber\u00edan decir que ese discurso es inaceptable\u201d, ha a\u00f1adido.<\/p>\n\n\n\n<p class=\"wp-block-paragraph\">Francia, que alberga una de las mayores poblaciones musulmanas de Europa, con alrededor de seis millones de personas de fe o de origen isl\u00e1mico, registr\u00f3 242 actos antimusulmanes en 2023, dijo en febrero el ministro del Interior,&nbsp;<strong>Gerald Darmanin<\/strong>&nbsp;. Agreg\u00f3 que se trata de un aumento de casi el 30 por ciento con respecto al a\u00f1o anterior.<\/p>\n\n\n\n<h2 class=\"wp-block-heading\">Situaci\u00f3n de los jud\u00edos antes del estallido de la guerra en Gaza<\/h2>\n\n\n\n<p class=\"wp-block-paragraph\">Sin embargo, la encuesta de la FRA no s\u00f3lo se refiere a la situaci\u00f3n de los jud\u00edos en Europa despu\u00e9s del ataque de Ham\u00e1s a Israel, sino tambi\u00e9n a c\u00f3mo los jud\u00edos describieron su situaci\u00f3n antes de que estallara la guerra en Gaza.<\/p>\n\n\n\n<p class=\"wp-block-paragraph\">El 80 por ciento de los jud\u00edos encuestados afirm\u00f3 que el antisemitismo ha empeorado en los \u00faltimos a\u00f1os. Los \u201cestereotipos negativos\u201d m\u00e1s comunes que los encuestados mencionaron como encontrados inclu\u00edan la acusaci\u00f3n de que los jud\u00edos \u201cpose\u00edan poder y controlaban las finanzas, los medios de comunicaci\u00f3n, la pol\u00edtica o la econom\u00eda\u201d. Muchos tambi\u00e9n informaron que se hab\u00edan encontrado con negaciones del derecho de Israel a existir como Estado.<\/p>\n\n\n\n<p class=\"wp-block-paragraph\">En 2023, un cuatro por ciento de los encuestados afirm\u00f3 haber sufrido ataques f\u00edsicos antisemitas en los doce meses anteriores a la encuesta, el doble de la cifra registrada en 2018. Alrededor del 60 por ciento de los encuestados afirm\u00f3 no estar satisfecho con los esfuerzos de sus gobiernos nacionales para combatir el antisemitismo.<\/p>\n\n\n\n<p class=\"wp-block-paragraph\">El estudio se realiz\u00f3 en 13 pa\u00edses de la UE en los que vive el 96% de la poblaci\u00f3n jud\u00eda del bloque: Austria, B\u00e9lgica, Rep\u00fablica Checa, Dinamarca, Francia, Alemania, Hungr\u00eda, Italia, Pa\u00edses Bajos, Polonia, Ruman\u00eda, Espa\u00f1a y Suecia. A continuaci\u00f3n, se ofrecen algunos ejemplos de este estudio y de un informe del Departamento de Estado de Estados Unidos.<\/p>\n\n\n\n<h2 class=\"wp-block-heading\">Estado actual del antisemitismo y el racismo antimusulm\u00e1n en Austria, Alemania, Bulgaria y Rumania:<\/h2>\n\n\n\n<p class=\"wp-block-paragraph\"><strong>Austria:<\/strong>&nbsp;El 76 por ciento de los encuestados en el estudio de la FRA cree que el antisemitismo ha aumentado en los cinco a\u00f1os anteriores a la encuesta. La media de la UE era del 80 por ciento. En el a\u00f1o anterior a la encuesta, el 38 por ciento de los habitantes de este pa\u00eds declar\u00f3 haber sido v\u00edctima de hostilidad antisemita, una cifra similar a la media de la UE. Adem\u00e1s, el 5 por ciento fue v\u00edctima de ataques ese a\u00f1o. Como resultado de estas experiencias, muchas personas se sienten obligadas a ocultar su religi\u00f3n en p\u00fablico. En Austria, el 29 por ciento de los jud\u00edos nunca llevan s\u00edmbolos jud\u00edos en p\u00fablico por motivos de seguridad.&nbsp;<\/p>\n\n\n\n<p class=\"wp-block-paragraph\">El&nbsp;<strong>Centro de Documentaci\u00f3n sobre la Islamofobia y el Racismo Antimusulm\u00e1n<\/strong>&nbsp;registr\u00f3 1.522 casos de ataques racistas contra musulmanes en 2023. Se trata de la cifra m\u00e1s alta desde que se inici\u00f3 la documentaci\u00f3n en 2015, seg\u00fan afirm\u00f3 la directora del centro,&nbsp;<strong>Rumeysa D\u00fcr-Kwieder<\/strong>, durante la presentaci\u00f3n del informe en Viena en mayo. El n\u00famero de casos denunciados ha aumentado de forma especialmente pronunciada desde la escalada de violencia en Oriente Pr\u00f3ximo tras el ataque terrorista de Ham\u00e1s contra Israel en octubre.&nbsp;<\/p>\n\n\n\n<p class=\"wp-block-paragraph\"><strong>Alemania:<\/strong>&nbsp;Tras el ataque terrorista de Ham\u00e1s contra Israel, los incidentes antisemitas tambi\u00e9n aumentaron considerablemente en Alemania. La Oficina Federal de Polic\u00eda Criminal registr\u00f3 715 delitos antisemitas en el segundo trimestre de 2024 en Alemania, incluidos 19 actos violentos que provocaron siete heridos. Esta cifra es m\u00e1s de un tercio superior a la del a\u00f1o anterior.&nbsp;<\/p>\n\n\n\n<p class=\"wp-block-paragraph\"><strong>Bulgaria:<\/strong>&nbsp;A finales de junio, el Informe sobre Libertad Religiosa Internacional 2023 del Departamento de Estado de Estados Unidos destac\u00f3 un aumento del antisemitismo y el acoso a las minor\u00edas religiosas en Bulgaria. El informe sugiere que, a pesar de la prohibici\u00f3n legal de la propagaci\u00f3n del fascismo u otras ideolog\u00edas antidemocr\u00e1ticas, las autoridades rara vez hicieron cumplir la ley y se vend\u00edan recuerdos con insignias nazis en las zonas tur\u00edsticas de todo el pa\u00eds.&nbsp;<\/p>\n\n\n\n<p class=\"wp-block-paragraph\">Algunos partidos y dirigentes pol\u00edticos siguieron utilizando lenguaje e im\u00e1genes antisemitas. El informe a\u00f1adi\u00f3 que la organizaci\u00f3n no gubernamental jud\u00eda Shalom hab\u00eda expresado reiteradamente su preocupaci\u00f3n por el aumento del discurso de odio y el antisemitismo en p\u00fablico, incluso en las redes sociales, y por los grafitis ofensivos.<\/p>\n\n\n\n<p class=\"wp-block-paragraph\">El informe tambi\u00e9n detalla numerosos casos de libertades religiosas restringidas y acciones violentas contra miembros de minor\u00edas religiosas.<\/p>\n\n\n\n<p class=\"wp-block-paragraph\"><strong>Ruman\u00eda:<\/strong>&nbsp;\u201cRuman\u00eda es uno de los pocos pa\u00edses de Europa, quiz\u00e1s el \u00fanico, donde no se han producido ataques contra las comunidades jud\u00edas y la vida jud\u00eda se desarrolla sin incidentes\u201d, afirm\u00f3 el presidente de la Federaci\u00f3n de Comunidades Jud\u00edas de Ruman\u00eda (FCER), Silviu Vexler, en junio, durante el lanzamiento de la Estrategia nacional para la prevenci\u00f3n y la lucha contra el antisemitismo, la xenofobia, la radicalizaci\u00f3n y el discurso de odio 2024-2027. Los objetivos generales de la estrategia son: prevenir y combatir el antisemitismo, la xenofobia, la radicalizaci\u00f3n y el discurso de odio. La estrategia tambi\u00e9n busca promover la educaci\u00f3n para la inclusi\u00f3n, promover el conocimiento de la cultura jud\u00eda y apoyar estos esfuerzos a nivel internacional.<\/p>\n\n\n\n<h2 class=\"wp-block-heading\">El llamamiento de Borrell a respetar la Declaraci\u00f3n Universal de Derechos Humanos<\/h2>\n\n\n\n<p class=\"wp-block-paragraph\">\u201cTodo individuo tiene derecho a la libertad de pensamiento, de conciencia y de religi\u00f3n\u201d, reza el art\u00edculo 18 de la Declaraci\u00f3n Universal de Derechos Humanos, que ya cumple 76 a\u00f1os.<\/p>\n\n\n\n<p class=\"wp-block-paragraph\">Con motivo del 75\u00ba aniversario de su adopci\u00f3n, el Alto Representante de la UE para Asuntos Exteriores y Pol\u00edtica de Seguridad,&nbsp;<strong>Josep Borrell<\/strong>, emiti\u00f3 una declaraci\u00f3n en nombre de los 27 Estados miembros, a los que se unieron los pa\u00edses candidatos Macedonia del Norte, Montenegro, Serbia, Albania, Ucrania, la Rep\u00fablica de Moldavia y Bosnia y Herzegovina, el pa\u00eds candidato potencial Georgia, los pa\u00edses de la AELC Islandia, Liechtenstein y Noruega, miembros del Espacio Econ\u00f3mico Europeo, as\u00ed como Armenia.<\/p>\n\n\n\n<p class=\"wp-block-paragraph\">En esa declaraci\u00f3n, Borrell lament\u00f3 que a pesar del tiempo transcurrido desde la adopci\u00f3n de la&nbsp;<strong>Declaraci\u00f3n Universal de Derechos Humanos (DUDH)<\/strong>&nbsp;, que consagr\u00f3 el derecho de todos los seres humanos a tener, cambiar y manifestar su religi\u00f3n o creencia, \u201cdemasiadas personas en muchas partes del mundo todav\u00eda sufren amenazas, ataques f\u00edsicos, asesinatos, discriminaci\u00f3n y persecuci\u00f3n \u00fanicamente por motivos de su religi\u00f3n o creencia\u201d.<\/p>\n\n\n\n<blockquote class=\"wp-block-quote is-layout-flow wp-block-quote-is-layout-flow\">\n<p class=\"wp-block-paragraph\">\u201c&nbsp;<em>La Uni\u00f3n Europea sigue defendiendo la libertad de religi\u00f3n y creencias, tanto en el extranjero como en el pa\u00eds<\/em>&nbsp;\u201d<em>Josep Borrell, Alto Representante de la UE para Asuntos Exteriores y Pol\u00edtica de Seguridad<\/em><\/p>\n<\/blockquote>\n\n\n\n<h2 class=\"wp-block-heading\">\u00bfC\u00f3mo castigan los pa\u00edses de la UE la violencia religiosa?<\/h2>\n\n\n\n<p class=\"wp-block-paragraph\">Seg\u00fan un informe publicado por el&nbsp;<strong>Observatorio Espa\u00f1ol de Libertad Religiosa y de Conciencia (OLRC)<\/strong>&nbsp;sobre la protecci\u00f3n de los sentimientos religiosos en la UE, un total de 21 Estados miembros de la UE castigan los delitos contra los sentimientos religiosos de los ciudadanos, y todos aquellos que penalizan estos delitos prev\u00e9n penas de prisi\u00f3n.&nbsp;<\/p>\n\n\n\n<p class=\"wp-block-paragraph\"><em>Nota editorial:\u00a0Debido a las inconsistencias en las fuentes, se ha eliminado la informaci\u00f3n sobre los pa\u00edses de la UE que no castigan los delitos contra los sentimientos religiosos.<\/em><\/p>\n\n\n\n<p class=\"wp-block-paragraph\"><em>Este art\u00edculo se publica dos veces por semana. El contenido se basa en noticias de agencias participantes en el enr<\/em>&nbsp;.<\/p>\n","protected":false},"excerpt":{"rendered":"<p>Este jueves 22 de agosto se celebra el D\u00eda Internacional en Memoria de las V\u00edctimas de Actos de Violencia basados \u200b\u200ben la Religi\u00f3n o las Creencias. Un estudio de la Comisi\u00f3n Europea contra el Racismo y la Intolerancia muestra que los principales desaf\u00edos en Europa siguen siendo el aumento del antisemitismo y el racismo antimusulm\u00e1n como resultado del actual conflicto en Oriente Medio.<\/p>\n","protected":false},"author":49,"featured_media":373922,"comment_status":"closed","ping_status":"closed","sticky":false,"template":"","format":"standard","meta":{"_acf_changed":false,"_et_pb_use_builder":"","_et_pb_old_content":"","_et_gb_content_width":"","footnotes":""},"categories":[39],"tags":[],"class_list":["post-373921","post","type-post","status-publish","format-standard","has-post-thumbnail","hentry","category-key-story"],"acf":[],"_links":{"self":[{"href":"https:\/\/europeannewsroom.com\/es\/wp-json\/wp\/v2\/posts\/373921","targetHints":{"allow":["GET"]}}],"collection":[{"href":"https:\/\/europeannewsroom.com\/es\/wp-json\/wp\/v2\/posts"}],"about":[{"href":"https:\/\/europeannewsroom.com\/es\/wp-json\/wp\/v2\/types\/post"}],"author":[{"embeddable":true,"href":"https:\/\/europeannewsroom.com\/es\/wp-json\/wp\/v2\/users\/49"}],"replies":[{"embeddable":true,"href":"https:\/\/europeannewsroom.com\/es\/wp-json\/wp\/v2\/comments?post=373921"}],"version-history":[{"count":0,"href":"https:\/\/europeannewsroom.com\/es\/wp-json\/wp\/v2\/posts\/373921\/revisions"}],"wp:featuredmedia":[{"embeddable":true,"href":"https:\/\/europeannewsroom.com\/es\/wp-json\/wp\/v2\/media\/373922"}],"wp:attachment":[{"href":"https:\/\/europeannewsroom.com\/es\/wp-json\/wp\/v2\/media?parent=373921"}],"wp:term":[{"taxonomy":"category","embeddable":true,"href":"https:\/\/europeannewsroom.com\/es\/wp-json\/wp\/v2\/categories?post=373921"},{"taxonomy":"post_tag","embeddable":true,"href":"https:\/\/europeannewsroom.com\/es\/wp-json\/wp\/v2\/tags?post=373921"}],"curies":[{"name":"wp","href":"https:\/\/api.w.org\/{rel}","templated":true}]}}