{"id":379698,"date":"2024-08-23T14:17:24","date_gmt":"2024-08-23T12:17:24","guid":{"rendered":"https:\/\/europeannewsroom.com\/?p=379698"},"modified":"2024-08-23T14:17:27","modified_gmt":"2024-08-23T12:17:27","slug":"la-respuesta-de-emergencia-de-la-ue-se-intensifica-mientras-los-incendios-arrasan","status":"publish","type":"post","link":"https:\/\/europeannewsroom.com\/es\/la-respuesta-de-emergencia-de-la-ue-se-intensifica-mientras-los-incendios-arrasan\/","title":{"rendered":"La respuesta de emergencia de la UE se intensifica mientras los incendios arrasan"},"content":{"rendered":"\n<p class=\"wp-block-paragraph\">A medida que los incendios forestales contin\u00faan afectando a varios pa\u00edses europeos, el Centro de Coordinaci\u00f3n de Respuesta a Emergencias (ERCC) de la Uni\u00f3n Europea est\u00e1 trabajando 24\/7 para canalizar la ayuda destinada a combatir las llamas, seg\u00fan inform\u00f3 la Comisi\u00f3n Europea a principios de agosto.<\/p>\n\n\n\n<p class=\"wp-block-paragraph\">Durante los meses de julio y agosto, incendios forestales han devastado varios pa\u00edses europeos, incluidos Albania, Bosnia y Herzegovina, Bulgaria, Grecia, Macedonia del Norte y Portugal. En respuesta, la UE ha activado su Mecanismo de Protecci\u00f3n Civil (EUCPM) para los pa\u00edses que necesitan ayuda de sus socios para combatir los devastadores y mortales incendios.<\/p>\n\n\n\n<p class=\"wp-block-paragraph\">Para reforzar las medidas de preparaci\u00f3n ante la temporada de incendios de este verano, la Comisi\u00f3n ha puesto en marcha la iniciativa rescEU y la Reserva Europea de Protecci\u00f3n Civil, que ahora cuenta con 28 aviones y cuatro helic\u00f3pteros estacionados en diez estados miembros.<\/p>\n\n\n\n<p class=\"wp-block-paragraph\">Seg\u00fan la Comisi\u00f3n Europea, 556 bomberos de doce pa\u00edses est\u00e1n estrat\u00e9gicamente preposicionados en lugares clave de Europa, en Francia, Grecia, Portugal y Espa\u00f1a, listos para ayudar a las brigadas locales en caso de incendios forestales.<\/p>\n\n\n\n<h2 class=\"wp-block-heading\"><strong>\u00bfQu\u00e9 es el Mecanismo de Protecci\u00f3n Civil de la UE?<\/strong><\/h2>\n\n\n\n<p class=\"wp-block-paragraph\">La Comisi\u00f3n Europea estableci\u00f3 el EUCPM en 2001. Su objetivo es fortalecer la cooperaci\u00f3n entre los pa\u00edses participantes en protecci\u00f3n civil, para mejorar la prevenci\u00f3n, preparaci\u00f3n y respuesta a desastres.<\/p>\n\n\n\n<p class=\"wp-block-paragraph\">Cualquier pa\u00eds puede solicitar asistencia a trav\u00e9s del EUCPM cuando se ve afectado por una emergencia. La Comisi\u00f3n desempe\u00f1a un papel clave en la coordinaci\u00f3n de la respuesta a desastres en todo el mundo, contribuyendo con al menos el 75 por ciento de los costos de transporte y\/o operativos de los despliegues.<\/p>\n\n\n\n<p class=\"wp-block-paragraph\">Adem\u00e1s de todos los pa\u00edses de la UE, Albania, Bosnia y Herzegovina, Islandia, Moldavia, Montenegro, Macedonia del Norte, Noruega, Serbia, Turqu\u00eda y Ucrania tambi\u00e9n participan, aunque no sean (todav\u00eda) miembros del bloque.<\/p>\n\n\n\n<p class=\"wp-block-paragraph\">Bosnia y Herzegovina, por ejemplo, se uni\u00f3 oficialmente al EUCPM en 2022, un hito para el pa\u00eds en su camino hacia la obtenci\u00f3n del estatus de candidato a la UE ese mismo a\u00f1o.<\/p>\n\n\n\n<figure class=\"wp-block-image\"><img loading=\"lazy\" decoding=\"async\" width=\"1920\" height=\"1280\" src=\"https:\/\/europeannewsroom.com\/wp-content\/uploads\/2024\/08\/urnnewsmldpa.com20090101240812-99-95270-v1-s2048.jpeg\" alt=\"Voluntarios extinguen un incendio forestal en Ano Patima, cerca de Penteli, en la regi\u00f3n norte de Atenas. Los estados miembros de la UE est\u00e1n enviando ayuda a Grecia para ayudar a los servicios de emergencia a combatir el mayor incendio forestal del a\u00f1o en el pa\u00eds el lunes, con m\u00faltiples focos de llamas ardiendo en unos 200 kil\u00f3metros cuadrados de bosque al noreste de la capital, Atenas.\" class=\"wp-image-361194\"\/><figcaption class=\"wp-element-caption\"><em>Voluntarios extinguen un incendio forestal en Ano Patima, cerca de Penteli, en Grecia. Foto: Socrates Baltagiannis\/dpa<\/em><\/figcaption><\/figure>\n\n\n\n<h2 class=\"wp-block-heading\"><strong>Incendios cerca de Atenas: \u201cLa solidaridad de la UE en acci\u00f3n\u201d<\/strong><\/h2>\n\n\n\n<p class=\"wp-block-paragraph\">A principios de agosto, un enorme incendio forestal en los suburbios del noreste de Atenas oblig\u00f3 a miles de residentes a huir de sus hogares y provoc\u00f3 un llamamiento del gobierno griego para solicitar ayuda internacional. Seg\u00fan los expertos, era la primera vez que un gran incendio se produc\u00eda tan cerca de la capital griega.&nbsp;<\/p>\n\n\n\n<p class=\"wp-block-paragraph\">El 12 de agosto, tras los incendios, Grecia solicit\u00f3 oficialmente la ayuda de la UE. Desde entonces, varios Estados miembros de la UE han enviado ayuda al pa\u00eds. Un portavoz de la Comisi\u00f3n Europea dijo que el apoyo a Grecia inclu\u00eda dos aviones de Italia, dos helic\u00f3pteros de Francia y Serbia, y equipos de extinci\u00f3n de incendios terrestres de la Rep\u00fablica Checa, Francia, Italia, Rumania y Serbia. Los bomberos rumanos, malteses y moldavos ya estaban en Grecia, dijo el portavoz.<\/p>\n\n\n\n<p class=\"wp-block-paragraph\">Ruman\u00eda ha desplegado decenas de bomberos y equipos especiales para estar preparados para apagar los incendios en Grecia entre el 1 de agosto y el 15 de septiembre. Este es el cuarto a\u00f1o consecutivo que responde a este tipo de solicitudes. Los bomberos rumanos tambi\u00e9n han llevado a cabo misiones similares en a\u00f1os anteriores en Francia, Eslovenia y Macedonia del Norte.<\/p>\n\n\n\n<p class=\"wp-block-paragraph\">Refiri\u00e9ndose al amplio apoyo a Grecia, la presidenta de la Comisi\u00f3n Europea,\u00a0<strong>Ursula von der Leyen,<\/strong>\u00a0dijo en una publicaci\u00f3n en X: \u201cEsta es la solidaridad de la UE en acci\u00f3n\u201d.<\/p>\n\n\n\n<figure class=\"wp-block-embed is-type-rich is-provider-twitter wp-block-embed-twitter\"><div class=\"wp-block-embed__wrapper\">\n<blockquote class=\"twitter-tweet\" data-width=\"550\" data-dnt=\"true\"><p lang=\"en\" dir=\"ltr\">We stand with Greece as it battles devastating fires.<br><br>The EU is sending support from its <a href=\"https:\/\/twitter.com\/hashtag\/rescEU?src=hash&amp;ref_src=twsrc%5Etfw\">#rescEU<\/a> fleet: two planes from Italy and a helicopter from France.<br><br>Firefighting teams from Czechia and Romania are also being deployed.<br><br>This is <a href=\"https:\/\/twitter.com\/hashtag\/EUSolidarity?src=hash&amp;ref_src=twsrc%5Etfw\">#EUSolidarity<\/a> in action.<\/p>&mdash; Ursula von der Leyen (@vonderleyen) <a href=\"https:\/\/twitter.com\/vonderleyen\/status\/1823030142899290538?ref_src=twsrc%5Etfw\">August 12, 2024<\/a><\/blockquote><script async src=\"https:\/\/platform.twitter.com\/widgets.js\" charset=\"utf-8\"><\/script>\n<\/div><\/figure>\n\n\n\n<h2 class=\"wp-block-heading\"><strong>La UE moviliza m\u00e1s apoyo en todo el continente<\/strong><\/h2>\n\n\n\n<p class=\"wp-block-paragraph\">Durante el verano, la UE tambi\u00e9n ha movilizado apoyo para ayudar a combatir los incendios que afectan a Albania, Bosnia y Herzegovina, Bulgaria, Macedonia del Norte y Portugal despu\u00e9s de que activaran el mecanismo de respuesta a desastres.<\/p>\n\n\n\n<p class=\"wp-block-paragraph\"><strong>Albania:<\/strong>&nbsp;Dos aviones rumanos llegaron a Albania en agosto para ayudar a aislar y extinguir los incendios en algunas zonas del pa\u00eds. El Ministerio de Defensa alban\u00e9s anunci\u00f3 que el 14 y el 16 de agosto los aviones rumanos \u201cSpartan\u201d y \u201cH\u00e9rcules\u201d intervinieron para extinguir los incendios en las ciudades de Pogradec y Berat.<\/p>\n\n\n\n<p class=\"wp-block-paragraph\"><strong>Bosnia y Herzegovina:<\/strong>&nbsp;El Consejo de Ministros de Bosnia y Herzegovina ha pedido ayuda a los pa\u00edses vecinos para extinguir los incendios que han asolado el pa\u00eds este a\u00f1o. Se ha solicitado la ayuda de unidades y aviones de extinci\u00f3n de incendios de los pa\u00edses con los que Bosnia y Herzegovina ha firmado acuerdos y memorandos de cooperaci\u00f3n en materia de protecci\u00f3n y salvamento a trav\u00e9s del EUCPM. La decisi\u00f3n ser\u00e1 v\u00e1lida mientras el peligro de incendio contin\u00fae durante el a\u00f1o 2024.<\/p>\n\n\n\n<p class=\"wp-block-paragraph\"><strong>Bulgaria:<\/strong>&nbsp;Bulgaria recibi\u00f3 decenas de aeronaves, entre ellas aviones y helic\u00f3pteros, para combatir los incendios forestales provocados por una ola de calor a mediados de julio. El gobierno b\u00falgaro ha expresado su gratitud por la ayuda y el apoyo prestados en el marco del EUCPM.&nbsp;<\/p>\n\n\n\n<p class=\"wp-block-paragraph\"><strong>Macedonia del Norte:<\/strong>&nbsp;A mediados de julio, aviones de Croacia, Serbia, Eslovenia y Turqu\u00eda fueron desplegados en Macedonia del Norte para ayudar a contener una serie de incendios en todo el pa\u00eds en medio de una ola de calor. Cientos de hect\u00e1reas de bosque hab\u00edan sido quemadas y las autoridades identificaron doce incendios forestales activos en ese momento.<\/p>\n\n\n\n<p class=\"wp-block-paragraph\"><strong>Portugal:<\/strong>&nbsp;El Gobierno portugu\u00e9s anunci\u00f3 este mi\u00e9rcoles que ha decidido activar la EUCPM para combatir un incendio que desde el pasado 14 de agosto azota la isla de Madeira (regi\u00f3n aut\u00f3noma de Portugal). Los datos del Sistema Europeo de Informaci\u00f3n sobre Incendios Forestales (EFFIS) muestran m\u00e1s de 4.930 hect\u00e1reas de superficie quemada. Con esta decisi\u00f3n, se abre la v\u00eda al env\u00edo de aviones de la compa\u00f1\u00eda Canadair desde Espa\u00f1a, que ya hab\u00eda anunciado su disposici\u00f3n a prescindir de dos aparatos. Estos llegaron a la isla el jueves 22 de agosto.<\/p>\n\n\n\n<h2 class=\"wp-block-heading\"><strong>Inundaciones en Eslovenia e Italia en 2023<\/strong><\/h2>\n\n\n\n<p class=\"wp-block-paragraph\">Eslovenia conoci\u00f3 la importancia del EUCPM en el mayor incendio de su historia en el verano de 2022 y, en particular, en las catastr\u00f3ficas inundaciones que afectaron a dos tercios del pa\u00eds en agosto de 2023. A ra\u00edz de las inundaciones, el pa\u00eds recibi\u00f3 apoyo del mecanismo en diversas formas, desde apoyo a\u00e9reo para la extinci\u00f3n de incendios en la regi\u00f3n del Karst a lo largo de la frontera con Italia, hasta equipos de construcci\u00f3n pesados, helic\u00f3pteros y otros medios de socorro en caso de inundaciones.<\/p>\n\n\n\n<p class=\"wp-block-paragraph\">En mayo de 2023, la regi\u00f3n de Emilia-Roma\u00f1a, en el norte de Italia, tambi\u00e9n sufri\u00f3 inundaciones devastadoras. Tras la activaci\u00f3n del EUCPM, se enviaron a R\u00e1vena dos equipos de bombeo de agua de gran capacidad procedentes de Eslovaquia y Eslovenia. Austria, B\u00e9lgica, Bulgaria, Francia, Alemania, Polonia y Ruman\u00eda hab\u00edan ofrecido ayuda adicional.<\/p>\n\n\n\n<h2 class=\"wp-block-heading\"><strong>M\u00e1s que extinci\u00f3n de incendios: la EUCPM tambi\u00e9n presta servicios en emergencias m\u00e9dicas y humanitarias<\/strong><\/h2>\n\n\n\n<p class=\"wp-block-paragraph\">Si bien el mecanismo se activa principalmente en caso de desastres naturales, tambi\u00e9n se puede solicitar asistencia para otras emergencias, como crisis sanitarias y desastres humanitarios en zonas afectadas por conflictos.&nbsp;<\/p>\n\n\n\n<p class=\"wp-block-paragraph\">El 24 de julio tuvo lugar el primer rescate coordinado por la UE de 16 ni\u00f1os palestinos y sus familiares que necesitaban atenci\u00f3n m\u00e9dica. Fueron trasladados desde Egipto a Espa\u00f1a con el apoyo financiero y operativo de la EUCPM, en estrecha coordinaci\u00f3n con la Organizaci\u00f3n Mundial de la Salud (OMS), el Fondo de Ayuda a los Ni\u00f1os Palestinos (PCRF) y las autoridades palestinas.<\/p>\n\n\n\n<p class=\"wp-block-paragraph\">Desde principios de enero, la UE tambi\u00e9n ha estado apoyando a la C\u00e9lula de Coordinaci\u00f3n de los Equipos M\u00e9dicos de Emergencia de la OMS en Gaza, en El Cairo, con 22 expertos desplegados desde la UE y los pa\u00edses participantes del EUCPM.<\/p>\n\n\n\n<p class=\"wp-block-paragraph\">Durante la pandemia de Covid-19, la UE ha coordinado el despliegue de equipos m\u00e9dicos en las zonas m\u00e1s afectadas, ha facilitado la adquisici\u00f3n de equipos de protecci\u00f3n adicionales y ha activado el ERCC para coordinar el apoyo las 24 horas del d\u00eda, los 7 d\u00edas de la semana.<\/p>\n\n\n\n<p class=\"wp-block-paragraph\">Adem\u00e1s, ante la guerra de Rusia en Ucrania, la Comisi\u00f3n Europea est\u00e1 coordinando una gran operaci\u00f3n en el marco del EUCPM. Los 27 pa\u00edses de la UE (m\u00e1s Islandia, Macedonia del Norte, Noruega, Serbia y Turqu\u00eda) han ofrecido asistencia, que abarca desde suministros m\u00e9dicos y art\u00edculos de refugio hasta veh\u00edculos y equipos energ\u00e9ticos. La UE tambi\u00e9n ha establecido centros log\u00edsticos en Polonia, Rumania y Eslovaquia para canalizar las mercanc\u00edas a Ucrania de forma m\u00e1s eficiente.<\/p>\n\n\n\n<p class=\"wp-block-paragraph\"><em>Este art\u00edculo se publica dos veces por semana. El contenido se basa en noticias de agencias participantes en el enr<\/em>&nbsp;.<\/p>\n","protected":false},"excerpt":{"rendered":"<p>El mecanismo de respuesta de emergencia de la Uni\u00f3n Europea est\u00e1 funcionando a pleno rendimiento mientras los incendios forestales arrasan Europa este verano. Varios pa\u00edses, incluidos Albania, Bosnia y Herzegovina, Bulgaria, Grecia, Macedonia del Norte y Portugal, luchan por contener las llamas, y sus socios de la UE est\u00e1n enviando ayuda.<\/p>\n","protected":false},"author":49,"featured_media":379700,"comment_status":"closed","ping_status":"closed","sticky":false,"template":"","format":"standard","meta":{"_acf_changed":true,"_et_pb_use_builder":"","_et_pb_old_content":"","_et_gb_content_width":"","footnotes":""},"categories":[39],"tags":[16261,16262],"class_list":["post-379698","post","type-post","status-publish","format-standard","has-post-thumbnail","hentry","category-key-story","tag-ercc-3","tag-eucpm-3"],"acf":[],"_links":{"self":[{"href":"https:\/\/europeannewsroom.com\/es\/wp-json\/wp\/v2\/posts\/379698","targetHints":{"allow":["GET"]}}],"collection":[{"href":"https:\/\/europeannewsroom.com\/es\/wp-json\/wp\/v2\/posts"}],"about":[{"href":"https:\/\/europeannewsroom.com\/es\/wp-json\/wp\/v2\/types\/post"}],"author":[{"embeddable":true,"href":"https:\/\/europeannewsroom.com\/es\/wp-json\/wp\/v2\/users\/49"}],"replies":[{"embeddable":true,"href":"https:\/\/europeannewsroom.com\/es\/wp-json\/wp\/v2\/comments?post=379698"}],"version-history":[{"count":0,"href":"https:\/\/europeannewsroom.com\/es\/wp-json\/wp\/v2\/posts\/379698\/revisions"}],"wp:featuredmedia":[{"embeddable":true,"href":"https:\/\/europeannewsroom.com\/es\/wp-json\/wp\/v2\/media\/379700"}],"wp:attachment":[{"href":"https:\/\/europeannewsroom.com\/es\/wp-json\/wp\/v2\/media?parent=379698"}],"wp:term":[{"taxonomy":"category","embeddable":true,"href":"https:\/\/europeannewsroom.com\/es\/wp-json\/wp\/v2\/categories?post=379698"},{"taxonomy":"post_tag","embeddable":true,"href":"https:\/\/europeannewsroom.com\/es\/wp-json\/wp\/v2\/tags?post=379698"}],"curies":[{"name":"wp","href":"https:\/\/api.w.org\/{rel}","templated":true}]}}