{"id":387541,"date":"2024-08-28T20:40:39","date_gmt":"2024-08-28T18:40:39","guid":{"rendered":"https:\/\/europeannewsroom.com\/?p=387541"},"modified":"2024-08-28T20:40:41","modified_gmt":"2024-08-28T18:40:41","slug":"mpox-la-oms-busca-135-millones-de-dolares-para-combatir-la-nueva-variante-los-expertos-ven-bajo-riesgo-para-europa","status":"publish","type":"post","link":"https:\/\/europeannewsroom.com\/es\/mpox-la-oms-busca-135-millones-de-dolares-para-combatir-la-nueva-variante-los-expertos-ven-bajo-riesgo-para-europa\/","title":{"rendered":"Mpox: La OMS busca 135 millones de d\u00f3lares para combatir la nueva variante, los expertos ven \u201cbajo riesgo\u201d para Europa"},"content":{"rendered":"\n<p class=\"wp-block-paragraph\">El 13 de agosto, los<strong> Centros Africanos para el Control y la Prevenci\u00f3n de Enfermedades<\/strong> (Africa CCE) declararon la mpox -antigua viruela del mono- emergencia de salud p\u00fablica en todo el continente y pidieron ayuda internacional para alcanzar su objetivo de suministrar dos millones de vacunas.<\/p>\n\n\n\n<p class=\"wp-block-paragraph\">La <strong>Organizaci\u00f3n Mundial de la Salud<\/strong> (OMS) declar\u00f3 un d\u00eda despu\u00e9s el m\u00e1ximo nivel de alarma debido a los brotes de mpox en \u00c1frica y a una nueva variante potencialmente m\u00e1s contagiosa, pero aconsej\u00f3 que no cundiera el p\u00e1nico tras el primer caso importado en Europa.<\/p>\n\n\n\n<p class=\"wp-block-paragraph\">El virus causa erupci\u00f3n cut\u00e1nea, fiebre y dolor muscular. Los s\u00edntomas se tratan principalmente con medicaci\u00f3n para prevenir la fiebre, el dolor o la reacci\u00f3n al\u00e9rgica. Existen dos vacunas, pero escasean en \u00c1frica.<\/p>\n\n\n\n<p class=\"wp-block-paragraph\">La Mpox se detect\u00f3 por primera vez en humanos en 1970, en la Rep\u00fablica Democr\u00e1tica del Congo (RDC), y se considera end\u00e9mico en los pa\u00edses de \u00c1frica central y occidental.<\/p>\n\n\n\n<h2 class=\"wp-block-heading\">Se detecta una nueva variante m\u00e1s all\u00e1 de \u00c1frica, pero la mpox \u201cno es el nuevo COVID\u201d<\/h2>\n\n\n\n<p class=\"wp-block-paragraph\">Un nuevo clado -o variante- circula en la RDC desde finales del a\u00f1o pasado.<\/p>\n\n\n\n<p class=\"wp-block-paragraph\">Seg\u00fan la OMS, este a\u00f1o se han registrado en el pa\u00eds m\u00e1s de 18.000 casos sospechosos con 575 personas fallecidas.<\/p>\n\n\n\n<p class=\"wp-block-paragraph\">La enfermedad v\u00edrica se ha extendido a otros pa\u00edses africanos en las \u00faltimas semanas, entre ellos Kenia, Ruanda, Burundi y Uganda, que contabilizan m\u00e1s de 200 infecciones confirmadas con la nueva variante Ib. Tambi\u00e9n se han registrado casos de la variante en personas en Suecia y Tailandia que hab\u00edan viajado a \u00c1frica.<\/p>\n\n\n\n<p class=\"wp-block-paragraph\">Los expertos creen que la nueva variante (denominada clado I) es probablemente m\u00e1s contagiosa que las cepas anteriores y puede causar una infecci\u00f3n m\u00e1s grave. Sin embargo, la mpox no suele transmitirse f\u00e1cilmente, siendo necesario el contacto directo para el contagio.<\/p>\n\n\n\n<p class=\"wp-block-paragraph\">El 20 de agosto, <strong>Hans Kluge<\/strong>, director regional de la OMS para Europa, inform\u00f3 a los periodistas de que el virus circulaba en la regi\u00f3n en una variante anterior menos agresiva, conocida como clado II, desde el brote anterior de 2022. Seg\u00fan Kluge, actualmente se producen unos 100 casos de esta variante al mes en Europa y \u201cla mpox no es el nuevo COVID\u201d.<\/p>\n\n\n\n<p class=\"wp-block-paragraph\">\u00abYa sabemos bastante sobre el clado II\u00bb, dijo Kluge, quien a\u00f1adi\u00f3 que \u201ctodav\u00eda tenemos que aprender m\u00e1s sobre el clado I\u201d, causante de la epidemia en \u00c1frica Central y Oriental.<\/p>\n\n\n\n<p class=\"wp-block-paragraph\">En julio de 2022, la OMS anunci\u00f3 una primera \u00abEmergencia de Salud P\u00fablica de Preocupaci\u00f3n Internacional\u00bb relacionada con la mpox, que se declar\u00f3 finalizada en mayo de 2023. Durante el brote de 2022-2023, se registraron m\u00e1s de 22.000 casos de mpox en Europa.<\/p>\n\n\n\n<p class=\"wp-block-paragraph\">El lunes, la OMS estim\u00f3 que necesitar\u00e1 135 millones de d\u00f3lares en los pr\u00f3ximos seis meses para combatir la mpox, sin incluir el coste de dos millones de dosis de vacunas, seg\u00fan un informe de planificaci\u00f3n de la agencia sanitaria de la ONU. El dinero se invertir\u00e1 principalmente en pruebas de diagn\u00f3stico e investigaci\u00f3n, seg\u00fan la OMS.<\/p>\n\n\n\n<h2 class=\"wp-block-heading\">No hay emergencia de salud p\u00fablica europea, la solidaridad es clave para atajar el brote<\/h2>\n\n\n\n<p class=\"wp-block-paragraph\">Seg\u00fan un portavoz de la Comisi\u00f3n Europea el 20 de agosto, la situaci\u00f3n actual en Europa no debe \u00abconsiderarse una emergencia de salud p\u00fablica\u00bb. El Centro Europeo para la Prevenci\u00f3n y el Control de las Enfermedades (ECDC) declar\u00f3 en una evaluaci\u00f3n de riesgos que \u00abes probable que se produzcan m\u00e1s casos importados\u00bb, pero considera que el riesgo de la nueva variante de mpox para el p\u00fablico en general de la UE\/EEE es bajo.<\/p>\n\n\n\n<p class=\"wp-block-paragraph\">Tras una reuni\u00f3n con el ECDC y la Agencia Europea del Medicamento (EMA), el Comit\u00e9 de Seguridad Sanitaria de la Comisi\u00f3n Europea concluy\u00f3 que no son necesarias medidas como los controles fronterizos o la ampliaci\u00f3n de la vacunaci\u00f3n al p\u00fablico en general.<\/p>\n\n\n\n<p class=\"wp-block-paragraph\">La Comisi\u00f3n Europea ha preguntado a los Estados miembros sobre su intenci\u00f3n de donar vacunas contra la mpox a los pa\u00edses africanos afectados y se ha ofrecido a coordinar el esfuerzo.<\/p>\n\n\n\n<p class=\"wp-block-paragraph\"><strong>Stella Kyriakides<\/strong>, Comisaria de Salud y Seguridad Alimentaria de la UE, envi\u00f3 el 22 de agosto una carta a los ministros de Sanidad de la UE en la que ped\u00eda una actuaci\u00f3n coordinada en un \u00abesp\u00edritu de solidaridad y cooperaci\u00f3n mundial\u00bb a trav\u00e9s del enfoque Team Europe, que tambi\u00e9n se utiliz\u00f3 durante la pandemia de COVID.<\/p>\n\n\n\n<figure class=\"wp-block-embed is-type-rich is-provider-twitter wp-block-embed-twitter\"><div class=\"wp-block-embed__wrapper\">\n<blockquote class=\"twitter-tweet\" data-width=\"550\" data-dnt=\"true\"><p lang=\"en\" dir=\"ltr\">I have written to \ud83c\uddea\ud83c\uddfa Health Ministers regarding plans to donate <a href=\"https:\/\/twitter.com\/hashtag\/mpox?src=hash&amp;ref_src=twsrc%5Etfw\">#mpox<\/a> vaccines &amp; therapeutics.<br><br>\u27a1\ufe0f\ud83c\udf0d solidarity is key to facing global health threats.<br><br>We count on Member States to support our African partners in managing the outbreak.<a href=\"https:\/\/twitter.com\/EU_Commission?ref_src=twsrc%5Etfw\">@EU_Commission<\/a> stands ready to coordinate. <a href=\"https:\/\/t.co\/5pfoYEf5kS\">pic.twitter.com\/5pfoYEf5kS<\/a><\/p>&mdash; Stella Kyriakides (@SKyriakidesEU) <a href=\"https:\/\/twitter.com\/SKyriakidesEU\/status\/1826886152093122766?ref_src=twsrc%5Etfw\">August 23, 2024<\/a><\/blockquote><script async src=\"https:\/\/platform.twitter.com\/widgets.js\" charset=\"utf-8\"><\/script>\n<\/div><\/figure>\n\n\n\n<p class=\"wp-block-paragraph\">La Uni\u00f3n Europea enviar\u00e1 175.420 dosis de vacunas al CDC de \u00c1frica para prevenir el mpox, anunci\u00f3 la Comisi\u00f3n Europea a mediados de agosto.&nbsp;<\/p>\n\n\n\n<p class=\"wp-block-paragraph\">La comisi\u00f3n indic\u00f3 en un\u00a0<a href=\"https:\/\/ec.europa.eu\/commission\/presscorner\/detail\/en\/ip_24_4244\">comunicado<\/a>\u00a0que suministrar\u00e1 las vacunas a trav\u00e9s de su\u00a0<strong>Autoridad de Preparaci\u00f3n y Respuesta ante Emergencias Sanitarias<\/strong>\u00a0(HERA). La empresa farmac\u00e9utica Bavarian Nordic, que fabrica la vacuna, donar\u00e1 40.000 dosis a HERA, seg\u00fan el comunicado.cimiento de la producci\u00f3n local de vacunas, a\u00f1adi\u00f3.<\/p>\n\n\n\n<p class=\"wp-block-paragraph\">El lunes, un portavoz del gobierno alem\u00e1n dijo que el pa\u00eds donar\u00eda 100.000 dosis de la vacuna mpox a los pa\u00edses africanos afectados por la enfermedad procedentes de las reservas del ej\u00e9rcito. A medio plazo, Alemania, junto con sus socios europeos, tambi\u00e9n apoyar\u00e1 a la Uni\u00f3n Africana en la creaci\u00f3n de una producci\u00f3n local de vacunas, afirm\u00f3.<\/p>\n\n\n\n<h2 class=\"wp-block-heading\">Los pa\u00edses de la UE se est\u00e1n preparando<\/h2>\n\n\n\n<p class=\"wp-block-paragraph\">Varios pa\u00edses europeos est\u00e1n recomendando a sus ciudadanos que se mantengan alerta cuando viajen a zonas afectadas y est\u00e1n aplicando medidas en caso de posibles contagios, mientras que las recomendaciones de vacunaci\u00f3n siguen limitadas a los grupos de riesgo. Las autoridades sanitarias de la UE y nacionales mantienen la calma, pero la alerta.<\/p>\n\n\n\n<p class=\"wp-block-paragraph\">En&nbsp;<strong>Suecia<\/strong>&nbsp;, donde a mediados de agosto se detect\u00f3 el primer caso de la nueva variante en Europa, se activ\u00f3 un grupo gubernamental especial de crisis llamado GSS.<\/p>\n\n\n\n<p class=\"wp-block-paragraph\">\u00abTomo la situaci\u00f3n muy en serio, pero no hay motivos para preocuparse demasiado. El riesgo de propagaci\u00f3n es bajo y estamos bien preparados para ello, con buenas rutinas en el sistema sanitario\u00bb, dijo a principios de este mes el ministro de Sanidad de Suecia,&nbsp;<strong>Jakob Forssmed<\/strong>&nbsp;.<\/p>\n\n\n\n<p class=\"wp-block-paragraph\">Suecia ha anunciado nuevos consejos de viaje para las personas que necesiten visitar los pa\u00edses m\u00e1s afectados de \u00c1frica, y tambi\u00e9n recomendaciones sobre qui\u00e9n podr\u00eda necesitar una vacuna.<\/p>\n\n\n\n<p class=\"wp-block-paragraph\">\u201cLa mayor\u00eda de las personas que van all\u00ed no necesitan vacunarse. La vacunaci\u00f3n puede ser relevante para el personal sanitario y hospitalario, los trabajadores humanitarios u otras personas que estar\u00e1n en la zona m\u00e1s afectada. Tenemos suficientes vacunas para todos los que se acojan a estas recomendaciones\u201d, dijo el epidemi\u00f3logo jefe&nbsp;<strong>Magnus Gissl\u00e9n<\/strong>&nbsp;a la agencia de noticias sueca TT.<\/p>\n\n\n\n<p class=\"wp-block-paragraph\">El Ministerio de Sanidad&nbsp;<strong>checo<\/strong>&nbsp;ha indicado que las personas que viajen a pa\u00edses africanos donde se ha detectado la enfermedad deber\u00edan consultar en un centro de vacunaci\u00f3n y medicina del viajero la idoneidad de la vacunaci\u00f3n y otras medidas de prevenci\u00f3n. Un portavoz ha indicado adem\u00e1s que en el pa\u00eds hay suficientes vacunas disponibles.&nbsp;<\/p>\n\n\n\n<p class=\"wp-block-paragraph\">El Ministerio de Sanidad espa\u00f1ol insiste en que Espa\u00f1a tambi\u00e9n tiene un stock suficiente de vacunas. El pasado 21 de agosto, la ministra de Sanidad,&nbsp;<strong>M\u00f3nica Garc\u00eda<\/strong>&nbsp;, envi\u00f3 un mensaje de \u201ctranquilidad, cautela y rigor cient\u00edfico\u201d respecto al virus mpox a la ciudadan\u00eda. Garc\u00eda dijo adem\u00e1s: \u201cVamos a ir, como siempre, de la mano del rigor cient\u00edfico y de las recomendaciones coordinadas a nivel europeo y mundial\u201d.<\/p>\n\n\n\n<p class=\"wp-block-paragraph\">El Instituto Nacional de Salud P\u00fablica y Medio Ambiente&nbsp;<strong>de los Pa\u00edses Bajos<\/strong>&nbsp;(RIVM) prev\u00e9 que la nueva variante llegue \u201cprobablemente\u201d tambi\u00e9n a los Pa\u00edses Bajos. \u201cEn cuanto tengamos un caso de la nueva variante, se aislar\u00e1 a la persona y se investigar\u00e1 la fuente y el contacto. La gente est\u00e1 preparada para ello. Esperamos poder contener la propagaci\u00f3n r\u00e1pidamente\u201d, inform\u00f3 el RIVM. El Ministerio de Salud, Bienestar y Deportes afirm\u00f3 que hay \u201calrededor\u201d de 100.000 vacunas disponibles, lo que se considera \u201csuficiente\u201d en vista de las cifras de infecciones desde el brote de mpox en 2022.&nbsp;<\/p>\n\n\n\n<p class=\"wp-block-paragraph\">El Instituto Nacional de Salud&nbsp;<strong>italiano<\/strong>&nbsp;(ISS) no recomienda actualmente las vacunas para la poblaci\u00f3n en general, afirmando que \u00abla vacunaci\u00f3n se ofrece actualmente a ciertas categor\u00edas de personas con mayor riesgo\u00bb. El Ministerio de Salud del pa\u00eds ha creado una p\u00e1gina web dedicada a mpox que incluye informaci\u00f3n sobre la enfermedad o la estrategia de vacunaci\u00f3n y los centros de vacunaci\u00f3n, as\u00ed como una secci\u00f3n sobre noticias falsas, entre otros temas.&nbsp;<\/p>\n\n\n\n<p class=\"wp-block-paragraph\">El Instituto Nacional de Salud P\u00fablica&nbsp;<strong>de Eslovenia<\/strong>&nbsp;(NIJZ) estima que actualmente no es necesaria ni recomendable la vacunaci\u00f3n de la poblaci\u00f3n general contra el virus de la inmunodeficiencia humana (MPOX). Se recomienda la vacunaci\u00f3n de los trabajadores de laboratorio y del personal sanitario altamente expuesto, as\u00ed como de los trabajadores humanitarios que tengan previsto trabajar en las zonas afectadas.<\/p>\n\n\n\n<p class=\"wp-block-paragraph\">Tras notificarse el primer caso de la nueva variante mpox en Europa, las autoridades sanitarias&nbsp;<strong>b\u00falgaras<\/strong>&nbsp;afirmaron que el riesgo de propagaci\u00f3n de la enfermedad en el pa\u00eds era m\u00ednimo y, por lo tanto, no preve\u00edan m\u00e1s medidas especiales para contener la infecci\u00f3n.&nbsp;<\/p>\n\n\n\n<hr class=\"wp-block-separator has-alpha-channel-opacity\"\/>\n\n\n\n<p class=\"wp-block-paragraph\"><strong>Verificaci\u00f3n de hechos: La declaraci\u00f3n de emergencia de la OMS no recomienda confinamientos<\/strong><\/p>\n\n\n\n<p class=\"wp-block-paragraph\">Despu\u00e9s de que la Organizaci\u00f3n Mundial de la Salud declarara el brote de mpox como una emergencia sanitaria mundial en agosto de 2024, publicaciones en las redes sociales y un art\u00edculo en l\u00ednea afirmaron que la agencia de la ONU hab\u00eda ordenado a los gobiernos que se prepararan para bloqueos a gran escala en previsi\u00f3n de una nueva pandemia.<\/p>\n\n\n\n<p class=\"wp-block-paragraph\">El equipo de verificaci\u00f3n de la Agence France-Presse (AFP) desminti\u00f3 estas afirmaciones, explicando que la OMS brinda asistencia t\u00e9cnica a los Estados miembros, no puede imponer medidas sanitarias espec\u00edficas y no ha recomendado restricciones de viaje.<\/p>\n\n\n\n<p class=\"wp-block-paragraph\">Lea la verificaci\u00f3n completa de AFP aqu\u00ed:&nbsp;<a href=\"https:\/\/factcheck.afp.com\/doc.afp.com.34P46UZ\" target=\"_blank\" rel=\"noreferrer noopener\">https:\/\/factcheck.afp.com\/doc.afp.com.36EE2D8<\/a><\/p>\n","protected":false},"excerpt":{"rendered":"<p>A mediados de agosto, la Organizaci\u00f3n Mundial de la Salud declar\u00f3 el m\u00e1ximo nivel de alarma debido a los brotes de mpox en varios pa\u00edses africanos y a una nueva variante potencialmente m\u00e1s peligrosa. Aunque el riesgo en Europa es bajo seg\u00fan el Centro Europeo para la Prevenci\u00f3n y el Control de Enfermedades, surgen llamadas a la solidaridad y a compartir vacunas.<\/p>\n","protected":false},"author":49,"featured_media":387542,"comment_status":"closed","ping_status":"closed","sticky":false,"template":"","format":"standard","meta":{"_acf_changed":false,"_et_pb_use_builder":"","_et_pb_old_content":"","_et_gb_content_width":"","footnotes":""},"categories":[39],"tags":[],"class_list":["post-387541","post","type-post","status-publish","format-standard","has-post-thumbnail","hentry","category-key-story"],"acf":[],"_links":{"self":[{"href":"https:\/\/europeannewsroom.com\/es\/wp-json\/wp\/v2\/posts\/387541","targetHints":{"allow":["GET"]}}],"collection":[{"href":"https:\/\/europeannewsroom.com\/es\/wp-json\/wp\/v2\/posts"}],"about":[{"href":"https:\/\/europeannewsroom.com\/es\/wp-json\/wp\/v2\/types\/post"}],"author":[{"embeddable":true,"href":"https:\/\/europeannewsroom.com\/es\/wp-json\/wp\/v2\/users\/49"}],"replies":[{"embeddable":true,"href":"https:\/\/europeannewsroom.com\/es\/wp-json\/wp\/v2\/comments?post=387541"}],"version-history":[{"count":0,"href":"https:\/\/europeannewsroom.com\/es\/wp-json\/wp\/v2\/posts\/387541\/revisions"}],"wp:featuredmedia":[{"embeddable":true,"href":"https:\/\/europeannewsroom.com\/es\/wp-json\/wp\/v2\/media\/387542"}],"wp:attachment":[{"href":"https:\/\/europeannewsroom.com\/es\/wp-json\/wp\/v2\/media?parent=387541"}],"wp:term":[{"taxonomy":"category","embeddable":true,"href":"https:\/\/europeannewsroom.com\/es\/wp-json\/wp\/v2\/categories?post=387541"},{"taxonomy":"post_tag","embeddable":true,"href":"https:\/\/europeannewsroom.com\/es\/wp-json\/wp\/v2\/tags?post=387541"}],"curies":[{"name":"wp","href":"https:\/\/api.w.org\/{rel}","templated":true}]}}