{"id":717105,"date":"2024-12-05T11:45:20","date_gmt":"2024-12-05T10:45:20","guid":{"rendered":"https:\/\/europeannewsroom.com\/?p=717105"},"modified":"2024-12-05T11:45:25","modified_gmt":"2024-12-05T10:45:25","slug":"la-nueva-comision-europea-toma-el-mando-en-medio-de-tensiones-internas-y-geopoliticas","status":"publish","type":"post","link":"https:\/\/europeannewsroom.com\/es\/la-nueva-comision-europea-toma-el-mando-en-medio-de-tensiones-internas-y-geopoliticas\/","title":{"rendered":"La nueva Comisi\u00f3n Europea toma el mando en medio de tensiones internas y geopol\u00edticas"},"content":{"rendered":"\n<p class=\"wp-block-paragraph\">El nuevo equipo ejecutivo de la Uni\u00f3n Europea, encabezado por la presidenta de la Comisi\u00f3n Europea,&nbsp;<strong>Ursula von der Leyen<\/strong>&nbsp;, asumi\u00f3 el cargo el domingo (1 de diciembre) mientras el bloque de 27 pa\u00edses se enfrenta a una nueva realidad geopol\u00edtica.<\/p>\n\n\n\n<p class=\"wp-block-paragraph\">Seguridad y defensa ante la agresi\u00f3n rusa en el flanco oriental del bloque, tensiones en Oriente Medio, escasa competitividad, rivalidad econ\u00f3mica de China, preocupaciones comerciales ante el regreso de&nbsp;<strong>Donald Trump<\/strong>&nbsp;a la Casa Blanca y abordar la inmigraci\u00f3n ilegal: la nueva Comisi\u00f3n tiene mucho trabajo por delante.<\/p>\n\n\n\n<p class=\"wp-block-paragraph\">La semana pasada, el Parlamento Europeo dio su aprobaci\u00f3n final para que la nueva Comisi\u00f3n inicie su mandato de cinco a\u00f1os, con 370 votos a favor, 282 en contra y 36 abstenciones. \u201cNo tenemos tiempo que perder. Y debemos ser tan ambiciosos como graves son las amenazas\u201d, dijo von der Leyen a los legisladores de la UE en Estrasburgo antes de la votaci\u00f3n.&nbsp;<\/p>\n\n\n\n<p class=\"wp-block-paragraph\"><strong>Kaja Kallas<\/strong>&nbsp;, ex primera ministra de Estonia, asumi\u00f3 el cargo de nueva Alta Representante de Asuntos Exteriores y Pol\u00edtica de Seguridad del bloque, en sustituci\u00f3n del ex m\u00e1ximo diplom\u00e1tico de la UE&nbsp;<strong>Josep Borrell<\/strong>&nbsp;. Junto al nuevo equipo de comisarios, el ex primer ministro portugu\u00e9s&nbsp;<strong>Ant\u00f3nio Costa<\/strong>&nbsp;asumi\u00f3 el cargo de nuevo presidente del Consejo Europeo, en sustituci\u00f3n del ex presidente&nbsp;<strong>Charles Michel<\/strong>&nbsp;.<\/p>\n\n\n\n<p class=\"wp-block-paragraph\">El equipo directivo de la Comisi\u00f3n Europea est\u00e1 formado por 27 miembros, uno por cada estado miembro de la UE encabezado por von der Leyen. El nuevo ejecutivo de la UE se viene preparando desde que el bloque de 27 naciones celebr\u00f3 elecciones europeas en junio.<\/p>\n\n\n\n<h2 class=\"wp-block-heading\"><strong>Se\u00f1ales fuertes para Europa y para Ucrania<\/strong><\/h2>\n\n\n\n<p class=\"wp-block-paragraph\">En su primer d\u00eda en el cargo, Costa y Kallas, acompa\u00f1ados por la comisaria de Ampliaci\u00f3n&nbsp;<strong>Marta Kos<\/strong>&nbsp;, viajaron a Kiev para enviar un mensaje contundente: la UE seguir\u00e1 apoyando a Ucrania frente a la agresi\u00f3n rusa y en su camino hacia la adhesi\u00f3n a la UE. \u201cLa situaci\u00f3n en Ucrania es muy, muy grave\u201d, afirm\u00f3 Kallas, responsable de pol\u00edtica exterior de la UE.&nbsp;<\/p>\n\n\n\n<p class=\"wp-block-paragraph\">Seg\u00fan Costa, el apoyo incluy\u00f3 apoyo humanitario, financiero, militar y diplom\u00e1tico.<\/p>\n\n\n\n<p class=\"wp-block-paragraph\">Sobre el proceso de adhesi\u00f3n de Ucrania a la UE, Kos, que fue embajador de Eslovenia en Alemania y Suiza, dijo: \u00abMi promesa es que har\u00e9 todo lo que est\u00e9 a mi alcance para llevarlos a la l\u00ednea final del proceso de negociaci\u00f3n\u00bb.&nbsp;<\/p>\n\n\n\n<p class=\"wp-block-paragraph\">La Uni\u00f3n Europea abri\u00f3 oficialmente las negociaciones de adhesi\u00f3n con Ucrania en junio. El domingo, Costa dijo que trabajar\u00e1 junto con Kiev para abrir al menos dos \u00e1reas de negociaciones de adhesi\u00f3n en el primer semestre de 2025.<\/p>\n\n\n\n<p class=\"wp-block-paragraph\">Debido a la agresi\u00f3n rusa, la UE cambi\u00f3 su posici\u00f3n respecto a la pol\u00edtica de ampliaci\u00f3n hacia sus vecinos del Este al conceder el estatus de pa\u00edses candidatos a Ucrania, Moldavia y Georgia. Esto era impensable antes de la guerra, ya que la UE tradicionalmente ha sido cautelosa en materia de ampliaci\u00f3n, pero la invasi\u00f3n rusa de Ucrania en 2022 ha dado un nuevo impulso a la perspectiva de ampliar el bloque.<\/p>\n\n\n\n<p class=\"wp-block-paragraph\">Sin embargo, Costa dijo que estaba en contra de \u201cplazos fijados artificialmente\u201d en el proceso de adhesi\u00f3n, lo que supone un alejamiento de la posici\u00f3n de Charles Michel, quien dijo que la UE y los pa\u00edses candidatos deber\u00edan estar preparados para la ampliaci\u00f3n en 2030.<\/p>\n\n\n\n<h2 class=\"wp-block-heading\"><strong>Un impulso al gasto de defensa<\/strong><\/h2>\n\n\n\n<p class=\"wp-block-paragraph\">Al esbozar las prioridades de su nueva Comisi\u00f3n la semana pasada, la jefa de la UE, Von der Leyen, destac\u00f3 la importancia de aumentar el gasto en defensa y la necesidad de mantener la unidad de la UE.<\/p>\n\n\n\n<p class=\"wp-block-paragraph\">Reforzar las defensas de Europa ha sido una prioridad desde que Rusia invadi\u00f3 Ucrania en 2022. Sin embargo, seg\u00fan la Comisi\u00f3n, el gasto europeo en defensa ha sido demasiado escaso y descoordinado en las \u00faltimas d\u00e9cadas para seguir el ritmo de Rusia y China.<\/p>\n\n\n\n<p class=\"wp-block-paragraph\">\u201cDebemos aumentar nuestro gasto en defensa. Necesitamos un mercado \u00fanico para la defensa. Necesitamos fortalecer la base industrial de defensa\u201d, afirm\u00f3.<\/p>\n\n\n\n<p class=\"wp-block-paragraph\">Desde la invasi\u00f3n rusa de 2022, Europa ha gastado en conjunto unos 125.000 millones de d\u00f3lares (119.000 millones de euros) en apoyar a Ucrania. Solo Estados Unidos ha desembolsado m\u00e1s de 90.000 millones de d\u00f3lares (85.000 millones de euros), seg\u00fan un informe del Instituto Kiel, un instituto de investigaci\u00f3n econ\u00f3mica y centro de estudios alem\u00e1n independiente y sin \u00e1nimo de lucro.<\/p>\n\n\n\n<p class=\"wp-block-paragraph\">Von der Leyen ya hab\u00eda dicho que el bloque necesita invertir 500.000 millones de euros (526.000 millones de d\u00f3lares) durante la pr\u00f3xima d\u00e9cada para seguir el ritmo de Rusia y China. Esto se ha vuelto m\u00e1s urgente desde que Donald Trump fue reelegido como presidente de Estados Unidos, en medio de temores de que pudiera reducir el compromiso de Estados Unidos con la seguridad europea y el apoyo a Ucrania.<\/p>\n\n\n\n<p class=\"wp-block-paragraph\">Por primera vez, la UE tendr\u00e1 un comisario de Defensa \u2013el lituano&nbsp;<strong>Andrius Kubilius\u2013<\/strong>&nbsp;que, junto con el nuevo responsable de pol\u00edtica exterior, Kallas, ha sido encargado de establecer una hoja de ruta para la defensa europea en los primeros 100 d\u00edas de la nueva Comisi\u00f3n.<\/p>\n\n\n\n<figure class=\"wp-block-image\"><img loading=\"lazy\" decoding=\"async\" width=\"1920\" height=\"1280\" src=\"https:\/\/europeannewsroom.com\/wp-content\/uploads\/2024\/12\/urnnewsmldpa.com20090101241127-99-160927-v1-s2048.jpeg\" alt=\"Ursula von der Leyen, presidenta de la Comisi\u00f3n Europea, durante una conferencia de prensa en el edificio del Parlamento Europeo.\" class=\"wp-image-711001\"\/><figcaption class=\"wp-element-caption\"><em>Ursula von der Leyen, presidenta de la Comisi\u00f3n Europea, habla durante una conferencia de prensa en el Parlamento Europeo. Foto: Philipp von Ditfurth\/dpa<\/em><\/figcaption><\/figure>\n\n\n\n<h2 class=\"wp-block-heading\"><strong>\u00bfQu\u00e9 m\u00e1s se puede esperar de los primeros 100 d\u00edas de la nueva Comisi\u00f3n?<\/strong><\/h2>\n\n\n\n<p class=\"wp-block-paragraph\">La presidenta de la Comisi\u00f3n, von der Leyen, dijo que otro objetivo principal de su nuevo equipo deber\u00eda ser renovar la competitividad econ\u00f3mica de la UE, evitando lo que el ex primer ministro italiano&nbsp;<strong>Mario Draghi<\/strong>&nbsp;describi\u00f3 como la \u201clenta agon\u00eda\u201d del declive.<\/p>\n\n\n\n<p class=\"wp-block-paragraph\">El bloque lucha por seguir el ritmo de Estados Unidos y enfrenta una creciente competencia de China en medio de una serie de desaf\u00edos que incluyen baja productividad, crecimiento lento, altos costos de energ\u00eda e inversiones d\u00e9biles.&nbsp;<\/p>\n\n\n\n<p class=\"wp-block-paragraph\">El franc\u00e9s&nbsp;<strong>St\u00e9phane S\u00e9journ\u00e9<\/strong>&nbsp;, responsable de la estrategia industrial de la UE, tendr\u00e1 que trabajar con la espa\u00f1ola&nbsp;<strong>Teresa Ribera<\/strong>&nbsp;, nueva responsable de Competencia y Transici\u00f3n Verde, para conciliar el crecimiento econ\u00f3mico con las ambiciones clim\u00e1ticas sin amenazar la competitividad de las empresas europeas.&nbsp;<\/p>\n\n\n\n<p class=\"wp-block-paragraph\">La semana pasada, Von der Leyen dijo que la primera gran iniciativa de la Comisi\u00f3n ser\u00e1 una \u201cbr\u00fajula de competitividad\u201d que enmarque la estrategia. Los tres pilares principales de esta br\u00fajula ser\u00edan impulsar la innovaci\u00f3n, apoyar la descarbonizaci\u00f3n de la econom\u00eda y diversificar el suministro de materias primas.<\/p>\n\n\n\n<p class=\"wp-block-paragraph\">Tambi\u00e9n tiene la intenci\u00f3n de presentar el Clean Industrial Deal, anunciado previamente, dentro de los primeros 100 d\u00edas de mandato. El acuerdo tiene como objetivo desbloquear la inversi\u00f3n, crear mercados l\u00edderes para tecnolog\u00edas limpias y crear las condiciones para que las empresas europeas crezcan y compitan con sus rivales en China o Estados Unidos.<\/p>\n\n\n\n<p class=\"wp-block-paragraph\">Para impulsar la innovaci\u00f3n, la b\u00falgara&nbsp;<strong>Ekaterina Zaharieva,<\/strong>&nbsp;en su calidad de comisaria de Empresas emergentes, Investigaci\u00f3n e Innovaci\u00f3n, tiene la tarea de reforzar el Espacio Europeo de Investigaci\u00f3n y se ha comprometido a proponer una nueva Ley Europea de Innovaci\u00f3n. Tambi\u00e9n pretende presionar a los Estados miembros de la UE para que cumplan el objetivo de gasto del 3 % en investigaci\u00f3n e innovaci\u00f3n y desarrollar una estrategia integral para las empresas emergentes.<\/p>\n\n\n\n<p class=\"wp-block-paragraph\">Von der Leyen tambi\u00e9n dijo que quiere abordar la crisis en la industria automotriz causada por la transici\u00f3n a tecnolog\u00edas bajas en carbono, el deterioro de las cadenas de suministro, la mayor competencia de Asia y la disminuci\u00f3n de la demanda de modelos el\u00e9ctricos.<\/p>\n\n\n\n<p class=\"wp-block-paragraph\">En materia de seguridad y precios energ\u00e9ticos, as\u00ed como de crisis inmobiliaria, el dan\u00e9s&nbsp;<strong>Dan J\u00f8rgensen<\/strong>&nbsp;ha recibido el encargo de reducir los precios de la energ\u00eda y lograr que la UE sea independiente del gas ruso en su funci\u00f3n de Comisario de Vivienda y Energ\u00eda.<\/p>\n\n\n\n<p class=\"wp-block-paragraph\">El exministro dan\u00e9s afirm\u00f3 que, en un momento en que el bloque busca aumentar su producci\u00f3n de energ\u00eda renovable, \u201cno hay duda de que la transici\u00f3n verde est\u00e1 bajo presi\u00f3n en muchos pa\u00edses de la UE, pero soy muy optimista y creo que en la Comisi\u00f3n Europea podemos seguir siendo bastante ambiciosos\u201d.<\/p>\n\n\n\n<p class=\"wp-block-paragraph\">Von der Leyen tambi\u00e9n reiter\u00f3 su postura firme frente a la migraci\u00f3n. Los cruces irregulares de fronteras hacia la Uni\u00f3n Europea han disminuido un 43 por ciento este a\u00f1o despu\u00e9s de alcanzar un m\u00e1ximo de casi diez a\u00f1os en 2023, pero la migraci\u00f3n ocupa un lugar destacado en la agenda pol\u00edtica tras los avances de la extrema derecha en varios pa\u00edses.<\/p>\n\n\n\n<p class=\"wp-block-paragraph\">En octubre, los l\u00edderes de la UE pidieron que se aprobara urgentemente una nueva legislaci\u00f3n para aumentar y acelerar las devoluciones y que la Comisi\u00f3n explorara \u201cnuevas formas\u201d de contrarrestar la migraci\u00f3n irregular. Von der Leyen prometi\u00f3 presentar r\u00e1pidamente una propuesta sobre la mesa, apenas unos meses despu\u00e9s de que el bloque adoptara una reforma de sus pol\u00edticas de asilo que se negoci\u00f3 durante mucho tiempo.<\/p>\n\n\n\n<p class=\"wp-block-paragraph\"><em>Este art\u00edculo se publica dos veces por semana. El contenido se basa en noticias de agencias participantes en el enr<\/em>&nbsp;.<\/p>\n","protected":false},"excerpt":{"rendered":"<p>La nueva Comisi\u00f3n Europea ha entrado en su primera semana de mandato de cinco a\u00f1os hasta 2029. Desde tensiones geopol\u00edticas hasta desaf\u00edos internos como la debilidad econ\u00f3mica, la disminuci\u00f3n de la competitividad y la lucha contra la inmigraci\u00f3n ilegal, el nuevo equipo de liderazgo del ejecutivo de la UE tendr\u00e1 que recorrer un camino dif\u00edcil por delante.<\/p>\n","protected":false},"author":49,"featured_media":717106,"comment_status":"closed","ping_status":"closed","sticky":false,"template":"","format":"standard","meta":{"_acf_changed":false,"_et_pb_use_builder":"","_et_pb_old_content":"","_et_gb_content_width":"","footnotes":""},"categories":[39],"tags":[16451,16450,16452,16453,16448,17216,17331,17332],"class_list":["post-717105","post","type-post","status-publish","format-standard","has-post-thumbnail","hentry","category-key-story","tag-afp","tag-ansa","tag-bta-2","tag-ctk","tag-dpa","tag-europa-press","tag-hina","tag-ritzau"],"acf":[],"_links":{"self":[{"href":"https:\/\/europeannewsroom.com\/es\/wp-json\/wp\/v2\/posts\/717105","targetHints":{"allow":["GET"]}}],"collection":[{"href":"https:\/\/europeannewsroom.com\/es\/wp-json\/wp\/v2\/posts"}],"about":[{"href":"https:\/\/europeannewsroom.com\/es\/wp-json\/wp\/v2\/types\/post"}],"author":[{"embeddable":true,"href":"https:\/\/europeannewsroom.com\/es\/wp-json\/wp\/v2\/users\/49"}],"replies":[{"embeddable":true,"href":"https:\/\/europeannewsroom.com\/es\/wp-json\/wp\/v2\/comments?post=717105"}],"version-history":[{"count":0,"href":"https:\/\/europeannewsroom.com\/es\/wp-json\/wp\/v2\/posts\/717105\/revisions"}],"wp:featuredmedia":[{"embeddable":true,"href":"https:\/\/europeannewsroom.com\/es\/wp-json\/wp\/v2\/media\/717106"}],"wp:attachment":[{"href":"https:\/\/europeannewsroom.com\/es\/wp-json\/wp\/v2\/media?parent=717105"}],"wp:term":[{"taxonomy":"category","embeddable":true,"href":"https:\/\/europeannewsroom.com\/es\/wp-json\/wp\/v2\/categories?post=717105"},{"taxonomy":"post_tag","embeddable":true,"href":"https:\/\/europeannewsroom.com\/es\/wp-json\/wp\/v2\/tags?post=717105"}],"curies":[{"name":"wp","href":"https:\/\/api.w.org\/{rel}","templated":true}]}}