{"id":718067,"date":"2024-12-05T17:26:18","date_gmt":"2024-12-05T16:26:18","guid":{"rendered":"https:\/\/europeannewsroom.com\/?p=718067"},"modified":"2024-12-05T17:52:48","modified_gmt":"2024-12-05T16:52:48","slug":"albares-le-dice-a-metsola-que-las-lenguas-cooficiales-son-una-identidad-nacional-espanola","status":"publish","type":"post","link":"https:\/\/europeannewsroom.com\/es\/albares-le-dice-a-metsola-que-las-lenguas-cooficiales-son-una-identidad-nacional-espanola\/","title":{"rendered":"Albares le dice a Metsola que las lenguas cooficiales son una identidad nacional espa\u00f1ola"},"content":{"rendered":"\n<p class=\"wp-block-paragraph\">Bruselas &#8211; El ministro de Asuntos Exteriores, <strong>Jos\u00e9 Manuel Albares<\/strong>, dijo este mi\u00e9rcoles a la presidenta del Parlamento Europeo, <strong>Roberta Metsola<\/strong>, que las lenguas cooficiales son \u00abun asunto de identidad espa\u00f1ola\u00bb, a la espera de un informe interno de la Euroc\u00e1mara para valorar las implicaciones del uso de las mismas en los plenos parlamentarios.<\/p>\n\n\n\n<p class=\"wp-block-paragraph\">\u00abSe ha puesto de relieve que este no es un asunto pol\u00edtico en el sentido de pol\u00edtica partidista, sino que es un asunto de identidad nacional espa\u00f1ola\u00bb, dijo Albares en declaraciones a la prensa tras reunirse con Metsola en la sede del Parlamento Europeo en Bruselas.<\/p>\n\n\n\n<p class=\"wp-block-paragraph\">El encuentro, previsto inicialmente para principios de noviembre pero pospuesto por la dana, llega semanas despu\u00e9s de que Metsola haya solicitado un nuevo informe sobre las implicaciones del uso del catal\u00e1n, euskera y gallego en los plenos de esta instituci\u00f3n comunitaria como paso previo a la decisi\u00f3n de incluirlos en el r\u00e9gimen ling\u00fc\u00edstico del Parlamento Europeo.<\/p>\n\n\n\n<p class=\"wp-block-paragraph\">El grupo de trabajo de la Mesa dedicado a lenguas, ciudadanos e interpretaci\u00f3n, que se reunir\u00e1 por primera vez esta legislatura el pr\u00f3ximo 10 de diciembre, elaborar\u00e1 un informe sobre las consecuencias pr\u00e1cticas, presupuestarias y pol\u00edticas de esta decisi\u00f3n, pero no tiene plazo para presentarlo.<\/p>\n\n\n\n<p class=\"wp-block-paragraph\">Albares se\u00f1al\u00f3 que el informe es \u00absoberan\u00eda del Parlamento Europeo\u00bb pero que \u00abel asunto ya est\u00e1 encima de la mesa y va a llevar un tr\u00e1mite normal\u00bb.<\/p>\n\n\n\n<p class=\"wp-block-paragraph\">En este grupo est\u00e1n los dos vicepresidentes espa\u00f1oles del Parlamento Europeo, el socialista <strong>Javi L\u00f3pez<\/strong> y el popular <strong>Esteban Gonz\u00e1lez Pons<\/strong>. \u00abYo no creo que este tenga que ser un tema de disputa pol\u00edtica, es un tema de nuestra identidad nacional y as\u00ed se lo traslado al Partido Popular\u00bb, se\u00f1al\u00f3 Albares.<\/p>\n\n\n\n<p class=\"wp-block-paragraph\">\u00abEsto no es la victoria de unos espa\u00f1oles sobre otros. Esto es nuestra identidad nacional, las lenguas cooficiales que est\u00e1n en nuestra Constituci\u00f3n, que se usan con normalidad todos los d\u00edas en muchas comunidades aut\u00f3nomas, tambi\u00e9n por miembros del Partido Popular (\u2026). Sinceramente, no me encontrar\u00e1n a m\u00ed queriendo hacer de nuestras lenguas oficiales (\u2026) un caballo de batalla contra nadie. Yo quiero sumar a todas las familias pol\u00edticas\u00bb, a\u00f1adi\u00f3.<\/p>\n\n\n\n<p class=\"wp-block-paragraph\">En la reuni\u00f3n tampoco se trat\u00f3, dijo el ministro, el informe inicial que solicit\u00f3 Metsola a los servicios jur\u00eddicos de la Euroc\u00e1mara en 2022 y cuyo contenido (o si est\u00e1 finalizado) nunca ha trascendido.<\/p>\n\n\n\n<p class=\"wp-block-paragraph\">El informe al parecer aborda -entre otros temas- el coste de los int\u00e9rpretes, las consecuencias pol\u00edticas si otros pa\u00edses europeos con minor\u00edas ling\u00fc\u00edsticas quisieran hacer lo propio o el caso pr\u00e1ctico del ga\u00e9lico, el \u00faltimo idioma en ser reconocido como oficial a nivel europeo.<\/p>\n\n\n\n<p class=\"wp-block-paragraph\">Este paso llega despu\u00e9s de que el ministro Albares escribiera en septiembre una tercera carta a Metsola para pedirle que permita el uso de las tres lenguas cooficiales y subrayara que son \u00abun elemento esencial en la identidad nacional espa\u00f1ola\u00bb, inherente a sus estructuras pol\u00edticas y constitucionales fundamentales.<\/p>\n\n\n\n<p class=\"wp-block-paragraph\">El proceso en el Parlamento Europeo es, sin embargo, independiente de la solicitud del Gobierno espa\u00f1ol de que estas tres lenguas sean oficiales en toda la Uni\u00f3n Europea, un debate que tiene lugar en el Consejo de la Uni\u00f3n Europea -donde est\u00e1n representados los gobiernos- y que Madrid impuls\u00f3 durante la presidencia espa\u00f1ola del Consejo pero sigue bloqueada.<\/p>\n\n\n\n<p class=\"wp-block-paragraph\">Albares se\u00f1al\u00f3 que no ha hablado en concreto con el Gobierno polaco -que ostentar\u00e1 la presidencia semestral del Consejo en la primera mitad de 2025- sobre \u00aben qu\u00e9 Consejo de Asuntos Generales ir\u00e1 o no ir\u00e1\u00bb, pero se mostr\u00f3 convencido de que Espa\u00f1a \u00ablo va a tener en la Presidencia polaca como tema y no hay ninguna dificultad\u00bb.<\/p>\n\n\n\n<p class=\"wp-block-paragraph\">En el encuentro, el ministro aprovech\u00f3 para hablar con Metsola sobre el nuevo ciclo legislativo europeo y para darle su enhorabuena por su reelecci\u00f3n como presidenta de la Euroc\u00e1mara y su agradecimiento por la implicaci\u00f3n personal con las v\u00edctimas de la dana, ya que Metsola impuls\u00f3 una tramitaci\u00f3n de urgencia para el reglamento que permite flexibilizar ciertas ayudas. (4 de noviembre) <\/p>\n","protected":false},"excerpt":{"rendered":"<p>El grupo de trabajo de la Mesa dedicado a lenguas, ciudadanos e interpretaci\u00f3n, que se reunir\u00e1 por primera vez esta legislatura el pr\u00f3ximo 10 de diciembre, elaborar\u00e1 un informe sobre las consecuencias pr\u00e1cticas, presupuestarias y pol\u00edticas de esta decisi\u00f3n, pero no tiene plazo para presentarlo.<\/p>\n","protected":false},"author":49,"featured_media":718069,"comment_status":"closed","ping_status":"closed","sticky":false,"template":"","format":"standard","meta":{"_acf_changed":false,"_et_pb_use_builder":"","_et_pb_old_content":"","_et_gb_content_width":"","footnotes":""},"categories":[45],"tags":[],"class_list":["post-718067","post","type-post","status-publish","format-standard","has-post-thumbnail","hentry","category-europe-in-brief"],"acf":[],"_links":{"self":[{"href":"https:\/\/europeannewsroom.com\/es\/wp-json\/wp\/v2\/posts\/718067","targetHints":{"allow":["GET"]}}],"collection":[{"href":"https:\/\/europeannewsroom.com\/es\/wp-json\/wp\/v2\/posts"}],"about":[{"href":"https:\/\/europeannewsroom.com\/es\/wp-json\/wp\/v2\/types\/post"}],"author":[{"embeddable":true,"href":"https:\/\/europeannewsroom.com\/es\/wp-json\/wp\/v2\/users\/49"}],"replies":[{"embeddable":true,"href":"https:\/\/europeannewsroom.com\/es\/wp-json\/wp\/v2\/comments?post=718067"}],"version-history":[{"count":0,"href":"https:\/\/europeannewsroom.com\/es\/wp-json\/wp\/v2\/posts\/718067\/revisions"}],"wp:featuredmedia":[{"embeddable":true,"href":"https:\/\/europeannewsroom.com\/es\/wp-json\/wp\/v2\/media\/718069"}],"wp:attachment":[{"href":"https:\/\/europeannewsroom.com\/es\/wp-json\/wp\/v2\/media?parent=718067"}],"wp:term":[{"taxonomy":"category","embeddable":true,"href":"https:\/\/europeannewsroom.com\/es\/wp-json\/wp\/v2\/categories?post=718067"},{"taxonomy":"post_tag","embeddable":true,"href":"https:\/\/europeannewsroom.com\/es\/wp-json\/wp\/v2\/tags?post=718067"}],"curies":[{"name":"wp","href":"https:\/\/api.w.org\/{rel}","templated":true}]}}