{"id":721700,"date":"2024-12-07T10:02:07","date_gmt":"2024-12-07T09:02:07","guid":{"rendered":"https:\/\/europeannewsroom.com\/?p=721700"},"modified":"2024-12-07T10:02:37","modified_gmt":"2024-12-07T09:02:37","slug":"protestas-en-georgia-despues-de-que-el-primer-ministro-del-pais-retrasara-su-candidatura-a-la-ue-hasta-2028","status":"publish","type":"post","link":"https:\/\/europeannewsroom.com\/es\/protestas-en-georgia-despues-de-que-el-primer-ministro-del-pais-retrasara-su-candidatura-a-la-ue-hasta-2028\/","title":{"rendered":"Protestas en Georgia despu\u00e9s de que el primer ministro del pa\u00eds retrasara su candidatura de adhesi\u00f3n a la UE hasta 2028"},"content":{"rendered":"\n<p class=\"wp-block-paragraph\">El jueves de la semana pasada estallaron protestas en Georgia despu\u00e9s de que el primer ministro\u00a0<strong>Irakli Kobakhidze<\/strong>\u00a0dijera que el pa\u00eds no buscar\u00eda la adhesi\u00f3n a la Uni\u00f3n Europea hasta 2028, acusando a Bruselas de \u201cchantaje\u201d.<\/p>\n\n\n\n<p class=\"wp-block-paragraph\">El anuncio se produjo horas despu\u00e9s de que el&nbsp;<strong>Parlamento Europeo<\/strong>&nbsp;adoptara una resoluci\u00f3n no vinculante en la que rechazaba los resultados de las elecciones parlamentarias del 26 de octubre en Georgia, citando \u201cirregularidades significativas\u201d. La resoluci\u00f3n ped\u00eda que se celebraran nuevas elecciones en el plazo de un a\u00f1o bajo supervisi\u00f3n internacional y que se impusieran sanciones a los altos funcionarios georgianos, incluido Kobakhidze.<\/p>\n\n\n\n<p class=\"wp-block-paragraph\">Kobakhidze acus\u00f3 al&nbsp;<strong>Parlamento Europeo<\/strong>&nbsp;y a \u201calgunos pol\u00edticos europeos\u201d de \u201cchantaje\u201d, y afirm\u00f3: \u201cHemos decidido no plantear la cuesti\u00f3n de la adhesi\u00f3n a la Uni\u00f3n Europea en la agenda hasta finales de 2028\u201d. Al mismo tiempo, Kobakhidze se comprometi\u00f3 a seguir implementando reformas y afirm\u00f3 que \u201cpara 2028, Georgia estar\u00e1 m\u00e1s preparada que cualquier otro pa\u00eds candidato para iniciar negociaciones de adhesi\u00f3n con Bruselas y convertirse en un estado miembro en 2030\u201d.<\/p>\n\n\n\n<p class=\"wp-block-paragraph\">En respuesta al anuncio de Kobakhidze de posponer la candidatura a la UE, seis embajadores georgianos han dimitido en los \u00faltimos d\u00edas: los jefes de las misiones del pa\u00eds en Estados Unidos, Italia y los Pa\u00edses Bajos, la Rep\u00fablica Checa, Bulgaria, as\u00ed como el viceministro de Asuntos Exteriores,&nbsp;<strong>Teimuraz Dzhandzhalia,<\/strong>&nbsp;han presentado su dimisi\u00f3n.<\/p>\n\n\n\n<p class=\"wp-block-paragraph\">El ex pa\u00eds sovi\u00e9tico obtuvo oficialmente el estatus de candidato a la UE en diciembre de 2023. En julio de este a\u00f1o, la UE congel\u00f3 el proceso de adhesi\u00f3n de Georgia hasta que Tbilisi tome medidas concretas para abordar lo que la Uni\u00f3n llama un retroceso democr\u00e1tico.<\/p>\n\n\n\n<p class=\"wp-block-paragraph\">Los diputados de la oposici\u00f3n georgiana boicotean el nuevo parlamento, alegando fraude en las elecciones de octubre, en las que el partido gobernante Sue\u00f1o Georgiano obtuvo una nueva mayor\u00eda. La presidenta pro-UE&nbsp;<strong>Salom\u00e9 Zourabichvili<\/strong>&nbsp;\u2013que est\u00e1 en desacuerdo con Sue\u00f1o Georgiano\u2013 ha declarado que las elecciones son \u201cinconstitucionales\u201d y est\u00e1 tratando de anular los resultados de las elecciones a trav\u00e9s del Tribunal Constitucional.<\/p>\n\n\n\n<p class=\"wp-block-paragraph\">Los cr\u00edticos acusan a Sue\u00f1o Georgiano de acercarse a Mosc\u00fa, pese al fuerte sentimiento antirruso que reina en la sociedad georgiana. Seg\u00fan las encuestas, alrededor del 80 por ciento de los georgianos apoyan la pertenencia a la UE y se distancian de la Rusia de Vladimir Putin.<\/p>\n\n\n\n<p class=\"wp-block-paragraph\">Desde 2022, el partido Sue\u00f1o Georgiano ha impulsado una legislaci\u00f3n al estilo ruso dirigida a la sociedad civil y a los medios de comunicaci\u00f3n independientes, adem\u00e1s de restringir los derechos LGBTQ.<\/p>\n\n\n\n<p class=\"wp-block-paragraph\">Tras casi una semana de protestas, el gobierno anunci\u00f3 este mi\u00e9rcoles debates en la televisi\u00f3n p\u00fablica entre representantes del gobierno y de la oposici\u00f3n sobre la crisis institucional que vive el pa\u00eds desde las elecciones legislativas del 26 de octubre.<\/p>\n\n\n\n<figure class=\"wp-block-image\"><img loading=\"lazy\" decoding=\"async\" width=\"1024\" height=\"683\" src=\"https:\/\/europeannewsroom.com\/wp-content\/uploads\/2024\/12\/Proteste_in_Georgien_84315867-1024x683.jpg\" alt=\"\" class=\"wp-image-720054\" srcset=\"https:\/\/europeannewsroom.com\/wp-content\/uploads\/2024\/12\/Proteste_in_Georgien_84315867-980x653.jpg 980w, https:\/\/europeannewsroom.com\/wp-content\/uploads\/2024\/12\/Proteste_in_Georgien_84315867-480x320.jpg 480w\" sizes=\"(min-width: 0px) and (max-width: 480px) 480px, (min-width: 481px) and (max-width: 980px) 980px, (min-width: 981px) 1024px, 100vw\" \/><figcaption class=\"wp-element-caption\">04.12.2024, Georgia, Tbilisi: Los manifestantes lanzaron petardos durante una protesta contra la decisi\u00f3n del gobierno de suspender las negociaciones para la adhesi\u00f3n a la Uni\u00f3n Europea. Foto: Pavel Bednyakov\/AP\/dpa<\/figcaption><\/figure>\n\n\n\n<h2 class=\"wp-block-heading\">Alrededor de 300 detenidos en protestas hasta ahora<\/h2>\n\n\n\n<p class=\"wp-block-paragraph\">Tras la declaraci\u00f3n de Kobakhidze, estallaron protestas callejeras en Tbilisi y en varias ciudades importantes de Georgia, como Batumi, Kutaisi y Gori.<\/p>\n\n\n\n<p class=\"wp-block-paragraph\">Ondeando banderas de la UE y de Georgia, miles de personas se congregaron frente al Parlamento, bloqueando el tr\u00e1fico y erigiendo barricadas en la avenida principal de Tbilisi.&nbsp;<\/p>\n\n\n\n<p class=\"wp-block-paragraph\">Agentes enmascarados y con equipo antidisturbios dispararon balas de goma, gases lacrim\u00f3genos y ca\u00f1ones de agua mientras avanzaban para dispersar a los manifestantes que lanzaban fuegos artificiales, mientras se ve\u00edan llamas saliendo de una ventana del edificio del Parlamento.<\/p>\n\n\n\n<p class=\"wp-block-paragraph\">\u201cEl Sue\u00f1o Georgiano no gan\u00f3 las elecciones, dio un golpe de Estado. En Georgia no hay un parlamento ni un gobierno leg\u00edtimos\u201d, dijo un manifestante de 20 a\u00f1os a un periodista de la agencia de prensa francesa AFP. \u201cNo permitiremos que este autoproclamado primer ministro destruya nuestro futuro europeo\u201d, coment\u00f3 otra persona que participaba en las protestas.&nbsp;<\/p>\n\n\n\n<p class=\"wp-block-paragraph\">El l\u00edder de la oposici\u00f3n,&nbsp;<strong>Nika Gvaramia<\/strong>&nbsp;, del&nbsp;<strong>partido Akhali<\/strong>&nbsp;, fue golpeado y arrestado durante una redada policial en las oficinas de otro partido de la oposici\u00f3n,&nbsp;<strong>Droa<\/strong>&nbsp;.<\/p>\n\n\n\n<p class=\"wp-block-paragraph\">La estaci\u00f3n de televisi\u00f3n independiente Pirveli inform\u00f3 que otros dos l\u00edderes de la oposici\u00f3n,&nbsp;<strong>Alexandre Elisashvili<\/strong>&nbsp;y&nbsp;<strong>Zurab Datunashvili<\/strong>&nbsp;, dos veces campe\u00f3n mundial de lucha libre, fueron arrestados el mi\u00e9rcoles por la noche cerca de la protesta, durante un enfrentamiento con agentes de seguridad vestidos de civil presuntamente desplegados para atacar a los cr\u00edticos del gobierno.<\/p>\n\n\n\n<p class=\"wp-block-paragraph\">Hasta ahora, durante las protestas, alrededor de 300 personas han sido detenidas y decenas, incluidos manifestantes y polic\u00edas, han resultado heridas en enfrentamientos frente al edificio del Parlamento en el centro de Tbilisi.<\/p>\n\n\n\n<h2 class=\"wp-block-heading\">Von der Leyen: La UE est\u00e1 con el pueblo de Georgia<\/h2>\n\n\n\n<p class=\"wp-block-paragraph\">En un comunicado, la presidenta de la Comisi\u00f3n Europea,&nbsp;<strong>Ursula von der Leyen,<\/strong>&nbsp;lament\u00f3 la decisi\u00f3n del Gobierno contra la UE y sus valores. Subray\u00f3 que la Uni\u00f3n Europea apoya a los georgianos y su decisi\u00f3n a favor de un futuro europeo.<\/p>\n\n\n\n<figure class=\"wp-block-embed is-type-rich is-provider-twitter wp-block-embed-twitter\"><div class=\"wp-block-embed__wrapper\">\n<blockquote class=\"twitter-tweet\" data-width=\"550\" data-dnt=\"true\"><p lang=\"en\" dir=\"ltr\">We regret the Georgian leadership&#39;s shift away from the EU and its values.<br><br>The EU stands with the people of Georgia and their choice for a European future. <br><br>The door to the EU remains open.<br><br>The return of Georgia on the EU path is in the hands of the Georgian leadership.<\/p>&mdash; Ursula von der Leyen (@vonderleyen) <a href=\"https:\/\/twitter.com\/vonderleyen\/status\/1863214465862488066?ref_src=twsrc%5Etfw\">December 1, 2024<\/a><\/blockquote><script async src=\"https:\/\/platform.twitter.com\/widgets.js\" charset=\"utf-8\"><\/script>\n<\/div><\/figure>\n\n\n\n<p class=\"wp-block-paragraph\"><\/p>\n\n\n\n<p class=\"wp-block-paragraph\">\u201cCondenamos la violencia contra manifestantes pac\u00edficos\u201d, afirm\u00f3 el nuevo presidente del Consejo Europeo, Ant\u00f3nio Costa, en un comunicado.<\/p>\n\n\n\n<p class=\"wp-block-paragraph\">El nuevo responsable de la pol\u00edtica exterior de la UE,&nbsp;<strong>Kaja Kallas,<\/strong>&nbsp;advirti\u00f3 el domingo a las autoridades georgianas sobre la violencia contra los manifestantes que protestaban contra la decisi\u00f3n del gobierno de archivar su intento de unirse al bloque. \u201cEst\u00e1 claro que el uso de la violencia contra manifestantes pac\u00edficos no es aceptable, y el gobierno georgiano debe respetar la voluntad del pueblo georgiano\u201d, dijo Kallas a los periodistas. \u201cEn lo que respecta a la Uni\u00f3n Europea, esto tiene consecuencias claras en nuestra relaci\u00f3n con Georgia\u201d, afirm\u00f3 Kallas.<\/p>\n\n\n\n<figure class=\"wp-block-embed is-type-rich is-provider-twitter wp-block-embed-twitter\"><div class=\"wp-block-embed__wrapper\">\n<blockquote class=\"twitter-tweet\" data-width=\"550\" data-dnt=\"true\"><p lang=\"en\" dir=\"ltr\">Had a call with <a href=\"https:\/\/twitter.com\/Zourabichvili_S?ref_src=twsrc%5Etfw\">@Zourabichvili_S<\/a> together with <a href=\"https:\/\/twitter.com\/kajakallas?ref_src=twsrc%5Etfw\">@kajakallas<\/a>. <br><br>We condemn the violence against peaceful protestors.<br><br>Actions of government run counter to the will of the people. The EU stands with the people of <a href=\"https:\/\/twitter.com\/hashtag\/Georgia?src=hash&amp;ref_src=twsrc%5Etfw\">#Georgia<\/a>. <a href=\"https:\/\/t.co\/OxapgXsafB\">pic.twitter.com\/OxapgXsafB<\/a><\/p>&mdash; Ant\u00f3nio Costa (@eucopresident) <a href=\"https:\/\/twitter.com\/eucopresident\/status\/1863321454630027310?ref_src=twsrc%5Etfw\">December 1, 2024<\/a><\/blockquote><script async src=\"https:\/\/platform.twitter.com\/widgets.js\" charset=\"utf-8\"><\/script>\n<\/div><\/figure>\n\n\n\n<p class=\"wp-block-paragraph\"><strong>Francia<\/strong>&nbsp;pide \u201crespeto al derecho a manifestarse pac\u00edficamente\u201d y promete su \u201capoyo a las aspiraciones europeas\u201d de Georgia. \u201cEstamos preocupados por las informaciones sobre represi\u00f3n contra manifestantes y periodistas y pedimos que se respete el derecho a manifestarse pac\u00edficamente\u201d, afirma el Ministerio de Asuntos Exteriores en un comunicado, y asegura que \u201cFrancia seguir\u00e1 manteniendo fuertes v\u00ednculos con el pueblo georgiano y apoyando sus aspiraciones europeas, que no deben ser traicionadas\u201d.<\/p>\n\n\n\n<p class=\"wp-block-paragraph\"><strong><\/strong>El presidente&nbsp;<strong>alem\u00e1n&nbsp;<\/strong><strong>, Frank-Walter Steinmeier,<\/strong>&nbsp;conden\u00f3 la violencia contra los manifestantes en una llamada con Zourabichvili, seg\u00fan el portavoz de Steinmeier, Cerstin Gammelin.<\/p>\n\n\n\n<p class=\"wp-block-paragraph\"><strong><\/strong>El ministro&nbsp;<strong>portugu\u00e9s de Asuntos Exteriores&nbsp;<\/strong><strong>, Paulo Rangel,<\/strong>&nbsp;dijo que ser\u00eda prematuro discutir las sanciones contra el gobierno de Georgia hasta el Consejo de Asuntos Exteriores del 16 de diciembre, pero dijo que est\u00e1 \u201cmuy preocupado\u201d por la agitaci\u00f3n pol\u00edtica y social en el pa\u00eds. \u201cLos \u00faltimos acontecimientos son realmente preocupantes\u201d, agreg\u00f3, destacando la \u201crepresi\u00f3n de las protestas\u201d y la suspensi\u00f3n de la v\u00eda de Georgia hacia la UE.<\/p>\n\n\n\n<p class=\"wp-block-paragraph\"><strong>El<\/strong>&nbsp;Ministerio de Asuntos Exteriores de Eslovenia declar\u00f3 el lunes que lamentaba la decisi\u00f3n del gobierno georgiano de posponer el inicio de las negociaciones de adhesi\u00f3n con la UE hasta 2028. Eslovenia conden\u00f3 la violencia contra los manifestantes pac\u00edficos y sigue apoyando las aspiraciones europeas del pueblo georgiano.&nbsp;<\/p>\n\n\n\n<p class=\"wp-block-paragraph\"><strong>La viceministra b\u00falgara<\/strong>&nbsp;de Asuntos Exteriores, Elena Shekerletova, declar\u00f3: \u201cBulgaria sigue siendo un firme defensor de las aspiraciones europeas del pueblo georgiano\u201d, destacando la preocupaci\u00f3n de Bulgaria por la situaci\u00f3n en Georgia e instando a las autoridades georgianas a adherirse a los valores y principios europeos y democr\u00e1ticos declarados.<\/p>\n\n\n\n<h2 class=\"wp-block-heading\">El Kremlin advierte de una posible revoluci\u00f3n al estilo ucraniano en Georgia<\/h2>\n\n\n\n<p class=\"wp-block-paragraph\">El Kremlin dijo el lunes que el gobierno de Georgia est\u00e1 tratando de estabilizar la situaci\u00f3n y restablecer la calma despu\u00e9s de las protestas masivas a favor de la UE.<\/p>\n\n\n\n<p class=\"wp-block-paragraph\">\u00abLas autoridades georgianas est\u00e1n tomando medidas para estabilizar y devolver la situaci\u00f3n a la calma\u00bb, dijo a los periodistas el portavoz del Kremlin,&nbsp;<strong>Dmitry Peskov<\/strong>&nbsp;, despu\u00e9s de que la polic\u00eda georgiana disparara ca\u00f1ones de agua y gases lacrim\u00f3genos contra decenas de miles de manifestantes en Tbilisi el domingo.<\/p>\n\n\n\n<p class=\"wp-block-paragraph\">Rusia \u201cno ha interferido y no tiene intenci\u00f3n de interferir\u201d en los acontecimientos en Georgia, afirm\u00f3 el portavoz del Kremlin, calificando las protestas de \u201casunto interno\u201d.<\/p>\n\n\n\n<p class=\"wp-block-paragraph\">Pero dijo que Rusia ve las protestas por la victoria del partido gobernante en octubre \u2013en elecciones parlamentarias condenadas por la oposici\u00f3n como ama\u00f1adas\u2013 como un \u201cintento de agitar la situaci\u00f3n\u201d.<\/p>\n\n\n\n<p class=\"wp-block-paragraph\">\u201cHemos visto este tipo de acontecimientos en muchos pa\u00edses. El paralelo m\u00e1s directo que se puede establecer es el Maid\u00e1n\u201d, dijo Peskov, en referencia a las protestas masivas de 2014 en Kiev que derrocaron al presidente prorruso&nbsp;<strong>Viktor Yanukovych<\/strong>&nbsp;.<\/p>\n\n\n\n<p class=\"wp-block-paragraph\">Peskov a\u00f1adi\u00f3 que Rusia ve en las protestas de Georgia \u201ctodos los indicios de que se est\u00e1 llevando a cabo una revoluci\u00f3n naranja\u201d, en referencia a las protestas pro democracia de Ucrania de 2004 por la victoria de Yanukovich, respaldada por el Kremlin, en unas elecciones contaminadas por fraudes que llevaron a la cancelaci\u00f3n de las elecciones. Su oponente, Viktor Yushchenko, gan\u00f3 entonces una nueva votaci\u00f3n.<\/p>\n\n\n\n<p class=\"wp-block-paragraph\"><em>Este art\u00edculo se publica dos veces por semana. El contenido se basa en noticias de agencias participantes en el enr<\/em>&nbsp;.<\/p>\n","protected":false},"excerpt":{"rendered":"<p>El anuncio del primer ministro georgiano, Irakli Kobakhidze, de que Georgia no celebrar\u00eda negociaciones para la adhesi\u00f3n a la UE hasta 2028 provoc\u00f3 revuelo, tanto dentro del pa\u00eds como entre los l\u00edderes de la UE.<\/p>\n","protected":false},"author":49,"featured_media":722095,"comment_status":"closed","ping_status":"closed","sticky":false,"template":"","format":"standard","meta":{"_acf_changed":true,"_et_pb_use_builder":"","_et_pb_old_content":"","_et_gb_content_width":"","footnotes":""},"categories":[39],"tags":[],"class_list":["post-721700","post","type-post","status-publish","format-standard","has-post-thumbnail","hentry","category-key-story"],"acf":[],"_links":{"self":[{"href":"https:\/\/europeannewsroom.com\/es\/wp-json\/wp\/v2\/posts\/721700","targetHints":{"allow":["GET"]}}],"collection":[{"href":"https:\/\/europeannewsroom.com\/es\/wp-json\/wp\/v2\/posts"}],"about":[{"href":"https:\/\/europeannewsroom.com\/es\/wp-json\/wp\/v2\/types\/post"}],"author":[{"embeddable":true,"href":"https:\/\/europeannewsroom.com\/es\/wp-json\/wp\/v2\/users\/49"}],"replies":[{"embeddable":true,"href":"https:\/\/europeannewsroom.com\/es\/wp-json\/wp\/v2\/comments?post=721700"}],"version-history":[{"count":0,"href":"https:\/\/europeannewsroom.com\/es\/wp-json\/wp\/v2\/posts\/721700\/revisions"}],"wp:featuredmedia":[{"embeddable":true,"href":"https:\/\/europeannewsroom.com\/es\/wp-json\/wp\/v2\/media\/722095"}],"wp:attachment":[{"href":"https:\/\/europeannewsroom.com\/es\/wp-json\/wp\/v2\/media?parent=721700"}],"wp:term":[{"taxonomy":"category","embeddable":true,"href":"https:\/\/europeannewsroom.com\/es\/wp-json\/wp\/v2\/categories?post=721700"},{"taxonomy":"post_tag","embeddable":true,"href":"https:\/\/europeannewsroom.com\/es\/wp-json\/wp\/v2\/tags?post=721700"}],"curies":[{"name":"wp","href":"https:\/\/api.w.org\/{rel}","templated":true}]}}