{"id":722117,"date":"2024-12-07T10:15:04","date_gmt":"2024-12-07T09:15:04","guid":{"rendered":"https:\/\/europeannewsroom.com\/?p=722117"},"modified":"2024-12-07T10:16:54","modified_gmt":"2024-12-07T09:16:54","slug":"sanchez-califica-de-historico-el-acuerdo-ue-mercosur-que-tiende-un-puente-economico","status":"publish","type":"post","link":"https:\/\/europeannewsroom.com\/es\/sanchez-califica-de-historico-el-acuerdo-ue-mercosur-que-tiende-un-puente-economico\/","title":{"rendered":"S\u00e1nchez califica de hist\u00f3rico el acuerdo UE-Mercosur que tiende un \u00abpuente econ\u00f3mico\u00bb"},"content":{"rendered":"\n<p class=\"wp-block-paragraph\">Madrid &#8211; El presidente del Gobierno, <strong>Pedro S\u00e1nchez<\/strong>, ha calificado de hist\u00f3rico el acuerdo entre la Uni\u00f3n Europea y Mercosur, que ha dicho que servir\u00e1 para tender un \u00abpuente econ\u00f3mico\u00bb sin precedentes entre Europa y Am\u00e9rica Latina.<\/p>\n\n\n\n<p class=\"wp-block-paragraph\">S\u00e1nchez ha expresado en las redes sociales su satisfacci\u00f3n por ese acuerdo de libre comercio cerrado este viernes en Montevideo tras una negociaci\u00f3n de 25 a\u00f1os.<\/p>\n\n\n\n<p class=\"wp-block-paragraph\">El jefe del Ejecutivo ha garantizado que Espa\u00f1a trabajar\u00e1 para que este acuerdo sea aprobado por mayor\u00eda en el Consejo Europeo.<br>\u00abLa apertura comercial con nuestros pa\u00edses hermanos latinoamericanos -ha a\u00f1adido- nos har\u00e1 a todos m\u00e1s pr\u00f3speros y m\u00e1s fuertes\u00bb. <\/p>\n\n\n\n<h2 class=\"wp-block-heading\">Planas afirma que el acuerdo UE-Mercosur reforzar\u00e1 al sector agroalimentario espa\u00f1ol<\/h2>\n\n\n\n<p class=\"wp-block-paragraph\">El ministro de Agricultura, Pesca y Alimentaci\u00f3n, <strong>Luis Planas<\/strong>, ha asegurado que el acuerdo de libre comercio entre la Uni\u00f3n Europea (UE) y Mercosur har\u00e1 que el sector agroalimentario espa\u00f1ol salga \u00abreforzado\u00bb.<\/p>\n\n\n\n<p class=\"wp-block-paragraph\">En un mensaje en redes sociales, Planas ha afirmado que el \u00abMercosur es una gran oportunidad econ\u00f3mica para el sector agrario. Espa\u00f1a gana con \u00e9l. Nuestro sector agroalimentario saldr\u00e1 reforzado de esta apertura a un continente con el que nos unen lazos de cultura e idioma\u00bb.<\/p>\n\n\n\n<p class=\"wp-block-paragraph\">El ministro ha dedicado esta noticia \u00aba la memoria de <strong>Manuel Mar\u00edn<\/strong>\u00bb (quien fuera vicepresidente de la Comisi\u00f3n Europea de 1993 a 1999): \u00abHemos tardado 26 a\u00f1os, pero, por fin, lo hemos conseguido. \u00a1Un gran acuerdo!\u00bb.<\/p>\n\n\n\n<h2 class=\"wp-block-heading\"><strong>El Gobierno ve en el acuerdo UE-Mercosur el logro \u00abm\u00e1s importante\u00bb en comercio exterior<\/strong><\/h2>\n\n\n\n<p class=\"wp-block-paragraph\">En general, el Gobierno considera que el acuerdo alcanzado entre la Uni\u00f3n Europea y Mercosur es el \u00ablogro m\u00e1s importante\u00bb en pol\u00edtica comercial exterior de Espa\u00f1a y la UE en los \u00faltimos a\u00f1os, y supone \u00abun antes y un despu\u00e9s\u00bb al reforzar la alianza estrat\u00e9gica entre las dos regiones.<\/p>\n\n\n\n<p class=\"wp-block-paragraph\">Fuentes de Moncloa tildan de hist\u00f3rico un acuerdo de libre comercio que tiende \u00abun puente econ\u00f3mico sin precedentes entre Europa y Am\u00e9rica Latina\u00bb, alcanzado este viernes en Montevideo tras una negociaci\u00f3n de 25 a\u00f1os.<\/p>\n\n\n\n<p class=\"wp-block-paragraph\">Consideran que se trata de un acuerdo positivo y equilibrado con beneficios econ\u00f3micos para ambas regiones, que suman 750 millones de habitantes, el \u00e1rea de libre comercio m\u00e1s grande del mundo, y que ofrece oportunidades de comercio e inversi\u00f3n para empresas, grandes y peque\u00f1as de las dos orillas del Atl\u00e1ntico.<\/p>\n\n\n\n<p class=\"wp-block-paragraph\">Las fuentes destacan que el acuerdo potenciar\u00e1 la cooperaci\u00f3n pol\u00edtica y econ\u00f3mica de ambas regiones, contribuir\u00e1 a reforzar la seguridad econ\u00f3mica y la autonom\u00eda estrat\u00e9gica abierta de la UE, y favorecer\u00e1 la diversificaci\u00f3n de los flujos comerciales y la resiliencia de las cadenas de suministro, el crecimiento econ\u00f3mico y la creaci\u00f3n de empleo.<\/p>\n\n\n\n<p class=\"wp-block-paragraph\">Adem\u00e1s de los econ\u00f3micos, traer\u00e1 beneficios sociales, laborales, medioambientales, con un importante elemento de lucha contra la deforestaci\u00f3n, destacan las fuentes, ya que aborda la sostenibilidad y la necesaria protecci\u00f3n de sectores sensibles, especialmente de aquellos que contribuyen a la seguridad alimentaria.<\/p>\n\n\n\n<p class=\"wp-block-paragraph\">Para Espa\u00f1a tiene una relevancia especial, como puente entre Am\u00e9rica Latina y la Uni\u00f3n Europea, a\u00f1aden las fuentes, que subrayan como muestra del compromiso de Espa\u00f1a con Latinoam\u00e9rica la Cumbre UE-CELAC organizada bajo presidencia espa\u00f1ola del Consejo de la UE.<\/p>\n\n\n\n<p class=\"wp-block-paragraph\">En un momento de tensi\u00f3n comercial, el Ejecutivo considera que, con este acuerdo, la Uni\u00f3n Europea lanza un mensaje claro de que permanece abierta para hacer negocios y quiere seguir negociando la apertura de mercados y el mantenimiento de los actuales.<\/p>\n\n\n\n<p class=\"wp-block-paragraph\">Tanto en la Uni\u00f3n Europea como en Mercosur, ahora comienza el proceso de adopci\u00f3n interna, que se desarrollar\u00e1 a lo largo del pr\u00f3ximo a\u00f1o y donde el Ejecutivo est\u00e1 a disposici\u00f3n de la Comisi\u00f3n Europea para conseguir la mayor\u00eda cualificada sin que se imponga la desinformaci\u00f3n, concluyen las fuentes consultadas. (6 de diciembre) <\/p>\n","protected":false},"excerpt":{"rendered":"<p>El Gobierno considera que el acuerdo alcanzado entre la Uni\u00f3n Europea y Mercosur es el \u00ablogro m\u00e1s importante\u00bb en pol\u00edtica comercial exterior de Espa\u00f1a y la UE en los \u00faltimos a\u00f1os, y supone \u00abun antes y un despu\u00e9s\u00bb al reforzar la alianza estrat\u00e9gica entre las dos regiones.<\/p>\n","protected":false},"author":49,"featured_media":722118,"comment_status":"closed","ping_status":"closed","sticky":false,"template":"","format":"standard","meta":{"_acf_changed":false,"_et_pb_use_builder":"","_et_pb_old_content":"","_et_gb_content_width":"","footnotes":""},"categories":[45],"tags":[],"class_list":["post-722117","post","type-post","status-publish","format-standard","has-post-thumbnail","hentry","category-europe-in-brief"],"acf":[],"_links":{"self":[{"href":"https:\/\/europeannewsroom.com\/es\/wp-json\/wp\/v2\/posts\/722117","targetHints":{"allow":["GET"]}}],"collection":[{"href":"https:\/\/europeannewsroom.com\/es\/wp-json\/wp\/v2\/posts"}],"about":[{"href":"https:\/\/europeannewsroom.com\/es\/wp-json\/wp\/v2\/types\/post"}],"author":[{"embeddable":true,"href":"https:\/\/europeannewsroom.com\/es\/wp-json\/wp\/v2\/users\/49"}],"replies":[{"embeddable":true,"href":"https:\/\/europeannewsroom.com\/es\/wp-json\/wp\/v2\/comments?post=722117"}],"version-history":[{"count":0,"href":"https:\/\/europeannewsroom.com\/es\/wp-json\/wp\/v2\/posts\/722117\/revisions"}],"wp:featuredmedia":[{"embeddable":true,"href":"https:\/\/europeannewsroom.com\/es\/wp-json\/wp\/v2\/media\/722118"}],"wp:attachment":[{"href":"https:\/\/europeannewsroom.com\/es\/wp-json\/wp\/v2\/media?parent=722117"}],"wp:term":[{"taxonomy":"category","embeddable":true,"href":"https:\/\/europeannewsroom.com\/es\/wp-json\/wp\/v2\/categories?post=722117"},{"taxonomy":"post_tag","embeddable":true,"href":"https:\/\/europeannewsroom.com\/es\/wp-json\/wp\/v2\/tags?post=722117"}],"curies":[{"name":"wp","href":"https:\/\/api.w.org\/{rel}","templated":true}]}}