{"id":724411,"date":"2024-12-09T07:58:02","date_gmt":"2024-12-09T06:58:02","guid":{"rendered":"https:\/\/europeannewsroom.com\/?p=724411"},"modified":"2024-12-09T07:58:06","modified_gmt":"2024-12-09T06:58:06","slug":"espana-busca-bloquear-el-plan-de-bruselas-para-la-pesca-en-el-mediterraneo","status":"publish","type":"post","link":"https:\/\/europeannewsroom.com\/es\/espana-busca-bloquear-el-plan-de-bruselas-para-la-pesca-en-el-mediterraneo\/","title":{"rendered":"Espa\u00f1a busca bloquear el plan de Bruselas para la pesca en el Mediterr\u00e1neo"},"content":{"rendered":"\n<p class=\"wp-block-paragraph\">Bruselas &#8211; Los ministros de Pesca de la Uni\u00f3n Europea (UE) inician este lunes en Bruselas una reuni\u00f3n en la que tendr\u00e1n que acordar las posibilidades de pesca del a\u00f1o 2025 en el Atl\u00e1ntico, el Mediterr\u00e1neo y el mar Negro, con Espa\u00f1a opuesta a la propuesta de la Comisi\u00f3n Europea (CE) para las capturas en las aguas mediterr\u00e1neas.<\/p>\n\n\n\n<p class=\"wp-block-paragraph\">La propuesta de Bruselas supondr\u00eda para la flota de arrastre espa\u00f1ola en el Mediterr\u00e1neo una reducci\u00f3n del 79 % en los d\u00edas de pesca, de modo que los barcos solo podr\u00edan salir al mar 27 jornadas al a\u00f1o.<\/p>\n\n\n\n<p class=\"wp-block-paragraph\">El ministro espa\u00f1ol de Agricultura y Pesca, <strong>Luis Planas<\/strong>, ya indic\u00f3 el mi\u00e9rcoles que Espa\u00f1a, Italia y Francia est\u00e1n \u00abunidas para bloquear\u00bb la propuesta que ha hecho la Comisi\u00f3n Europea \u00absi va en los t\u00e9rminos en que ha sido planteada\u00bb.<\/p>\n\n\n\n<p class=\"wp-block-paragraph\">El jueves, Planas dijo en Bruselas que solo apoyar\u00e1 un acuerdo \u00absatisfactorio\u00bb para los intereses de los pescadores, y adelant\u00f3 que la discusi\u00f3n sobre el Mediterr\u00e1neo \u00abva a ser muy compleja y muy dif\u00edcil\u00bb. En efecto, el encuentro de los ministros podr\u00eda prolongarse hasta el mi\u00e9rcoles.<\/p>\n\n\n\n<p class=\"wp-block-paragraph\">\u00abEsper\u00e1bamos que, de acuerdo con los esfuerzos hechos en los \u00faltimos cinco a\u00f1os, que han manifestado claramente una mejora de los &#8216;stocks&#8217; biol\u00f3gicos y que han supuesto un gran esfuerzo en el caso de los pescadores espa\u00f1oles (\u2026), que la Comisi\u00f3n hubiera hecho una propuesta que hubiera sido razonable y que nos hubiera permitido llegar a un acuerdo\u00bb, agreg\u00f3.<\/p>\n\n\n\n<p class=\"wp-block-paragraph\">En 2019 se adopt\u00f3 un plan plurianual de gesti\u00f3n de las poblaciones demersales del Mediterr\u00e1neo occidental, que cubre aguas espa\u00f1olas, francesas e italianas.<\/p>\n\n\n\n<p class=\"wp-block-paragraph\">El plan inclu\u00eda un periodo transitorio de cinco a\u00f1os, entre 2020 y 2024, en el que se ha ido reduciendo progresivamente el n\u00famero de d\u00edas en los que los arrastreros salen a pescar y se han aplicado medidas de selectividad.<\/p>\n\n\n\n<p class=\"wp-block-paragraph\">A partir del 1 de enero est\u00e1 prevista la aplicaci\u00f3n de todas las disposiciones del plan plurianual. El objetivo era que el pr\u00f3ximo 1 de enero se alcanzara el rendimiento m\u00e1ximo sostenible, es decir, las cantidades m\u00e1ximas que se pueden pescar en una poblaci\u00f3n concreta de peces sin que su tama\u00f1o disminuya.<\/p>\n\n\n\n<p class=\"wp-block-paragraph\">Sin embargo, fuentes diplom\u00e1ticas indicaron que ni siquiera aplicando la reducci\u00f3n del 79 % en los d\u00edas de pesca se lograr\u00e1 en 2025 alcanzar el rendimiento m\u00e1ximo sostenible.<\/p>\n\n\n\n<p class=\"wp-block-paragraph\">Espa\u00f1a, Francia e Italia ya firmaron el mes pasado una declaraci\u00f3n conjunta en la que se ped\u00eda una moratoria del plan plurianual de gesti\u00f3n del Mediterr\u00e1neo occidental.<\/p>\n\n\n\n<p class=\"wp-block-paragraph\">\u00abHemos llegado a una base com\u00fan entre Espa\u00f1a, Francia e Italia, donde no solo pedimos una moratoria, sino que estamos trabajando en la posibilidad de una alternativa t\u00e9cnica para continuar haciendo viable nuestra industria pesquera\u00bb, dijo Planas el jueves.<\/p>\n\n\n\n<p class=\"wp-block-paragraph\">Adem\u00e1s de Planas, tambi\u00e9n han manifestado su oposici\u00f3n a los recortes propuestos por Bruselas la patronal de armadores Cepesca, y eurodiputados del PP, PSOE, BNG, Vox y Comprom\u00eds, adem\u00e1s de las comunidades aut\u00f3nomas afectadas (Comunidad Valenciana, Baleares, Murcia, Catalu\u00f1a y Andaluc\u00eda).<\/p>\n\n\n\n<p class=\"wp-block-paragraph\">Los ministros, igualmente, tendr\u00e1n que acordar para el Atl\u00e1ntico y el mar del Norte los Totales Admisibles de Capturas (TAC), es decir, las cantidades m\u00e1ximas de peces de \u00e1reas espec\u00edficas que puede pescar el conjunto de la UE, y las cuotas asignadas a cada Estado miembro.<\/p>\n\n\n\n<p class=\"wp-block-paragraph\">Fuentes diplom\u00e1ticas reconocieron que Espa\u00f1a est\u00e1 \u00abbastante satisfecha\u00bb con las propuestas de la Comisi\u00f3n Europea para esas aguas, si bien le preocupa la situaci\u00f3n de la cigala en el golfo de C\u00e1diz. (8 de diciembre)<\/p>\n","protected":false},"excerpt":{"rendered":"<p>Espa\u00f1a, Francia e Italia buscar\u00e1n bloquear la propuesta de Bruselas para la pesca en el Mediterr\u00e1neo en 2025 en una reuni\u00f3n ministerial que comienza este lunes y en la que deber\u00e1n acordarse las posibilidades de captura para el a\u00f1o que viene en esas aguas, junto a las del Atl\u00e1ntico y el mar Negro.<\/p>\n","protected":false},"author":49,"featured_media":724412,"comment_status":"closed","ping_status":"closed","sticky":false,"template":"","format":"standard","meta":{"_acf_changed":false,"_et_pb_use_builder":"","_et_pb_old_content":"","_et_gb_content_width":"","footnotes":""},"categories":[45],"tags":[5625],"class_list":["post-724411","post","type-post","status-publish","format-standard","has-post-thumbnail","hentry","category-europe-in-brief","tag-pesca"],"acf":[],"_links":{"self":[{"href":"https:\/\/europeannewsroom.com\/es\/wp-json\/wp\/v2\/posts\/724411","targetHints":{"allow":["GET"]}}],"collection":[{"href":"https:\/\/europeannewsroom.com\/es\/wp-json\/wp\/v2\/posts"}],"about":[{"href":"https:\/\/europeannewsroom.com\/es\/wp-json\/wp\/v2\/types\/post"}],"author":[{"embeddable":true,"href":"https:\/\/europeannewsroom.com\/es\/wp-json\/wp\/v2\/users\/49"}],"replies":[{"embeddable":true,"href":"https:\/\/europeannewsroom.com\/es\/wp-json\/wp\/v2\/comments?post=724411"}],"version-history":[{"count":0,"href":"https:\/\/europeannewsroom.com\/es\/wp-json\/wp\/v2\/posts\/724411\/revisions"}],"wp:featuredmedia":[{"embeddable":true,"href":"https:\/\/europeannewsroom.com\/es\/wp-json\/wp\/v2\/media\/724412"}],"wp:attachment":[{"href":"https:\/\/europeannewsroom.com\/es\/wp-json\/wp\/v2\/media?parent=724411"}],"wp:term":[{"taxonomy":"category","embeddable":true,"href":"https:\/\/europeannewsroom.com\/es\/wp-json\/wp\/v2\/categories?post=724411"},{"taxonomy":"post_tag","embeddable":true,"href":"https:\/\/europeannewsroom.com\/es\/wp-json\/wp\/v2\/tags?post=724411"}],"curies":[{"name":"wp","href":"https:\/\/api.w.org\/{rel}","templated":true}]}}