{"id":726138,"date":"2024-12-09T14:02:28","date_gmt":"2024-12-09T13:02:28","guid":{"rendered":"https:\/\/europeannewsroom.com\/?p=726138"},"modified":"2024-12-09T14:06:43","modified_gmt":"2024-12-09T13:06:43","slug":"espana-celebra-el-acuerdo-con-mercosur-y-cree-que-europa-no-debe-temer-la-apertura-comercial","status":"publish","type":"post","link":"https:\/\/europeannewsroom.com\/es\/espana-celebra-el-acuerdo-con-mercosur-y-cree-que-europa-no-debe-temer-la-apertura-comercial\/","title":{"rendered":"Espa\u00f1a celebra el acuerdo con Mercosur y cree que Europa no debe temer la apertura comercial"},"content":{"rendered":"\n<p class=\"wp-block-paragraph\">Bruselas \u2013 El ministro de Agricultura, Pesca y Alimentaci\u00f3n del Gobierno de Espa\u00f1a, <strong>Luis Planas<\/strong>, ha celebrado este lunes la \u00abgran noticia\u00bb que supuso el cierre del acuerdo entre la UE y los pa\u00edses del Mercosur el pasado viernes y ha lanzado un mensaje tranquilizador a aquellos reticentes sobre el pacto en Europa: \u00abSomos una potencia agroalimentaria y no debemos temer a la apertura comercial\u00bb.<\/p>\n\n\n\n<p class=\"wp-block-paragraph\">Pese a la oposici\u00f3n frontal de Francia, la presidenta de la Comisi\u00f3n Europea,<strong> Ursula von der Leyen<\/strong>, cerr\u00f3 el viernes en Montevideo el acuerdo comercial con los pa\u00edses de Mercosur que la Uni\u00f3n Europea negocia con esta regi\u00f3n desde hace 25 a\u00f1os.<\/p>\n\n\n\n<p class=\"wp-block-paragraph\">\u00abNo s\u00f3lo es una oportunidad econ\u00f3mica, es tambi\u00e9n una necesidad pol\u00edtica\u00bb, destac\u00f3 la jefa del Ejecutivo comunitario, en una comparecencia sin preguntas junto al presidente de turno de Mercosur y mandatario de Uruguay, <strong>Luis Lacalle Pou, <\/strong>para anunciar el acuerdo que ya avanzaron la v\u00edspera los ministros de Exteriores del Mercosur (Uruguay, Argentina, Brasil y Paraguay) con el comisario de Comercio,<strong> Maros Sefcovic.<\/strong><\/p>\n\n\n\n<p class=\"wp-block-paragraph\">Espa\u00f1a es firme defensora del acuerdo y as\u00ed lo ha dejado ver el ministro espa\u00f1ol del ramo quien participa hoy y ma\u00f1ana en la reuni\u00f3n de ministros de Agricultura y Pesca de la UE en Bruselas, donde tambi\u00e9n se celebran concentraciones de agricultores y ganaderos contrarios al acuerdo.<\/p>\n\n\n\n<p class=\"wp-block-paragraph\">\u00abEntiendo que puedan existir preocupaciones, pero si examinamos los contingentes que han sido adoptados en relaci\u00f3n con los productos sensibles, son de una dimensi\u00f3n que no altera el mercado comunitario\u00bb, ha defendido <strong>Planas<\/strong> frente a los detractores del mismo, entre los que se encuentran pa\u00edses como Francia o Polonia, que alegan desigualdades para los agroganaderos comunitarios.<\/p>\n\n\n\n<p class=\"wp-block-paragraph\">En este sentido, <strong>Planas<\/strong> ha destacado que \u00absi existe alguna duda y preocupaci\u00f3n por parte del sector\u00bb, tambi\u00e9n \u00abexisten las cl\u00e1usulas de salvaguardia que adem\u00e1s se pueden aplicar incluso a los propios contingentes como, ocurri\u00f3 en 2018 con la carne de vacuno ya procedente de Mercosur\u00bb.<\/p>\n\n\n\n<p class=\"wp-block-paragraph\">\u00abEn relaci\u00f3n con los acuerdos comerciales no hay que perder la perspectiva real y, sobre todo, de futuro. Somos una potencia agroalimentaria y no tenemos que temer a la apertura comercial\u00bb, ha apostillado el ministro espa\u00f1ol, que ve en el pacto tambi\u00e9n un beneficio \u00abestrat\u00e9gico\u00bb para Espa\u00f1a.<\/p>\n\n\n\n<p class=\"wp-block-paragraph\"><strong>Planas <\/strong>ha defendido que se trata de un acuerdo \u00abequilibrado\u00bb y que las \u00abventajas\u00bb que se presentan para sectores como el vino, el aceite de oliva, el porcino o los c\u00edtricos, entre muchos otros, son \u00abmuy importantes para Espa\u00f1a\u00bb.<\/p>\n\n\n\n<p class=\"wp-block-paragraph\">\u00abHay mucho de mitolog\u00eda en torno a Mercosur\u00bb, ha lamentado el ministro, quien ha recordado que \u00ablo importante es continuar avanzando y progresando\u00bb, un camino en el que este acuerdo supone \u00abun paso adelante\u00bb. (9 de diciembre)<\/p>\n","protected":false},"excerpt":{"rendered":"<p>El ministro de Agricultura espa\u00f1ol cree que se trata de un acuerdo \u00abequilibrado\u00bb y que las \u00abventajas\u00bb que se presentan para sectores como el vino, el aceite de oliva, el porcino o los c\u00edtricos,  son \u00abmuy importantes para Espa\u00f1a\u00bb.<\/p>\n","protected":false},"author":121,"featured_media":726139,"comment_status":"closed","ping_status":"closed","sticky":false,"template":"","format":"standard","meta":{"_acf_changed":false,"_et_pb_use_builder":"","_et_pb_old_content":"","_et_gb_content_width":"","footnotes":""},"categories":[45],"tags":[],"class_list":["post-726138","post","type-post","status-publish","format-standard","has-post-thumbnail","hentry","category-europe-in-brief"],"acf":[],"_links":{"self":[{"href":"https:\/\/europeannewsroom.com\/es\/wp-json\/wp\/v2\/posts\/726138","targetHints":{"allow":["GET"]}}],"collection":[{"href":"https:\/\/europeannewsroom.com\/es\/wp-json\/wp\/v2\/posts"}],"about":[{"href":"https:\/\/europeannewsroom.com\/es\/wp-json\/wp\/v2\/types\/post"}],"author":[{"embeddable":true,"href":"https:\/\/europeannewsroom.com\/es\/wp-json\/wp\/v2\/users\/121"}],"replies":[{"embeddable":true,"href":"https:\/\/europeannewsroom.com\/es\/wp-json\/wp\/v2\/comments?post=726138"}],"version-history":[{"count":0,"href":"https:\/\/europeannewsroom.com\/es\/wp-json\/wp\/v2\/posts\/726138\/revisions"}],"wp:featuredmedia":[{"embeddable":true,"href":"https:\/\/europeannewsroom.com\/es\/wp-json\/wp\/v2\/media\/726139"}],"wp:attachment":[{"href":"https:\/\/europeannewsroom.com\/es\/wp-json\/wp\/v2\/media?parent=726138"}],"wp:term":[{"taxonomy":"category","embeddable":true,"href":"https:\/\/europeannewsroom.com\/es\/wp-json\/wp\/v2\/categories?post=726138"},{"taxonomy":"post_tag","embeddable":true,"href":"https:\/\/europeannewsroom.com\/es\/wp-json\/wp\/v2\/tags?post=726138"}],"curies":[{"name":"wp","href":"https:\/\/api.w.org\/{rel}","templated":true}]}}