{"id":730682,"date":"2024-12-10T15:11:57","date_gmt":"2024-12-10T14:11:57","guid":{"rendered":"https:\/\/europeannewsroom.com\/?p=730682"},"modified":"2024-12-10T15:12:03","modified_gmt":"2024-12-10T14:12:03","slug":"un-centro-de-barcelona-sera-una-de-las-siete-fabricas-de-ia-de-la-ue","status":"publish","type":"post","link":"https:\/\/europeannewsroom.com\/es\/un-centro-de-barcelona-sera-una-de-las-siete-fabricas-de-ia-de-la-ue\/","title":{"rendered":"Un centro de Barcelona ser\u00e1 una de las siete f\u00e1bricas de IA de la UE"},"content":{"rendered":"\n<p class=\"wp-block-paragraph\">Madrid \u2013 El Centro de Supercomputaci\u00f3n de Barcelona se convertir\u00e1 en la primera f\u00e1brica de inteligencia artificial (IA) de Espa\u00f1a al haber sido elegido por la Comisi\u00f3n Europea como uno de los siete proyectos europeos que impulsar\u00e1n la innovaci\u00f3n en la Uni\u00f3n Europea a trav\u00e9s de esta tecnolog\u00eda.<\/p>\n\n\n\n<p class=\"wp-block-paragraph\">Los otros proyectos seleccionados por la Empresa Com\u00fan de Inform\u00e1tica de Alto Rendimiento Europea (EuroHPC) se desarrollar\u00e1n en Italia, Finlandia, Luxemburgo, Suecia, Alemania y Grecia.<\/p>\n\n\n\n<p class=\"wp-block-paragraph\">Las siete primeras f\u00e1bricas de inteligencia artificial de la UE recibir\u00e1n una inversi\u00f3n de 1.500 millones de euros procedentes de una combinaci\u00f3n de fondos nacionales y europeos, seg\u00fan ha detallado Bruselas.<\/p>\n\n\n\n<p class=\"wp-block-paragraph\">En el caso del Centro Nacional de Supercomputaci\u00f3n ubicado en Barcelona, el Gobierno de Espa\u00f1a invertir\u00e1 61,76 millones de euros. Adem\u00e1s, la Generalitat de Catalu\u00f1a aportar\u00e1 14 millones de euros; pa\u00edses como Portugal, Turqu\u00eda y Ruman\u00eda realizar\u00e1n una contribuci\u00f3n conjunta de 98,86 millones de euros y el EuroHPC dedicar\u00e1 98,33 millones de euros.<\/p>\n\n\n\n<p class=\"wp-block-paragraph\">Seg\u00fan el Gobierno espa\u00f1ol, las siete f\u00e1bricas de IA europeas ayudar\u00e1n a democratizar el acceso a la infraestructura de supercomputaci\u00f3n avanzada de Europa y a conseguir que sus recursos sean aprovechados por empresas, pymes y startups y por la comunidad investigadora.<\/p>\n\n\n\n<p class=\"wp-block-paragraph\">La inversi\u00f3n que se har\u00e1 en la primera f\u00e1brica espa\u00f1ola de inteligencia artificial impulsar\u00e1 un conjunto de servicios para fomentar el ecosistema innovador en torno a esta tecnolog\u00eda, como el acceso a recursos optimizados de supercomputaci\u00f3n para IA, un espacio de datos para entrenamiento, librer\u00edas de software y soporte t\u00e9cnico avanzado.<\/p>\n\n\n\n<p class=\"wp-block-paragraph\">Adem\u00e1s, incluye un programa de formaci\u00f3n, aceleradoras de startups y la creaci\u00f3n de nodos sectoriales para fomentar el despliegue de la IA en sectores como el de la salud, la regulaci\u00f3n, el financiero y el sector p\u00fablico.<\/p>\n\n\n\n<p class=\"wp-block-paragraph\">A ello se suma la actualizaci\u00f3n del supercomputador Marenostrum 5 mediante la adquisici\u00f3n de un nuevo cl\u00faster espec\u00edfico para el entrenamiento de IA y una plataforma de experimentaci\u00f3n de nuevas tecnolog\u00edas para la IA con el objetivo de que las empresas puedan probar sus innovaciones antes de salir al mercado. (10 de diciembre)<\/p>\n","protected":false},"excerpt":{"rendered":"<p>El Centro de Supercomputaci\u00f3n de Barcelona ser\u00e1 una de las primeras f\u00e1bricas de inteligencia artificial de la UE, junto a otros seis proyectos en Italia, Finlandia, Luxemburgo, Suecia, Alemania y Grecia.<\/p>\n","protected":false},"author":87,"featured_media":730683,"comment_status":"closed","ping_status":"closed","sticky":false,"template":"","format":"standard","meta":{"_acf_changed":false,"_et_pb_use_builder":"","_et_pb_old_content":"","_et_gb_content_width":"","footnotes":""},"categories":[45],"tags":[],"class_list":["post-730682","post","type-post","status-publish","format-standard","has-post-thumbnail","hentry","category-europe-in-brief"],"acf":[],"_links":{"self":[{"href":"https:\/\/europeannewsroom.com\/es\/wp-json\/wp\/v2\/posts\/730682","targetHints":{"allow":["GET"]}}],"collection":[{"href":"https:\/\/europeannewsroom.com\/es\/wp-json\/wp\/v2\/posts"}],"about":[{"href":"https:\/\/europeannewsroom.com\/es\/wp-json\/wp\/v2\/types\/post"}],"author":[{"embeddable":true,"href":"https:\/\/europeannewsroom.com\/es\/wp-json\/wp\/v2\/users\/87"}],"replies":[{"embeddable":true,"href":"https:\/\/europeannewsroom.com\/es\/wp-json\/wp\/v2\/comments?post=730682"}],"version-history":[{"count":0,"href":"https:\/\/europeannewsroom.com\/es\/wp-json\/wp\/v2\/posts\/730682\/revisions"}],"wp:featuredmedia":[{"embeddable":true,"href":"https:\/\/europeannewsroom.com\/es\/wp-json\/wp\/v2\/media\/730683"}],"wp:attachment":[{"href":"https:\/\/europeannewsroom.com\/es\/wp-json\/wp\/v2\/media?parent=730682"}],"wp:term":[{"taxonomy":"category","embeddable":true,"href":"https:\/\/europeannewsroom.com\/es\/wp-json\/wp\/v2\/categories?post=730682"},{"taxonomy":"post_tag","embeddable":true,"href":"https:\/\/europeannewsroom.com\/es\/wp-json\/wp\/v2\/tags?post=730682"}],"curies":[{"name":"wp","href":"https:\/\/api.w.org\/{rel}","templated":true}]}}