{"id":736259,"date":"2024-12-11T09:39:23","date_gmt":"2024-12-11T08:39:23","guid":{"rendered":"https:\/\/europeannewsroom.com\/?p=736259"},"modified":"2024-12-11T09:39:28","modified_gmt":"2024-12-11T08:39:28","slug":"espana-celebra-resultados-del-pacto-de-pesca-ue","status":"publish","type":"post","link":"https:\/\/europeannewsroom.com\/es\/espana-celebra-resultados-del-pacto-de-pesca-ue\/","title":{"rendered":"Espa\u00f1a celebra resultados del pacto de pesca UE"},"content":{"rendered":"\n<p class=\"wp-block-paragraph\">Bruselas \u2013\u00a0 El ministro de Agricultura, Pesca y Alimentaci\u00f3n del Gobierno de Espa\u00f1a,<strong> Luis Planas<\/strong>, ha celebrado este mi\u00e9rcoles los \u00abbuenos resultados\u00bb del pacto sobre reparto de cuotas de pesca de la UE para 2025 cerrado esta madrugada, en el que Espa\u00f1a ha conseguido incluir medidas para amortiguar el recorte al arrastre en el Mediterr\u00e1neo, al tiempo que ha logrado mantener las capturas de algunas de las especies \u00abm\u00e1s apreciadas\u00bb para la flota del Atl\u00e1ntico.<\/p>\n\n\n\n<p class=\"wp-block-paragraph\">Los ministros de Pesca de la Uni\u00f3n Europea han alcanzado un acuerdo por unanimidad sobre el reparto de las cuotas pesqueras en aguas comunitarias para 2025, que incluye medidas para amortiguar el recorte al arrastre en el Mediterr\u00e1neo frente la propuesta de la Comisi\u00f3n Europea que quer\u00eda reducir en un 79% los d\u00edas de pesca, hasta una media de 27 d\u00edas de trabajo.<\/p>\n\n\n\n<p class=\"wp-block-paragraph\">Las negociaciones se han saldado con un acuerdo para el reparto de la pesca en el Atl\u00e1ntico y el mar del Norte y para las posibilidades de pesca en el mar Negro y el Mediterr\u00e1neo, que ha centrado los esfuerzos negociadores de los ministros para garantizar la supervivencia de la flota de arrastre que faena en la zona.<\/p>\n\n\n\n<p class=\"wp-block-paragraph\">Lo que ha complicado el debate ha sido esa reducci\u00f3n del esfuerzo pesquero en el Mediterr\u00e1neo, que seg\u00fan denunciaba el sector era una \u00absentencia de muerte\u00bb para los arrastreros, que en los \u00faltimos cinco a\u00f1os ya han soportado un recorte de la actividad del 40%, lo que ha limitado sus d\u00edas de trabajo a unos 130 al a\u00f1o.<\/p>\n\n\n\n<p class=\"wp-block-paragraph\">\u00abLas negociaciones han sido largas y complejas sobre el Mediterr\u00e1neo Occidental\u00bb, ha reconocido el nuevo comisario de Pesca de la UE, <strong>Costas Kadis<\/strong>, en rueda de prensa al t\u00e9rmino de la reuni\u00f3n, en la que ha explicado que se ha acordado \u00abun mecanismo de compensaci\u00f3n ampliado que aliviar\u00e1 el impacto socioecon\u00f3mico de la reducci\u00f3n del esfuerzo\u00bb para el arrastre.<\/p>\n\n\n\n<p class=\"wp-block-paragraph\">Recurrir al mecanismo de compensaci\u00f3n amortiguar\u00e1, en parte, el recorte al arrastre que pide Bruselas, ya que permite recuperar d\u00edas de actividad si se cumplen ciertas medidas medioambientales &#8211;a elegir entre 12&#8211; como puertas voladoras, la imposici\u00f3n de vedas o el cierre temporal de algunas zonas para proteger a las especies demersales cuya recuperaci\u00f3n preocupa a la Comisi\u00f3n: los alevines de merluza y la gamba roja.<\/p>\n\n\n\n<p class=\"wp-block-paragraph\">\u00abSi se aplican estas medidas, los pescadores podr\u00e1n pescar casi los mismos d\u00edas\u00bb, ha defendido el comisario, que ha indicado a los medios que el ministro espa\u00f1ol de Agricultura, Pesca y Alimentaci\u00f3n,<strong> Luis Planas,<\/strong> se ha ido \u00absatisfecho\u00bb.<\/p>\n\n\n\n<p class=\"wp-block-paragraph\">\u00abHemos conseguido neutralizar la disminuci\u00f3n del 79% que habr\u00eda reducido los d\u00edas de actividad de la flota\u00bb de los 130 actuales a 27, ha destacado<strong> Planas <\/strong>en rueda de prensa, en referencia a la \u00abradical\u00bb y \u00abdesenfocada\u00bb propuesta de la Comisi\u00f3n Europea que, seg\u00fan el sector, supon\u00eda una \u00absentencia de muerte\u00bb para la pesca de arrastre.<\/p>\n\n\n\n<p class=\"wp-block-paragraph\"><strong>Planas <\/strong>ha se\u00f1alado que estas medidas m\u00e1s selectivas con las capturas equilibran esa reducci\u00f3n del 79% y que s\u00f3lo la suma de dos de ellas &#8211;el uso de mallas de 45mm en pesca costera y de 50mm para conjunto flota arrastre&#8211; ambas suman ya una compensaci\u00f3n del 80%, por lo que, \u00aben t\u00e9rminos pr\u00e1cticos, los pescadores van a poder disponer de mismos d\u00edas de trabajo que en 2024\u00bb. (11 de diciembre)<\/p>\n","protected":false},"excerpt":{"rendered":"<p>Unanimidad para el reparto de las cuotas pesqueras en aguas comunitarias para 2025, con medidas para amortiguar el recorte al arrastre en el Mediterr\u00e1neo<\/p>\n","protected":false},"author":121,"featured_media":736261,"comment_status":"closed","ping_status":"closed","sticky":false,"template":"","format":"standard","meta":{"_acf_changed":false,"_et_pb_use_builder":"","_et_pb_old_content":"","_et_gb_content_width":"","footnotes":""},"categories":[45],"tags":[],"class_list":["post-736259","post","type-post","status-publish","format-standard","has-post-thumbnail","hentry","category-europe-in-brief"],"acf":[],"_links":{"self":[{"href":"https:\/\/europeannewsroom.com\/es\/wp-json\/wp\/v2\/posts\/736259","targetHints":{"allow":["GET"]}}],"collection":[{"href":"https:\/\/europeannewsroom.com\/es\/wp-json\/wp\/v2\/posts"}],"about":[{"href":"https:\/\/europeannewsroom.com\/es\/wp-json\/wp\/v2\/types\/post"}],"author":[{"embeddable":true,"href":"https:\/\/europeannewsroom.com\/es\/wp-json\/wp\/v2\/users\/121"}],"replies":[{"embeddable":true,"href":"https:\/\/europeannewsroom.com\/es\/wp-json\/wp\/v2\/comments?post=736259"}],"version-history":[{"count":0,"href":"https:\/\/europeannewsroom.com\/es\/wp-json\/wp\/v2\/posts\/736259\/revisions"}],"wp:featuredmedia":[{"embeddable":true,"href":"https:\/\/europeannewsroom.com\/es\/wp-json\/wp\/v2\/media\/736261"}],"wp:attachment":[{"href":"https:\/\/europeannewsroom.com\/es\/wp-json\/wp\/v2\/media?parent=736259"}],"wp:term":[{"taxonomy":"category","embeddable":true,"href":"https:\/\/europeannewsroom.com\/es\/wp-json\/wp\/v2\/categories?post=736259"},{"taxonomy":"post_tag","embeddable":true,"href":"https:\/\/europeannewsroom.com\/es\/wp-json\/wp\/v2\/tags?post=736259"}],"curies":[{"name":"wp","href":"https:\/\/api.w.org\/{rel}","templated":true}]}}