{"id":736424,"date":"2024-12-11T10:07:26","date_gmt":"2024-12-11T09:07:26","guid":{"rendered":"https:\/\/europeannewsroom.com\/?p=736424"},"modified":"2024-12-11T10:07:32","modified_gmt":"2024-12-11T09:07:32","slug":"espana-cuarta-en-igualdad-de-genero-en-la-ue-que-avanza-con-grandes-disparidades","status":"publish","type":"post","link":"https:\/\/europeannewsroom.com\/es\/espana-cuarta-en-igualdad-de-genero-en-la-ue-que-avanza-con-grandes-disparidades\/","title":{"rendered":"Espa\u00f1a, cuarta en igualdad de g\u00e9nero en la UE, que avanza con grandes disparidades"},"content":{"rendered":"\n<p class=\"wp-block-paragraph\">Riga &#8211; Espa\u00f1a mantuvo en el \u00faltimo a\u00f1o su puesto como cuarto pa\u00eds de la Uni\u00f3n Europea (UE) m\u00e1s avanzado en igualdad de g\u00e9nero, por detr\u00e1s de Suecia, Dinamarca y Holanda, seg\u00fan el informe anual publicado por el Instituto Europeo para la Igualdad de G\u00e9nero (EIGE).<\/p>\n\n\n\n<p class=\"wp-block-paragraph\">Para la media de los Veintisiete, el indicador se increment\u00f3 en 2024 en 0,8 puntos, hasta los 71, sobre un total de 100.<br>Espa\u00f1a, que se encuentra en la clasificaci\u00f3n por detr\u00e1s de Suecia, Dinamarca y Pa\u00edses Bajos, se coloca as\u00ed muy por encima de la media de la UE con 76,7 puntos (0,3 m\u00e1s que en 2021 y 10,3 m\u00e1s que en 2010).<\/p>\n\n\n\n<p class=\"wp-block-paragraph\">El pa\u00eds forma parte, junto con Alemania, Luxemburgo y Austria, del grupo de los pa\u00edses que est\u00e1n avanzado con una velocidad superior a la del resto y profundizando estad\u00edsticamente la brecha entre los mejor y peor clasificados.<\/p>\n\n\n\n<p class=\"wp-block-paragraph\">Por el contrario, Eslovaquia, Estonia, Croacia, Letonia, Hungr\u00eda, Polonia, Rep\u00fablica Checa y Ruman\u00eda est\u00e1n progresando a un ritmo inferior a la media.<\/p>\n\n\n\n<p class=\"wp-block-paragraph\">La igualdad de g\u00e9nero ha retrocedido en Croacia, Bulgaria y -a\u00fan siendo la mejor clasificada- en Suecia.<br>Los avances en general en la UE son modestos y de naturaleza fr\u00e1gil, advirti\u00f3 la instituci\u00f3n con sede en Vilna, que inst\u00f3 a priorizar el progreso en igualdad de g\u00e9nero y a evitar que las discrepancias entre los pa\u00edses mejor y peor clasificados se agranden.<\/p>\n\n\n\n<p class=\"wp-block-paragraph\">\u00abEl \u00edndice de 2024 demuestra que el progreso es posible, pero lo podremos mantener solo con una acci\u00f3n atrevida y sostenida\u00bb, declar\u00f3 la directora del EIGE, Carlien Scheele.<\/p>\n\n\n\n<p class=\"wp-block-paragraph\">\u00abDe una vez por todas, debemos darnos cuenta de que la igualdad de g\u00e9nero es una soluci\u00f3n para nuestros mayores retos sociales. Para construir sociedades m\u00e1s fuertes y cohesionadas\u00bb, agreg\u00f3.<\/p>\n\n\n\n<p class=\"wp-block-paragraph\">Las divergencias son especialmente patentes en el \u00e1mbito del acceso a las posiciones de poder, uno de los seis que el EIGE ha analizado por separado, junto con la sanidad, el uso del tiempo, el trabajo, el dinero y el conocimiento.<\/p>\n\n\n\n<h2 class=\"wp-block-heading\">Tercera en el \u00e1rea del poder<\/h2>\n\n\n\n<p class=\"wp-block-paragraph\">En el apartado del poder, Espa\u00f1a es tercera de la clasificaci\u00f3n con 82 puntos, por detr\u00e1s de Suecia y de Francia, tras haber ascendido el pa\u00eds ib\u00e9rico 0,9 puntos desde 2021 y acumular una subida de 29,4 puntos desde 2010.<\/p>\n\n\n\n<p class=\"wp-block-paragraph\">As\u00ed, el informe refleja que solo Espa\u00f1a, Francia y Croacia alcanzaron sus cuotas femeninas establecidas de cargos p\u00fablicos electos. Espa\u00f1a tambi\u00e9n figura entre los pa\u00edses que eligi\u00f3 en las elecciones europeas al menos un 40 % de eurodiputadas.<\/p>\n\n\n\n<p class=\"wp-block-paragraph\">Asimismo, en Espa\u00f1a, desde 2015 la representaci\u00f3n de las mujeres en los consejos de las organizaciones deportivas de los diez deportes ol\u00edmpicos m\u00e1s populares se ha incrementado en 18 puntos.<\/p>\n\n\n\n<p class=\"wp-block-paragraph\">En el \u00e1mbito del dinero, que refleja las desigualdades en materia de ingresos y el riesgo de pobreza, Espa\u00f1a mejor\u00f3 incluso en 1,2 puntos, aunque sigui\u00f3 situ\u00e1ndose por debajo de la media, en el puesto n\u00famero 16.<\/p>\n\n\n\n<p class=\"wp-block-paragraph\">En las \u00e1reas del trabajo y conocimiento lo hizo solo en 0,2 y 0,1 puntos respectivamente, hasta los puestos n\u00famero 18 y n\u00famero seis.<\/p>\n\n\n\n<p class=\"wp-block-paragraph\">En uso del tiempo no registr\u00f3 cambios y se situ\u00f3 en el quinto puesto, mientras que en lo que respecta a la sanidad -el indicador m\u00e1s elevado de los seis para el conjunto de los Veintisiete- empeor\u00f3 en 0,2 puntos, aunque ocupa el tercer puesto por detr\u00e1s de Suecia y de Francia.<\/p>\n\n\n\n<p class=\"wp-block-paragraph\">Cuando el \u00edndice de igualdad de g\u00e9nero se puso en marcha en 2010, Espa\u00f1a ocupaba la s\u00e9ptima posici\u00f3n y lleg\u00f3 a estar en la und\u00e9cima a lo largo de estos a\u00f1os, hasta que en 2023 escal\u00f3 a la cuarta. (10 de diciembre) <\/p>\n","protected":false},"excerpt":{"rendered":"<p>En el apartado del poder, Espa\u00f1a es tercera de la clasificaci\u00f3n con 82 puntos, por detr\u00e1s de Suecia y de Francia, tras haber ascendido el pa\u00eds ib\u00e9rico 0,9 puntos desde 2021 y acumular una subida de 29,4 puntos desde 2010.<\/p>\n","protected":false},"author":49,"featured_media":736425,"comment_status":"closed","ping_status":"closed","sticky":false,"template":"","format":"standard","meta":{"_acf_changed":false,"_et_pb_use_builder":"","_et_pb_old_content":"","_et_gb_content_width":"","footnotes":""},"categories":[45],"tags":[],"class_list":["post-736424","post","type-post","status-publish","format-standard","has-post-thumbnail","hentry","category-europe-in-brief"],"acf":[],"_links":{"self":[{"href":"https:\/\/europeannewsroom.com\/es\/wp-json\/wp\/v2\/posts\/736424","targetHints":{"allow":["GET"]}}],"collection":[{"href":"https:\/\/europeannewsroom.com\/es\/wp-json\/wp\/v2\/posts"}],"about":[{"href":"https:\/\/europeannewsroom.com\/es\/wp-json\/wp\/v2\/types\/post"}],"author":[{"embeddable":true,"href":"https:\/\/europeannewsroom.com\/es\/wp-json\/wp\/v2\/users\/49"}],"replies":[{"embeddable":true,"href":"https:\/\/europeannewsroom.com\/es\/wp-json\/wp\/v2\/comments?post=736424"}],"version-history":[{"count":0,"href":"https:\/\/europeannewsroom.com\/es\/wp-json\/wp\/v2\/posts\/736424\/revisions"}],"wp:featuredmedia":[{"embeddable":true,"href":"https:\/\/europeannewsroom.com\/es\/wp-json\/wp\/v2\/media\/736425"}],"wp:attachment":[{"href":"https:\/\/europeannewsroom.com\/es\/wp-json\/wp\/v2\/media?parent=736424"}],"wp:term":[{"taxonomy":"category","embeddable":true,"href":"https:\/\/europeannewsroom.com\/es\/wp-json\/wp\/v2\/categories?post=736424"},{"taxonomy":"post_tag","embeddable":true,"href":"https:\/\/europeannewsroom.com\/es\/wp-json\/wp\/v2\/tags?post=736424"}],"curies":[{"name":"wp","href":"https:\/\/api.w.org\/{rel}","templated":true}]}}