{"id":786366,"date":"2024-12-26T11:47:57","date_gmt":"2024-12-26T10:47:57","guid":{"rendered":"https:\/\/europeannewsroom.com\/?p=786366"},"modified":"2024-12-26T12:18:15","modified_gmt":"2024-12-26T11:18:15","slug":"las-denominaciones-de-origen-aguardan-con-reservas-el-impacto-del-pacto-ue-mercosur","status":"publish","type":"post","link":"https:\/\/europeannewsroom.com\/es\/las-denominaciones-de-origen-aguardan-con-reservas-el-impacto-del-pacto-ue-mercosur\/","title":{"rendered":"Las denominaciones de origen aguardan con reservas el impacto del pacto UE-Mercosur"},"content":{"rendered":"\n<p class=\"wp-block-paragraph\">Madrid &#8211; Las denominaciones de origen de productos agroalimentarios espa\u00f1oles muestran sus reservas ante el impacto del acuerdo comercial entre la Uni\u00f3n Europea (UE) y Mercosur, que puede variar mucho entre producciones.<\/p>\n\n\n\n<p class=\"wp-block-paragraph\">El presidente de la Asociaci\u00f3n Espa\u00f1ola de Denominaciones de Origen (Origen Espa\u00f1a) y del Consejo regulador de la DOP Torta del Casar, <strong>\u00c1ngel Pacheco<\/strong>, ha asegurado a Efe que el pacto influir\u00e1 \u00abde una manera u otra en funci\u00f3n de cada sector\u00bb.<\/p>\n\n\n\n<p class=\"wp-block-paragraph\">\u00abTenemos que estar expectantes a ver qu\u00e9 pasa\u00bb, ha afirmado Pacheco, tras se\u00f1alar que, en el asunto de Mercosur y otros tratados internacionales, la parte agr\u00edcola y ganadera \u00absiempre se ha visto como moneda de cambio\u00bb.<\/p>\n\n\n\n<p class=\"wp-block-paragraph\">En su opini\u00f3n, todo lo que sea proteger las marcas de calidad beneficia a las denominaciones de origen (DOP), pero recuerda que tanto estas como las indicaciones geogr\u00e1ficas protegidas (IGP) est\u00e1n basadas en la producci\u00f3n agropecuaria, la cual puede verse afectada de manera negativa en algunos casos.<\/p>\n\n\n\n<h2 class=\"wp-block-heading\">M\u00e1s protecci\u00f3n internacional<\/h2>\n\n\n\n<p class=\"wp-block-paragraph\">Con el acuerdo, los productos agroalimentarios de la UE se beneficiar\u00e1n de un mayor acceso al mercado con la reducci\u00f3n y la eliminaci\u00f3n progresiva de aranceles, una oportunidad para productos espa\u00f1oles como el aceite de oliva, el vino y las bebidas espirituosas, y el porcino.<\/p>\n\n\n\n<p class=\"wp-block-paragraph\">Adem\u00e1s, se reforzar\u00e1 la protecci\u00f3n de las figuras de calidad, como en el caso de 59 alimentos y bebidas espa\u00f1oles reconocidos con esos sellos, incluidos los de Jabugo, Baena, Ribera del Duero, Cari\u00f1ena y Brandy de Jerez.<\/p>\n\n\n\n<p class=\"wp-block-paragraph\">Por ejemplo, ya no se podr\u00e1 vender \u00abqueso estilo manchego\u00bb de imitaci\u00f3n (salvo en Uruguay), sino \u00fanicamente el producto original fabricado en Espa\u00f1a, y por primera vez los inspectores europeos podr\u00e1n vigilar tales pr\u00e1cticas.<\/p>\n\n\n\n<p class=\"wp-block-paragraph\">Cuando entre en vigor el acuerdo, que todav\u00eda no ha sido ratificado, se permitir\u00e1 la incorporaci\u00f3n de nuevas indicaciones geogr\u00e1ficas de la UE para proteger en el Mercosur y viceversa.<\/p>\n\n\n\n<p class=\"wp-block-paragraph\">El presidente de Origen Espa\u00f1a ha destacado que la protecci\u00f3n internacional de las DOP e IGP corresponde a la Uni\u00f3n Europea, que es la encargada de aprobar la calificaci\u00f3n definitiva de esas marcas.<\/p>\n\n\n\n<p class=\"wp-block-paragraph\">Por eso, ha considerado que la defensa de esas figuras a nivel internacional es \u00abb\u00e1sica\u00bb ante los conflictos que ya se han generado con productos que est\u00e1n protegidos en otras partes del mundo o son imitaciones.<\/p>\n\n\n\n<p class=\"wp-block-paragraph\">\u00abTenemos que seguir trabajando en la misma direcci\u00f3n. Es fundamental que esa defensa se haga en favor de los intereses de nuestras marcas de calidad\u00bb, muchas de las cuales -no obstante- son peque\u00f1as y tienen poca presencia en mercados internacionales, ha apuntado Pacheco.<\/p>\n\n\n\n<h2 class=\"wp-block-heading\">Recelos frente a las importaciones<\/h2>\n\n\n\n<p class=\"wp-block-paragraph\">M\u00e1s all\u00e1 de la protecci\u00f3n de las marcas de calidad, Pacheco ha llamado la atenci\u00f3n sobre el impacto que puede tener el acuerdo en sus mercados puesto que, \u00abaunque (las denominaciones) son producciones muy concretas, deben estar expectantes por c\u00f3mo se desarrolla\u00bb el proceso final de negociaci\u00f3n hasta su ratificaci\u00f3n.<\/p>\n\n\n\n<p class=\"wp-block-paragraph\">Ha precisado que, al igual que los productos espa\u00f1oles tendr\u00e1n menos barreras de acceso al mercado del bloque sudamericano, muchas producciones procedentes de Mercosur podr\u00e1n entrar en el mercado europeo y pone de ejemplo la competencia de las carnes.<\/p>\n\n\n\n<p class=\"wp-block-paragraph\">\u00abTambi\u00e9n tenemos que defender a nuestros productores y a nuestra industria transformadora, por lo que debemos tener todos los matices claros antes de valorar definitivamente lo que puede ocurrir\u00bb, ha enfatizado.<\/p>\n\n\n\n<p class=\"wp-block-paragraph\">Pacheco ha coincidido con las reivindicaciones del sector primario, que pide que se exijan las mismas condiciones de producci\u00f3n que tienen los productos europeos a aquellos otros que se importan, con vistas a evitar la competencia desleal. (26 de diciembre) <\/p>\n","protected":false},"excerpt":{"rendered":"<p>Con el acuerdo, los productos agroalimentarios de la UE se beneficiar\u00e1n de un mayor acceso al mercado con la reducci\u00f3n y la eliminaci\u00f3n progresiva de aranceles, una oportunidad para productos espa\u00f1oles como el aceite de oliva, el vino y las bebidas espirituosas, y el porcino.<\/p>\n","protected":false},"author":49,"featured_media":786623,"comment_status":"closed","ping_status":"closed","sticky":false,"template":"","format":"standard","meta":{"_acf_changed":false,"_et_pb_use_builder":"","_et_pb_old_content":"","_et_gb_content_width":"","footnotes":""},"categories":[45],"tags":[17923,7701],"class_list":["post-786366","post","type-post","status-publish","format-standard","has-post-thumbnail","hentry","category-europe-in-brief","tag-dop","tag-mercosur"],"acf":[],"_links":{"self":[{"href":"https:\/\/europeannewsroom.com\/es\/wp-json\/wp\/v2\/posts\/786366","targetHints":{"allow":["GET"]}}],"collection":[{"href":"https:\/\/europeannewsroom.com\/es\/wp-json\/wp\/v2\/posts"}],"about":[{"href":"https:\/\/europeannewsroom.com\/es\/wp-json\/wp\/v2\/types\/post"}],"author":[{"embeddable":true,"href":"https:\/\/europeannewsroom.com\/es\/wp-json\/wp\/v2\/users\/49"}],"replies":[{"embeddable":true,"href":"https:\/\/europeannewsroom.com\/es\/wp-json\/wp\/v2\/comments?post=786366"}],"version-history":[{"count":0,"href":"https:\/\/europeannewsroom.com\/es\/wp-json\/wp\/v2\/posts\/786366\/revisions"}],"wp:featuredmedia":[{"embeddable":true,"href":"https:\/\/europeannewsroom.com\/es\/wp-json\/wp\/v2\/media\/786623"}],"wp:attachment":[{"href":"https:\/\/europeannewsroom.com\/es\/wp-json\/wp\/v2\/media?parent=786366"}],"wp:term":[{"taxonomy":"category","embeddable":true,"href":"https:\/\/europeannewsroom.com\/es\/wp-json\/wp\/v2\/categories?post=786366"},{"taxonomy":"post_tag","embeddable":true,"href":"https:\/\/europeannewsroom.com\/es\/wp-json\/wp\/v2\/tags?post=786366"}],"curies":[{"name":"wp","href":"https:\/\/api.w.org\/{rel}","templated":true}]}}