{"id":158197,"global_id":"europeannewsroom.com\/fr\/?id=158197","global_id_lineage":["europeannewsroom.com\/fr\/?id=158197"],"author":"127","status":"publish","date":"2023-09-10 23:38:49","date_utc":"2023-09-10 21:38:49","modified":"2023-09-10 23:42:33","modified_utc":"2023-09-10 21:42:33","url":"https:\/\/europeannewsroom.com\/fr\/agenda\/la-presidente-de-la-commission-europeenne-ursula-von-der-leyen-rencontre-la-presidente-du-parlement-europeen-roberta-metsola\/","rest_url":"https:\/\/europeannewsroom.com\/fr\/wp-json\/tribe\/events\/v1\/events\/158197","title":"La Pr\u00e9sidente de la Commission europ\u00e9enne Ursula von der Leyen rencontre la Pr\u00e9sidente du Parlement europ\u00e9en Roberta Metsola","description":"","excerpt":"","slug":"la-presidente-de-la-commission-europeenne-ursula-von-der-leyen-rencontre-la-presidente-du-parlement-europeen-roberta-metsola","image":false,"all_day":true,"start_date":"2023-09-15 00:00:00","start_date_details":{"year":"2023","month":"09","day":"15","hour":"00","minutes":"00","seconds":"00"},"end_date":"2023-09-15 23:59:59","end_date_details":{"year":"2023","month":"09","day":"15","hour":"23","minutes":"59","seconds":"59"},"utc_start_date":"2023-09-14 22:00:00","utc_start_date_details":{"year":"2023","month":"09","day":"14","hour":"22","minutes":"00","seconds":"00"},"utc_end_date":"2023-09-15 21:59:59","utc_end_date_details":{"year":"2023","month":"09","day":"15","hour":"21","minutes":"59","seconds":"59"},"timezone":"Europe\/Berlin","timezone_abbr":"CEST","cost":"","cost_details":{"currency_symbol":"","currency_code":"","currency_position":"prefix","values":[]},"website":"","show_map":false,"show_map_link":true,"hide_from_listings":false,"sticky":false,"featured":false,"categories":[],"tags":[],"venue":{"id":126315,"author":"127","status":"publish","date":"2023-05-02 13:22:17","date_utc":"2023-05-02 11:22:17","modified":"2023-05-02 13:22:17","modified_utc":"2023-05-02 11:22:17","url":"https:\/\/europeannewsroom.com\/lieu\/florence\/","venue":"Florence","slug":"florence","country":"Italie","json_ld":{"@type":"Place","name":"Florence","description":"","url":"","address":{"@type":"PostalAddress","addressCountry":"Italie"},"telephone":"","sameAs":""},"show_map":true,"show_map_link":true,"global_id":"europeannewsroom.com\/fr\/?id=126315","global_id_lineage":["europeannewsroom.com\/fr\/?id=126315"]},"organizer":[],"custom_fields":[],"json_ld":{"@context":"http:\/\/schema.org","@type":"Event","name":"La Pr\u00e9sidente de la Commission europ\u00e9enne Ursula von der Leyen rencontre la Pr\u00e9sidente du Parlement europ\u00e9en Roberta Metsola","description":"","url":"https:\/\/europeannewsroom.com\/fr\/agenda\/la-presidente-de-la-commission-europeenne-ursula-von-der-leyen-rencontre-la-presidente-du-parlement-europeen-roberta-metsola\/","eventAttendanceMode":"https:\/\/schema.org\/OfflineEventAttendanceMode","eventStatus":"https:\/\/schema.org\/EventScheduled","startDate":"2023-09-15T00:00:00+02:00","endDate":"2023-09-15T23:59:59+02:00","location":{"@type":"Place","name":"Florence","description":"","url":"","address":{"@type":"PostalAddress","addressCountry":"Italie"},"telephone":"","sameAs":""},"performer":"Organization"}}