{"id":571645,"global_id":"europeannewsroom.com\/fr\/?id=571645","global_id_lineage":["europeannewsroom.com\/fr\/?id=571645"],"author":"127","status":"publish","date":"2024-10-29 13:31:25","date_utc":"2024-10-29 12:31:25","modified":"2024-10-29 13:31:25","modified_utc":"2024-10-29 12:31:25","url":"https:\/\/europeannewsroom.com\/fr\/agenda\/conseil-competitivite-de-lue-marche-interieur-et-industrie-3\/","rest_url":"https:\/\/europeannewsroom.com\/fr\/wp-json\/tribe\/events\/v1\/events\/571645","title":"Conseil Comp\u00e9titivit\u00e9 de l&rsquo;UE (March\u00e9 int\u00e9rieur et industrie)","description":"<ul>\n<li><a href=\"https:\/\/video.consilium.europa.eu\/home\/en\">livestream<\/a><\/li>\n<\/ul>","excerpt":"","slug":"conseil-competitivite-de-lue-marche-interieur-et-industrie-3","image":false,"all_day":true,"start_date":"2024-11-28 00:00:00","start_date_details":{"year":"2024","month":"11","day":"28","hour":"00","minutes":"00","seconds":"00"},"end_date":"2024-11-28 23:59:59","end_date_details":{"year":"2024","month":"11","day":"28","hour":"23","minutes":"59","seconds":"59"},"utc_start_date":"2024-11-27 23:00:00","utc_start_date_details":{"year":"2024","month":"11","day":"27","hour":"23","minutes":"00","seconds":"00"},"utc_end_date":"2024-11-28 22:59:59","utc_end_date_details":{"year":"2024","month":"11","day":"28","hour":"22","minutes":"59","seconds":"59"},"timezone":"Europe\/Berlin","timezone_abbr":"CET","cost":"","cost_details":{"currency_symbol":"\u20ac","currency_code":"EUR","currency_position":"prefix","values":[]},"website":"https:\/\/www.consilium.europa.eu\/fr\/meetings\/compet\/2024\/11\/28\/","show_map":false,"show_map_link":true,"hide_from_listings":false,"sticky":false,"featured":false,"categories":[],"tags":[],"venue":{"id":123462,"author":"127","status":"publish","date":"2023-04-19 13:46:22","date_utc":"2023-04-19 11:46:22","modified":"2023-04-19 13:46:22","modified_utc":"2023-04-19 11:46:22","url":"https:\/\/europeannewsroom.com\/fr\/lieu\/bruxelles\/","venue":"Bruxelles","slug":"bruxelles","country":"Belgique","json_ld":{"@type":"Place","name":"Bruxelles","description":"","url":"","address":{"@type":"PostalAddress","addressCountry":"Belgique"},"telephone":"","sameAs":""},"show_map":true,"show_map_link":true,"global_id":"europeannewsroom.com\/fr\/?id=123462","global_id_lineage":["europeannewsroom.com\/fr\/?id=123462"]},"organizer":[],"custom_fields":[],"json_ld":{"@context":"http:\/\/schema.org","@type":"Event","name":"Conseil Comp\u00e9titivit\u00e9 de l&rsquo;UE (March\u00e9 int\u00e9rieur et industrie)","description":"&lt;p&gt;livestream&lt;\/p&gt;\\n","url":"https:\/\/europeannewsroom.com\/fr\/agenda\/conseil-competitivite-de-lue-marche-interieur-et-industrie-3\/","eventAttendanceMode":"https:\/\/schema.org\/OfflineEventAttendanceMode","eventStatus":"https:\/\/schema.org\/EventScheduled","startDate":"2024-11-28T00:00:00+01:00","endDate":"2024-11-28T23:59:59+01:00","location":{"@type":"Place","name":"Bruxelles","description":"","url":"","address":{"@type":"PostalAddress","addressCountry":"Belgique"},"telephone":"","sameAs":""},"performer":"Organization"}}