{"id":938597,"global_id":"europeannewsroom.com\/fr\/?id=938597","global_id_lineage":["europeannewsroom.com\/fr\/?id=938597"],"author":"127","status":"publish","date":"2025-02-10 16:50:21","date_utc":"2025-02-10 15:50:21","modified":"2025-02-10 16:50:21","modified_utc":"2025-02-10 15:50:21","url":"https:\/\/europeannewsroom.com\/fr\/agenda\/visite-du-college-des-commissaires-europeens-en-pologne\/","rest_url":"https:\/\/europeannewsroom.com\/fr\/wp-json\/tribe\/events\/v1\/events\/938597","title":"Visite du Coll\u00e8ge des Commissaires europ\u00e9ens en Pologne","description":"<ul>\n<li>enregistrements vid\u00e9o<\/li>\n<\/ul>","excerpt":"","slug":"visite-du-college-des-commissaires-europeens-en-pologne","image":false,"all_day":true,"start_date":"2025-02-06 00:00:00","start_date_details":{"year":"2025","month":"02","day":"06","hour":"00","minutes":"00","seconds":"00"},"end_date":"2025-02-07 23:59:59","end_date_details":{"year":"2025","month":"02","day":"07","hour":"23","minutes":"59","seconds":"59"},"utc_start_date":"2025-02-05 23:00:00","utc_start_date_details":{"year":"2025","month":"02","day":"05","hour":"23","minutes":"00","seconds":"00"},"utc_end_date":"2025-02-07 22:59:59","utc_end_date_details":{"year":"2025","month":"02","day":"07","hour":"22","minutes":"59","seconds":"59"},"timezone":"Europe\/Berlin","timezone_abbr":"CET","cost":"","cost_details":{"currency_symbol":"\u20ac","currency_code":"EUR","currency_position":"prefix","values":[]},"website":"","show_map":false,"show_map_link":true,"hide_from_listings":false,"sticky":false,"featured":false,"categories":[],"tags":[],"venue":{"id":805983,"author":"127","status":"publish","date":"2025-01-05 15:25:11","date_utc":"2025-01-05 14:25:11","modified":"2025-01-05 15:25:11","modified_utc":"2025-01-05 14:25:11","url":"https:\/\/europeannewsroom.com\/lieu\/gdansk\/","venue":"Gda\u0144sk","slug":"gdansk","country":"Poland","json_ld":{"@type":"Place","name":"Gda\u0144sk","description":"","url":"","address":{"@type":"PostalAddress","addressCountry":"Poland"},"telephone":"","sameAs":""},"show_map":false,"show_map_link":false,"global_id":"europeannewsroom.com\/fr\/?id=805983","global_id_lineage":["europeannewsroom.com\/fr\/?id=805983"]},"organizer":[],"custom_fields":[],"json_ld":{"@context":"http:\/\/schema.org","@type":"Event","name":"Visite du Coll\u00e8ge des Commissaires europ\u00e9ens en Pologne","description":"&lt;p&gt;enregistrements vid\u00e9o&lt;\/p&gt;\\n","url":"https:\/\/europeannewsroom.com\/fr\/agenda\/visite-du-college-des-commissaires-europeens-en-pologne\/","eventAttendanceMode":"https:\/\/schema.org\/OfflineEventAttendanceMode","eventStatus":"https:\/\/schema.org\/EventScheduled","startDate":"2025-02-06T00:00:00+01:00","endDate":"2025-02-07T23:59:59+01:00","location":{"@type":"Place","name":"Gda\u0144sk","description":"","url":"","address":{"@type":"PostalAddress","addressCountry":"Poland"},"telephone":"","sameAs":""},"performer":"Organization"}}