{"id":1159318,"date":"2025-04-17T15:14:58","date_gmt":"2025-04-17T13:14:58","guid":{"rendered":"https:\/\/europeannewsroom.com\/?p=1159318"},"modified":"2025-04-17T15:15:04","modified_gmt":"2025-04-17T13:15:04","slug":"la-commissaire-a-lelargissement-met-en-garde-contre-les-forces-exterieures-qui-entravent-lintegration-europeenne","status":"publish","type":"post","link":"https:\/\/europeannewsroom.com\/fr\/la-commissaire-a-lelargissement-met-en-garde-contre-les-forces-exterieures-qui-entravent-lintegration-europeenne\/","title":{"rendered":"La commissaire \u00e0 l&rsquo;Elargissement met en garde contre les forces ext\u00e9rieures qui entravent l&rsquo;int\u00e9gration europ\u00e9enne"},"content":{"rendered":"\n<p class=\"wp-block-paragraph\">Lire l&rsquo;article par OpenAI (version b\u00eata). Veuillez noter que le traitement des traductions par IA peut prendre un certain temps.<\/p>\n\n\n\n<p class=\"wp-block-paragraph\">Bruxelles (ENR) \u2013 La commissaire europ\u00e9enne \u00e0 l&rsquo;\u00c9largissement, <strong>Marta Kos<\/strong>, s&rsquo;attend \u00e0 de grands progr\u00e8s dans l&rsquo;\u00e9largissement de l&rsquo;Union europ\u00e9enne au cours des prochaines ann\u00e9es, mais elle met en garde contre des forces ext\u00e9rieures cherchant \u00e0 perturber le processus.<\/p>\n\n\n\n<p class=\"wp-block-paragraph\">\u00ab&nbsp;Pour la premi\u00e8re fois de l&rsquo;histoire, nous sommes confront\u00e9s \u00e0 des forces ext\u00e9rieures perturbatrices qui souhaiteraient voir le processus d&rsquo;\u00e9largissement \u00e9chouer&nbsp;\u00bb, a-t-elle d\u00e9clar\u00e9 \u00e0 European Newsroom (ENR) dans une interview publi\u00e9e mercredi. Sans pr\u00e9ciser \u00e0 qui elle faisait r\u00e9f\u00e9rence, Mme Kos a ajout\u00e9&nbsp;: \u00ab&nbsp;Elles ne viennent pas seulement de l&rsquo;Est&nbsp;\u00bb.<\/p>\n\n\n\n<p class=\"wp-block-paragraph\">Interrog\u00e9e directement sur l&rsquo;influence des pays tiers et le r\u00f4le de Moscou ou de Washington, Kos a soulign\u00e9 que la Commission europ\u00e9enne surveillait les accords tels que celui sur les min\u00e9raux et les terres rares n\u00e9goci\u00e9 par les \u00c9tats-Unis et l&rsquo;Ukraine, ce qui, a-t-elle averti, pourrait avoir des implications sur le processus d&rsquo;adh\u00e9sion ukrainienne.<\/p>\n\n\n\n<p class=\"wp-block-paragraph\">Au sujet de la possible offre de la nouvelle administration am\u00e9ricaine \u00e0 l&rsquo;Albanie d&rsquo;abandonner les n\u00e9gociations avec l&rsquo;UE en \u00e9change d&rsquo;investissements, elle a r\u00e9pondu qu&rsquo;elle n&rsquo;en avait pas connaissance.<\/p>\n\n\n\n<p class=\"wp-block-paragraph\">La commissaire slov\u00e8ne a soulign\u00e9 que seule l&rsquo;Union avait la capacit\u00e9 d&rsquo;int\u00e9grer davantage de pays, et a donc une \u00ab\u00a0\u00e9norme responsabilit\u00e9\u00a0\u00bb dans un processus qui mettait \u00e9galement en jeu sa \u00ab\u00a0cr\u00e9dibilit\u00e9\u00a0\u00bb. \u00ab\u00a0C&rsquo;est pourquoi nous devons absolument tenir nos promesses. Et c&rsquo;est pourquoi nous ne pouvons perdre aucun des pays candidats\u00a0\u00bb, a-t-elle insist\u00e9.<\/p>\n\n\n\n<h2 class=\"wp-block-heading\"><strong>Priorit\u00e9 \u00e0 la s\u00e9curit\u00e9<\/strong><\/h2>\n\n\n\n<p class=\"wp-block-paragraph\">Mme Kos a soulign\u00e9 que les changements g\u00e9opolitiques ont insuffl\u00e9 une nouvelle dynamique au processus d&rsquo;\u00e9largissement. Contrairement aux pr\u00e9c\u00e9dentes vagues d&rsquo;adh\u00e9sions, celui-ci comporte d\u00e9sormais une dimension s\u00e9curitaire, a-t-elle d\u00e9clar\u00e9.<\/p>\n\n\n\n<p class=\"wp-block-paragraph\">\u00ab&nbsp;Le monde entier est en mouvement, l&rsquo;Europe tout enti\u00e8re est en mouvement, tout le voisinage est en mouvement. Et la s\u00e9curit\u00e9 devient de plus en plus importante&nbsp;\u00bb.<\/p>\n\n\n\n<p class=\"wp-block-paragraph\">\u00ab&nbsp;Nous concevons l&rsquo;\u00e9largissement comme le bras politique des garanties de s\u00e9curit\u00e9&nbsp;\u00bb, a dit Mme Kos. \u00ab&nbsp;L&rsquo;adh\u00e9sion \u00e0 l&rsquo;Union europ\u00e9enne pourrait v\u00e9ritablement constituer un bras politique tr\u00e8s puissant de ces garanties de s\u00e9curit\u00e9,&nbsp;\u00bb, a-t-elle r\u00e9p\u00e9t\u00e9.<\/p>\n\n\n\n<p class=\"wp-block-paragraph\">L&rsquo;invasion russe de l&rsquo;Ukraine en f\u00e9vrier 2022 a remis la s\u00e9curit\u00e9 et la d\u00e9fense au premier plan et pouss\u00e9 les Vingt-Sept \u00e0 renforcer leurs capacit\u00e9s militaires.<\/p>\n\n\n\n<p class=\"wp-block-paragraph\">Par ailleurs, le pr\u00e9sident am\u00e9ricain <strong>Donald Trump <\/strong>a mis en doute \u00e0 plusieurs reprises les garanties de s\u00e9curit\u00e9 offertes \u00e0 l&rsquo;Europe par l&rsquo;OTAN, incitant les membres europ\u00e9ens de l&rsquo;alliance atlantique \u00e0 prendre davantage les choses en main.<\/p>\n\n\n\n<p class=\"wp-block-paragraph\">Selon Marta Kos, pour l&rsquo;instant, l&rsquo;int\u00e9gration de l&rsquo;Ukraine et de la Moldavie \u00e0 l&rsquo;OTAN est impossible, mais l&rsquo;adh\u00e9sion \u00e0 l&rsquo;UE enverrait un message fort.<\/p>\n\n\n\n<p class=\"wp-block-paragraph\">Elle a jug\u00e9 \u00ab\u00a0int\u00e9ressant\u00a0\u00bb de constater que des pays des Balkans comme le Mont\u00e9n\u00e9gro, l&rsquo;Albanie et la Mac\u00e9doine du Nord ont trouv\u00e9 plus facile d&rsquo;adh\u00e9rer \u00e0 l&rsquo;OTAN qu&rsquo;\u00e0 l&rsquo;UE. Pour elle, cela pourrait \u00eatre l&rsquo;inverse pour la Moldavie et l&rsquo;Ukraine.<\/p>\n\n\n\n<p class=\"wp-block-paragraph\"><em>Cet article est publi\u00e9 deux fois par semaine. Son contenu est bas\u00e9 sur les informations des agences participant \u00e0 l&rsquo;ENR.<\/em><\/p>\n","protected":false},"excerpt":{"rendered":"<p>La commissaire europ\u00e9enne \u00e0 l&rsquo;Elargissement lance un avertissement s\u00e9v\u00e8re\u00a0: la cr\u00e9dibilit\u00e9 et la s\u00e9curit\u00e9 de l\u2019Union sont en jeu, car des puissances \u00e9trang\u00e8res cherchent \u00e0 perturber le processus d&rsquo;adh\u00e9sion de nouveaux membres.<\/p>\n","protected":false},"author":21,"featured_media":1093907,"comment_status":"closed","ping_status":"closed","sticky":false,"template":"","format":"standard","meta":{"_acf_changed":true,"_et_pb_use_builder":"","_et_pb_old_content":"","_et_gb_content_width":"","footnotes":""},"categories":[39],"tags":[],"class_list":["post-1159318","post","type-post","status-publish","format-standard","has-post-thumbnail","hentry","category-key-story"],"acf":[],"_links":{"self":[{"href":"https:\/\/europeannewsroom.com\/fr\/wp-json\/wp\/v2\/posts\/1159318","targetHints":{"allow":["GET"]}}],"collection":[{"href":"https:\/\/europeannewsroom.com\/fr\/wp-json\/wp\/v2\/posts"}],"about":[{"href":"https:\/\/europeannewsroom.com\/fr\/wp-json\/wp\/v2\/types\/post"}],"author":[{"embeddable":true,"href":"https:\/\/europeannewsroom.com\/fr\/wp-json\/wp\/v2\/users\/21"}],"replies":[{"embeddable":true,"href":"https:\/\/europeannewsroom.com\/fr\/wp-json\/wp\/v2\/comments?post=1159318"}],"version-history":[{"count":0,"href":"https:\/\/europeannewsroom.com\/fr\/wp-json\/wp\/v2\/posts\/1159318\/revisions"}],"wp:featuredmedia":[{"embeddable":true,"href":"https:\/\/europeannewsroom.com\/fr\/wp-json\/wp\/v2\/media\/1093907"}],"wp:attachment":[{"href":"https:\/\/europeannewsroom.com\/fr\/wp-json\/wp\/v2\/media?parent=1159318"}],"wp:term":[{"taxonomy":"category","embeddable":true,"href":"https:\/\/europeannewsroom.com\/fr\/wp-json\/wp\/v2\/categories?post=1159318"},{"taxonomy":"post_tag","embeddable":true,"href":"https:\/\/europeannewsroom.com\/fr\/wp-json\/wp\/v2\/tags?post=1159318"}],"curies":[{"name":"wp","href":"https:\/\/api.w.org\/{rel}","templated":true}]}}