{"id":1374490,"date":"2025-06-30T19:06:33","date_gmt":"2025-06-30T17:06:33","guid":{"rendered":"https:\/\/europeannewsroom.com\/?p=1374490"},"modified":"2025-06-30T19:06:37","modified_gmt":"2025-06-30T17:06:37","slug":"lue-annonce-un-nouvel-accord-avec-lukraine-sur-limportation-de-produits-agricoles","status":"publish","type":"post","link":"https:\/\/europeannewsroom.com\/fr\/lue-annonce-un-nouvel-accord-avec-lukraine-sur-limportation-de-produits-agricoles\/","title":{"rendered":"L&rsquo;UE annonce un nouvel accord avec l&rsquo;Ukraine sur l&rsquo;importation de produits agricoles"},"content":{"rendered":"\n<p class=\"wp-block-paragraph\">Bruxelles&nbsp;&#8211; L\u2019accord de libre-\u00e9change avec l\u2019Ukraine r\u00e9alis\u00e9 lundi est \u00ab&nbsp;\u00e9quilibr\u00e9, juste et r\u00e9aliste&nbsp;\u00bb, a assur\u00e9 le commissaire europ\u00e9en en charge du commerce Maros Sefcovic, en insistant sur les quotas pour les \u00ab&nbsp;produits sensibles comme les \u0153ufs, le sucre et le bl\u00e9&nbsp;\u00bb.&nbsp;<\/p>\n\n\n\n<p class=\"wp-block-paragraph\">Afin de soutenir Kiev face \u00e0 l&rsquo;invasion russe, l&rsquo;Union europ\u00e9enne avait instaur\u00e9 depuis 2022 et jusqu&rsquo;au 5 juin dernier une exemption de droits de douane sur des produits agricoles ukrainiens.<\/p>\n\n\n\n<p class=\"wp-block-paragraph\">Mais les agriculteurs europ\u00e9ens d\u00e9non\u00e7aient r\u00e9guli\u00e8rement une \u00ab&nbsp;concurrence d\u00e9loyale&nbsp;\u00bb de l&rsquo;Ukraine, g\u00e9ant agricole, et demandaient de revenir aux quotas en vigueur avant la guerre, fix\u00e9s dans un accord de 2016.<\/p>\n\n\n\n<p class=\"wp-block-paragraph\">Bruxelles estime avoir trouv\u00e9 un \u00e9quilibre, gr\u00e2ce au compromis scell\u00e9 avec Kiev durant le week-end.<\/p>\n\n\n\n<p class=\"wp-block-paragraph\">Avec le nouvel accord, \u00ab\u00a0nous s\u00e9curisons les flux commerciaux de l\u2019Ukraine vers l&rsquo;Europe. (&#8230;)&nbsp;En m\u00eame temps, nous continuons \u00e0 prot\u00e9ger les int\u00e9r\u00eats de nos agriculteurs\u00a0\u00bb, a affirm\u00e9 la pr\u00e9sidente de la Commission europ\u00e9enne Ursula von der Leyen, dans un communiqu\u00e9.&nbsp;(30 juin 2025)<\/p>\n","protected":false},"excerpt":{"rendered":"<p>L&rsquo;Union europ\u00e9enne a annonc\u00e9 avoir trouv\u00e9 un \u00ab accord de principe \u00bb avec l&rsquo;Ukraine en mati\u00e8re de libre-\u00e9change, notamment sur le volet sensible des importations agricoles.<\/p>\n","protected":false},"author":21,"featured_media":1374629,"comment_status":"closed","ping_status":"closed","sticky":false,"template":"","format":"standard","meta":{"_acf_changed":false,"_et_pb_use_builder":"","_et_pb_old_content":"","_et_gb_content_width":"","footnotes":""},"categories":[45],"tags":[],"class_list":["post-1374490","post","type-post","status-publish","format-standard","has-post-thumbnail","hentry","category-europe-in-brief"],"acf":[],"_links":{"self":[{"href":"https:\/\/europeannewsroom.com\/fr\/wp-json\/wp\/v2\/posts\/1374490","targetHints":{"allow":["GET"]}}],"collection":[{"href":"https:\/\/europeannewsroom.com\/fr\/wp-json\/wp\/v2\/posts"}],"about":[{"href":"https:\/\/europeannewsroom.com\/fr\/wp-json\/wp\/v2\/types\/post"}],"author":[{"embeddable":true,"href":"https:\/\/europeannewsroom.com\/fr\/wp-json\/wp\/v2\/users\/21"}],"replies":[{"embeddable":true,"href":"https:\/\/europeannewsroom.com\/fr\/wp-json\/wp\/v2\/comments?post=1374490"}],"version-history":[{"count":0,"href":"https:\/\/europeannewsroom.com\/fr\/wp-json\/wp\/v2\/posts\/1374490\/revisions"}],"wp:featuredmedia":[{"embeddable":true,"href":"https:\/\/europeannewsroom.com\/fr\/wp-json\/wp\/v2\/media\/1374629"}],"wp:attachment":[{"href":"https:\/\/europeannewsroom.com\/fr\/wp-json\/wp\/v2\/media?parent=1374490"}],"wp:term":[{"taxonomy":"category","embeddable":true,"href":"https:\/\/europeannewsroom.com\/fr\/wp-json\/wp\/v2\/categories?post=1374490"},{"taxonomy":"post_tag","embeddable":true,"href":"https:\/\/europeannewsroom.com\/fr\/wp-json\/wp\/v2\/tags?post=1374490"}],"curies":[{"name":"wp","href":"https:\/\/api.w.org\/{rel}","templated":true}]}}