{"id":1374768,"date":"2025-06-30T20:04:35","date_gmt":"2025-06-30T18:04:35","guid":{"rendered":"https:\/\/europeannewsroom.com\/?p=1374768"},"modified":"2025-06-30T20:04:38","modified_gmt":"2025-06-30T18:04:38","slug":"marche-des-fiertes-de-budapest-une-honte-selon-viktor-orban","status":"publish","type":"post","link":"https:\/\/europeannewsroom.com\/fr\/marche-des-fiertes-de-budapest-une-honte-selon-viktor-orban\/","title":{"rendered":"Marche des fiert\u00e9s de Budapest : \u00ab\u00a0une honte\u00a0\u00bb, selon Viktor Orban"},"content":{"rendered":"\n<p class=\"wp-block-paragraph\">Budapest \u2013 La Marche des fiert\u00e9s qui a r\u00e9uni une foule importante samedi \u00e0 Budapest, a \u00e9t\u00e9 tax\u00e9e de \u00ab&nbsp;honte&nbsp;\u00bb lundi par le Premier ministre hongrois Viktor Orban, dans sa premi\u00e8re r\u00e9action publique, selon des extraits publi\u00e9s sur Facebook d&rsquo;une interview t\u00e9l\u00e9vis\u00e9e qui allait \u00eatre diffus\u00e9e dans la soir\u00e9e.<\/p>\n\n\n\n<p class=\"wp-block-paragraph\">\u00ab Je fais partie de ceux qui ne consid\u00e8rent pas ce qui s&rsquo;est pass\u00e9 comme une source de fiert\u00e9. (&#8230;) Je dis que c&rsquo;est une honte&nbsp;\u00bb, a ass\u00e9n\u00e9 M. Orban.<\/p>\n\n\n\n<p class=\"wp-block-paragraph\">Emmen\u00e9e par le maire \u00e9cologiste de la capitale, une foule immense a d\u00e9fil\u00e9 ce week-end dans une ambiance festive en d\u00e9fi \u00e0 une r\u00e9gression in\u00e9dite des droits LGBT+ dans l\u2019UE.&nbsp;<\/p>\n\n\n\n<p class=\"wp-block-paragraph\">Le gouvernement avait dans la foul\u00e9e accus\u00e9 l&rsquo;opposition d&rsquo;avoir, \u00ab\u00a0sur ordre de Bruxelles\u00a0\u00bb, \u00ab\u00a0pouss\u00e9 \u00e0 la violation de lois qu&rsquo;elle n&rsquo;aime pas, de s&rsquo;\u00eatre moqu\u00e9e de la souverainet\u00e9 de la Hongrie, et avec le soutien de l&rsquo;\u00e9tranger, d&rsquo;avoir tent\u00e9 de nous imposer la culture woke\u00a0\u00bb.<\/p>\n\n\n\n<p class=\"wp-block-paragraph\">En mars, M. Orban avait fait voter une nouvelle l\u00e9gislation qui vise \u00e0 interdire toute manifestation qui exposerait les mineurs \u00e0 l&rsquo;homosexualit\u00e9 et \u00e0 la transidentit\u00e9.&nbsp;(30 juin 2025)<\/p>\n","protected":false},"excerpt":{"rendered":"<p>Le Premier ministre hongrois Viktor Orban a qualifi\u00e9 lundi de \u00ab\u00a0honte\u00a0\u00bb la marche des fiert\u00e9s qui a rassembl\u00e9 samedi dans les rues de Budapest des dizaines de milliers de personnes, malgr\u00e9 son interdiction par la police, alors que le gouvernement accusait les organisateurs d\u2019agir \u00ab sur ordre de Bruxelles \u00bb.<\/p>\n","protected":false},"author":21,"featured_media":1374907,"comment_status":"closed","ping_status":"closed","sticky":false,"template":"","format":"standard","meta":{"_acf_changed":false,"_et_pb_use_builder":"","_et_pb_old_content":"","_et_gb_content_width":"","footnotes":""},"categories":[45],"tags":[1777,5185,20664],"class_list":["post-1374768","post","type-post","status-publish","format-standard","has-post-thumbnail","hentry","category-europe-in-brief","tag-hongrie","tag-manifestation","tag-societe"],"acf":[],"_links":{"self":[{"href":"https:\/\/europeannewsroom.com\/fr\/wp-json\/wp\/v2\/posts\/1374768","targetHints":{"allow":["GET"]}}],"collection":[{"href":"https:\/\/europeannewsroom.com\/fr\/wp-json\/wp\/v2\/posts"}],"about":[{"href":"https:\/\/europeannewsroom.com\/fr\/wp-json\/wp\/v2\/types\/post"}],"author":[{"embeddable":true,"href":"https:\/\/europeannewsroom.com\/fr\/wp-json\/wp\/v2\/users\/21"}],"replies":[{"embeddable":true,"href":"https:\/\/europeannewsroom.com\/fr\/wp-json\/wp\/v2\/comments?post=1374768"}],"version-history":[{"count":0,"href":"https:\/\/europeannewsroom.com\/fr\/wp-json\/wp\/v2\/posts\/1374768\/revisions"}],"wp:featuredmedia":[{"embeddable":true,"href":"https:\/\/europeannewsroom.com\/fr\/wp-json\/wp\/v2\/media\/1374907"}],"wp:attachment":[{"href":"https:\/\/europeannewsroom.com\/fr\/wp-json\/wp\/v2\/media?parent=1374768"}],"wp:term":[{"taxonomy":"category","embeddable":true,"href":"https:\/\/europeannewsroom.com\/fr\/wp-json\/wp\/v2\/categories?post=1374768"},{"taxonomy":"post_tag","embeddable":true,"href":"https:\/\/europeannewsroom.com\/fr\/wp-json\/wp\/v2\/tags?post=1374768"}],"curies":[{"name":"wp","href":"https:\/\/api.w.org\/{rel}","templated":true}]}}