{"id":1380481,"date":"2025-07-01T18:32:32","date_gmt":"2025-07-01T16:32:32","guid":{"rendered":"https:\/\/europeannewsroom.com\/?p=1380481"},"modified":"2025-07-04T21:24:38","modified_gmt":"2025-07-04T19:24:38","slug":"la-securite-priorite-de-la-presidence-danoise-de-lue","status":"publish","type":"post","link":"https:\/\/europeannewsroom.com\/fr\/la-securite-priorite-de-la-presidence-danoise-de-lue\/","title":{"rendered":"La s\u00e9curit\u00e9, priorit\u00e9 de la pr\u00e9sidence danoise de l&rsquo;UE"},"content":{"rendered":"\n<p class=\"wp-block-paragraph\">Copenhague \u2013 \u00ab&nbsp;Il est clairement d\u00e9fini que la s\u00e9curit\u00e9 est la priorit\u00e9 absolue&nbsp;\u00bb, a d\u00e9clar\u00e9 la Premi\u00e8re ministre Mette Frederiksen dans un entretien au quotidien Politiken publi\u00e9 dimanche, \u00e0 deux jours du d\u00e9but de la pr\u00e9sidence danoise de l\u2019UE.<\/p>\n\n\n\n<p class=\"wp-block-paragraph\">\u00ab&nbsp;Nous avons maintenant un nouvel objectif pour l&rsquo;Otan, qui a \u00e9t\u00e9 adopt\u00e9 (5% du PIB pour la s\u00e9curit\u00e9 \u00e0 l\u2019horizon 2035 &#8211; ndlr). Une fois que l&rsquo;objectif de l&rsquo;Otan est en place, l&rsquo;essentiel rel\u00e8ve de la politique de l\u2019UE&nbsp;\u00bb, a-t-elle ajout\u00e9.<\/p>\n\n\n\n<p class=\"wp-block-paragraph\">Concr\u00e8tement, le Danemark veut faire avancer le plan europ\u00e9en pr\u00e9sent\u00e9 en mars pour augmenter les capacit\u00e9s de d\u00e9fense des pays de l\u2019UE, via des proc\u00e9dures facilit\u00e9es et des pr\u00eats mis \u00e0 la disposition des Etats pour financer les investissements de l&rsquo;industrie de d\u00e9fense europ\u00e9enne.<\/p>\n\n\n\n<p class=\"wp-block-paragraph\">La situation s\u00e9curitaire en Europe \u00ab&nbsp;est instable et, parce qu&rsquo;elle est instable, elle est aussi dangereuse&nbsp;\u00bb, a soulign\u00e9 Mme Frederiksen.<\/p>\n\n\n\n<p class=\"wp-block-paragraph\">Le Danemark est l&rsquo;un des pays les plus en pointe dans le soutien europ\u00e9en \u00e0 l&rsquo;Ukraine. Au pouvoir depuis 2019, Mme Frederiksen a largement augment\u00e9 les d\u00e9penses de d\u00e9fense, \u00e0 pr\u00e9sent au-dessus de 3% du PIB. (1er juillet 2025)<\/p>\n","protected":false},"excerpt":{"rendered":"<p>Le Danemark a pris la pr\u00e9sidence de l&rsquo;Union europ\u00e9enne mardi avec la s\u00e9curit\u00e9 du continent comme priorit\u00e9, et en particulier la mise en \u0153uvre de l&rsquo;acc\u00e9l\u00e9ration des hausses de d\u00e9penses r\u00e9cemment d\u00e9cid\u00e9e au sein de l&rsquo;Otan.<\/p>\n","protected":false},"author":21,"featured_media":1380666,"comment_status":"closed","ping_status":"closed","sticky":false,"template":"","format":"standard","meta":{"_acf_changed":false,"_et_pb_use_builder":"","_et_pb_old_content":"","_et_gb_content_width":"","footnotes":""},"categories":[45],"tags":[],"class_list":["post-1380481","post","type-post","status-publish","format-standard","has-post-thumbnail","hentry","category-europe-in-brief"],"acf":[],"_links":{"self":[{"href":"https:\/\/europeannewsroom.com\/fr\/wp-json\/wp\/v2\/posts\/1380481","targetHints":{"allow":["GET"]}}],"collection":[{"href":"https:\/\/europeannewsroom.com\/fr\/wp-json\/wp\/v2\/posts"}],"about":[{"href":"https:\/\/europeannewsroom.com\/fr\/wp-json\/wp\/v2\/types\/post"}],"author":[{"embeddable":true,"href":"https:\/\/europeannewsroom.com\/fr\/wp-json\/wp\/v2\/users\/21"}],"replies":[{"embeddable":true,"href":"https:\/\/europeannewsroom.com\/fr\/wp-json\/wp\/v2\/comments?post=1380481"}],"version-history":[{"count":0,"href":"https:\/\/europeannewsroom.com\/fr\/wp-json\/wp\/v2\/posts\/1380481\/revisions"}],"wp:featuredmedia":[{"embeddable":true,"href":"https:\/\/europeannewsroom.com\/fr\/wp-json\/wp\/v2\/media\/1380666"}],"wp:attachment":[{"href":"https:\/\/europeannewsroom.com\/fr\/wp-json\/wp\/v2\/media?parent=1380481"}],"wp:term":[{"taxonomy":"category","embeddable":true,"href":"https:\/\/europeannewsroom.com\/fr\/wp-json\/wp\/v2\/categories?post=1380481"},{"taxonomy":"post_tag","embeddable":true,"href":"https:\/\/europeannewsroom.com\/fr\/wp-json\/wp\/v2\/tags?post=1380481"}],"curies":[{"name":"wp","href":"https:\/\/api.w.org\/{rel}","templated":true}]}}