{"id":1391828,"date":"2025-07-03T21:24:13","date_gmt":"2025-07-03T19:24:13","guid":{"rendered":"https:\/\/europeannewsroom.com\/?p=1391828"},"modified":"2025-07-03T21:24:17","modified_gmt":"2025-07-03T19:24:17","slug":"le-rn-vise-par-de-nouvelles-accusations-dirregularites-au-parlement-europeen","status":"publish","type":"post","link":"https:\/\/europeannewsroom.com\/fr\/le-rn-vise-par-de-nouvelles-accusations-dirregularites-au-parlement-europeen\/","title":{"rendered":"Le RN vis\u00e9 par de nouvelles accusations d&rsquo;irr\u00e9gularit\u00e9s au Parlement europ\u00e9en"},"content":{"rendered":"\n<p class=\"wp-block-paragraph\">Paris &#8211; Le parti de Marine Le Pen et Jordan Bardella est encore accus\u00e9 d&rsquo;avoir enfreint les r\u00e8gles du Parlement europ\u00e9en.<\/p>\n\n\n\n<p class=\"wp-block-paragraph\">Avec ses partenaires de l&rsquo;ex-groupe Identit\u00e9 et D\u00e9mocratie (ID), le Rassemblement national (RN) est en effet suspect\u00e9 d&rsquo;avoir \u00ab&nbsp;ind\u00fbment d\u00e9pens\u00e9&nbsp;\u00bb plus de 4,3 millions d&rsquo;euros entre 2019 et 2024, selon un rapport de la direction des affaires financi\u00e8res de l&rsquo;institution bruxelloise.<\/p>\n\n\n\n<p class=\"wp-block-paragraph\">La majeure partie de cette somme a b\u00e9n\u00e9fici\u00e9 \u00e0 deux soci\u00e9t\u00e9s li\u00e9es \u00e0 des proches de Mme Le Pen : son ancien conseiller Fr\u00e9d\u00e9ric Chatillon et son \u00e9pouse Sighild Blanc.<\/p>\n\n\n\n<p class=\"wp-block-paragraph\">D&rsquo;apr\u00e8s ce document, l&rsquo;agence de communication e-Politic a ainsi per\u00e7u 1,7 million d&rsquo;euros apr\u00e8s un appel d&rsquo;offres \u00ab&nbsp;purement formel&nbsp;\u00bb et entach\u00e9 de \u00ab&nbsp;graves probl\u00e8mes de conformit\u00e9&nbsp;\u00bb selon les inspecteurs bruxellois, qui estiment par cons\u00e9quent que \u00ab&nbsp;toutes ces d\u00e9penses (&#8230;) sont irr\u00e9guli\u00e8res&nbsp;\u00bb.<\/p>\n\n\n\n<p class=\"wp-block-paragraph\">M\u00eame chose pour l&rsquo;entreprise Unanime, qui a empoch\u00e9 plus de 1,4 million d&rsquo;euros pour des travaux d&rsquo;impression, de surcro\u00eet sous-trait\u00e9s \u00e0 moindre co\u00fbt, avec une marge \u00e9valu\u00e9e \u00e0 260.000 euros. (3 juillet 2025)<\/p>\n","protected":false},"excerpt":{"rendered":"<p>A peine sorti du premier proc\u00e8s des assistants parlementaires europ\u00e9ens, le parti fran\u00e7ais Rassemblement national est de nouveau soup\u00e7onn\u00e9 de diverses irr\u00e9gularit\u00e9s financi\u00e8res avec ses alli\u00e9s d&rsquo;extr\u00eame droite \u00e0 Bruxelles, selon un rapport d\u00e9voil\u00e9 jeudi par plusieurs m\u00e9dias dont le quotidien fran\u00e7ais Le Monde et le magazine allemand Die Zeit.<\/p>\n","protected":false},"author":21,"featured_media":1391852,"comment_status":"closed","ping_status":"closed","sticky":false,"template":"","format":"standard","meta":{"_acf_changed":false,"_et_pb_use_builder":"","_et_pb_old_content":"","_et_gb_content_width":"","footnotes":""},"categories":[45],"tags":[2667,9770],"class_list":["post-1391828","post","type-post","status-publish","format-standard","has-post-thumbnail","hentry","category-europe-in-brief","tag-justice-3","tag-parlement-2"],"acf":[],"_links":{"self":[{"href":"https:\/\/europeannewsroom.com\/fr\/wp-json\/wp\/v2\/posts\/1391828","targetHints":{"allow":["GET"]}}],"collection":[{"href":"https:\/\/europeannewsroom.com\/fr\/wp-json\/wp\/v2\/posts"}],"about":[{"href":"https:\/\/europeannewsroom.com\/fr\/wp-json\/wp\/v2\/types\/post"}],"author":[{"embeddable":true,"href":"https:\/\/europeannewsroom.com\/fr\/wp-json\/wp\/v2\/users\/21"}],"replies":[{"embeddable":true,"href":"https:\/\/europeannewsroom.com\/fr\/wp-json\/wp\/v2\/comments?post=1391828"}],"version-history":[{"count":0,"href":"https:\/\/europeannewsroom.com\/fr\/wp-json\/wp\/v2\/posts\/1391828\/revisions"}],"wp:featuredmedia":[{"embeddable":true,"href":"https:\/\/europeannewsroom.com\/fr\/wp-json\/wp\/v2\/media\/1391852"}],"wp:attachment":[{"href":"https:\/\/europeannewsroom.com\/fr\/wp-json\/wp\/v2\/media?parent=1391828"}],"wp:term":[{"taxonomy":"category","embeddable":true,"href":"https:\/\/europeannewsroom.com\/fr\/wp-json\/wp\/v2\/categories?post=1391828"},{"taxonomy":"post_tag","embeddable":true,"href":"https:\/\/europeannewsroom.com\/fr\/wp-json\/wp\/v2\/tags?post=1391828"}],"curies":[{"name":"wp","href":"https:\/\/api.w.org\/{rel}","templated":true}]}}