{"id":1406550,"date":"2025-07-07T21:03:26","date_gmt":"2025-07-07T19:03:26","guid":{"rendered":"https:\/\/europeannewsroom.com\/?p=1406550"},"modified":"2025-07-07T21:03:29","modified_gmt":"2025-07-07T19:03:29","slug":"quota-de-sucre-ukrainien-dans-lue-pilule-amere-pour-les-betteraviers-francais","status":"publish","type":"post","link":"https:\/\/europeannewsroom.com\/fr\/quota-de-sucre-ukrainien-dans-lue-pilule-amere-pour-les-betteraviers-francais\/","title":{"rendered":"Quota de sucre ukrainien dans l\u2019UE : \u00ab\u00a0pilule am\u00e8re\u00a0\u00bb pour les betteraviers fran\u00e7ais"},"content":{"rendered":"\n<p class=\"wp-block-paragraph\">Paris &#8211; Le volume de 100.000 tonnes de sucre ukrainien import\u00e9 par an, autoris\u00e9 par Bruxelles \u00ab&nbsp;est cinq fois sup\u00e9rieur au volume autoris\u00e9 avant la guerre : c&rsquo;est l&rsquo;\u00e9quivalent de la production d&rsquo;une sucrerie de l&rsquo;Union europ\u00e9enne&nbsp;\u00bb, a d\u00e9clar\u00e9 lundi Guillaume Gandon, vice-pr\u00e9sident de la Conf\u00e9d\u00e9ration g\u00e9n\u00e9rale des planteurs de betteraves (CGB), dans un communiqu\u00e9.<\/p>\n\n\n\n<p class=\"wp-block-paragraph\">La Commission a annonc\u00e9 le 30 juin avoir trouv\u00e9 un \u00ab&nbsp;accord de principe&nbsp;\u00bb avec l&rsquo;Ukraine, en mati\u00e8re de libre-\u00e9change, notamment sur le volet sensible des importations agricoles.<\/p>\n\n\n\n<p class=\"wp-block-paragraph\">Afin de soutenir Kiev face \u00e0 l&rsquo;invasion russe, l\u2019UE avait instaur\u00e9 depuis 2022 et jusqu&rsquo;au 5 juin dernier une exemption de droits de douane sur des produits agricoles ukrainiens.<\/p>\n\n\n\n<p class=\"wp-block-paragraph\">Mais les agriculteurs europ\u00e9ens demandaient de revenir aux quotas en vigueur avant la guerre, fix\u00e9s par un accord de 2016.<\/p>\n\n\n\n<p class=\"wp-block-paragraph\">Pour les rassurer, l\u2019UE a promis des quotas sur les produits tels que le bl\u00e9, le ma\u00efs, le miel, la volaille, les \u0153ufs et le sucre : des quotas sup\u00e9rieurs \u00e0 ceux de 2016 mais inf\u00e9rieurs aux records atteints ces derni\u00e8res ann\u00e9es. (7 juillet 2025)<\/p>\n","protected":false},"excerpt":{"rendered":"<p>Le syndicat des producteurs fran\u00e7ais de betteraves sucri\u00e8res estime que \u00ab\u00a0la pilule est am\u00e8re\u00a0\u00bb apr\u00e8s l&rsquo;annonce d&rsquo;un quota d&rsquo;importation de sucre ukrainien sans droits de douane de 100.000 tonnes annuelles dans l&rsquo;Union europ\u00e9enne.<\/p>\n","protected":false},"author":21,"featured_media":90221,"comment_status":"closed","ping_status":"closed","sticky":false,"template":"","format":"standard","meta":{"_acf_changed":false,"_et_pb_use_builder":"","_et_pb_old_content":"","_et_gb_content_width":"","footnotes":""},"categories":[45],"tags":[2187,1131,523],"class_list":["post-1406550","post","type-post","status-publish","format-standard","has-post-thumbnail","hentry","category-europe-in-brief","tag-agriculture-3","tag-alimentation","tag-ukraine-3"],"acf":[],"_links":{"self":[{"href":"https:\/\/europeannewsroom.com\/fr\/wp-json\/wp\/v2\/posts\/1406550","targetHints":{"allow":["GET"]}}],"collection":[{"href":"https:\/\/europeannewsroom.com\/fr\/wp-json\/wp\/v2\/posts"}],"about":[{"href":"https:\/\/europeannewsroom.com\/fr\/wp-json\/wp\/v2\/types\/post"}],"author":[{"embeddable":true,"href":"https:\/\/europeannewsroom.com\/fr\/wp-json\/wp\/v2\/users\/21"}],"replies":[{"embeddable":true,"href":"https:\/\/europeannewsroom.com\/fr\/wp-json\/wp\/v2\/comments?post=1406550"}],"version-history":[{"count":0,"href":"https:\/\/europeannewsroom.com\/fr\/wp-json\/wp\/v2\/posts\/1406550\/revisions"}],"wp:featuredmedia":[{"embeddable":true,"href":"https:\/\/europeannewsroom.com\/fr\/wp-json\/wp\/v2\/media\/90221"}],"wp:attachment":[{"href":"https:\/\/europeannewsroom.com\/fr\/wp-json\/wp\/v2\/media?parent=1406550"}],"wp:term":[{"taxonomy":"category","embeddable":true,"href":"https:\/\/europeannewsroom.com\/fr\/wp-json\/wp\/v2\/categories?post=1406550"},{"taxonomy":"post_tag","embeddable":true,"href":"https:\/\/europeannewsroom.com\/fr\/wp-json\/wp\/v2\/tags?post=1406550"}],"curies":[{"name":"wp","href":"https:\/\/api.w.org\/{rel}","templated":true}]}}