{"id":1440692,"date":"2025-07-15T21:13:41","date_gmt":"2025-07-15T19:13:41","guid":{"rendered":"https:\/\/europeannewsroom.com\/?p=1440692"},"modified":"2025-07-15T21:13:45","modified_gmt":"2025-07-15T19:13:45","slug":"russie-toujours-pas-daccord-de-lue-sur-de-nouvelles-sanctions-dit-kallas","status":"publish","type":"post","link":"https:\/\/europeannewsroom.com\/fr\/russie-toujours-pas-daccord-de-lue-sur-de-nouvelles-sanctions-dit-kallas\/","title":{"rendered":"Russie : toujours pas d&rsquo;accord de l&rsquo;UE sur de nouvelles sanctions, dit Kallas"},"content":{"rendered":"\n<p class=\"wp-block-paragraph\">Bruxelles \u2013 Kaja Kallas a d\u00e9clar\u00e9 \u00eatre \u00ab&nbsp;vraiment triste&nbsp;\u00bb que l\u2019accord sur les nouvelles sanctions de l\u2019UE contre Moscou n\u2019ait pu \u00eatre conclu mardi.<\/p>\n\n\n\n<p class=\"wp-block-paragraph\">\u00ab&nbsp;Je dois dire que nous en \u00e9tions vraiment proches&nbsp;\u00bb a-t-elle d\u00e9clar\u00e9 devant la presse \u00e0 l&rsquo;issue d&rsquo;une r\u00e9union \u00e0 Bruxelles des ministres des Affaires \u00e9trang\u00e8res.&nbsp;Elle esp\u00e8re un accord d\u00e8s cette semaine.<\/p>\n\n\n\n<p class=\"wp-block-paragraph\">La Slovaquie a confirm\u00e9 mardi son opposition, dans un message sur X de son Premier ministre Robert Fico.<\/p>\n\n\n\n<p class=\"wp-block-paragraph\">Ce dernier utilise ce veto pour faire pression sur la Commission afin qu&rsquo;elle lui garantisse son approvisionnement en gaz, au moment o\u00f9 l\u2019UE cherche \u00e0 interrompre totalement ses importations de gaz russe d&rsquo;ici \u00e0 2027.<\/p>\n\n\n\n<p class=\"wp-block-paragraph\">La Slovaquie a pourtant obtenu de Bruxelles les garanties suffisantes lui permettant de lever son veto, a estim\u00e9 Kaja Kallas.<\/p>\n\n\n\n<p class=\"wp-block-paragraph\">Ces nouvelles sanctions contre Moscou comprennent un nouveau plafonnement du prix du p\u00e9trole export\u00e9 par la Russie. Ce plafond est actuellement fix\u00e9 par les pays du G7 et de l\u2019UE \u00e0 60 dollars le baril et la Commission europ\u00e9enne a propos\u00e9 de le r\u00e9duire \u00e0 45 dollars. (15 juillet 2025)<\/p>\n","protected":false},"excerpt":{"rendered":"<p>La cheffe de la diplomatie europ\u00e9enne a reconnu mardi qu&rsquo;aucun accord n&rsquo;avait pu \u00eatre obtenu mardi sur un 18e \u00ab paquet \u00bb de sanctions contre la Russie en guerre comprenant un nouveau plafonnement du prix du p\u00e9trole russe.<\/p>\n","protected":false},"author":21,"featured_media":1440693,"comment_status":"closed","ping_status":"closed","sticky":false,"template":"","format":"standard","meta":{"_acf_changed":false,"_et_pb_use_builder":"","_et_pb_old_content":"","_et_gb_content_width":"","footnotes":""},"categories":[45],"tags":[],"class_list":["post-1440692","post","type-post","status-publish","format-standard","has-post-thumbnail","hentry","category-europe-in-brief"],"acf":[],"_links":{"self":[{"href":"https:\/\/europeannewsroom.com\/fr\/wp-json\/wp\/v2\/posts\/1440692","targetHints":{"allow":["GET"]}}],"collection":[{"href":"https:\/\/europeannewsroom.com\/fr\/wp-json\/wp\/v2\/posts"}],"about":[{"href":"https:\/\/europeannewsroom.com\/fr\/wp-json\/wp\/v2\/types\/post"}],"author":[{"embeddable":true,"href":"https:\/\/europeannewsroom.com\/fr\/wp-json\/wp\/v2\/users\/21"}],"replies":[{"embeddable":true,"href":"https:\/\/europeannewsroom.com\/fr\/wp-json\/wp\/v2\/comments?post=1440692"}],"version-history":[{"count":0,"href":"https:\/\/europeannewsroom.com\/fr\/wp-json\/wp\/v2\/posts\/1440692\/revisions"}],"wp:featuredmedia":[{"embeddable":true,"href":"https:\/\/europeannewsroom.com\/fr\/wp-json\/wp\/v2\/media\/1440693"}],"wp:attachment":[{"href":"https:\/\/europeannewsroom.com\/fr\/wp-json\/wp\/v2\/media?parent=1440692"}],"wp:term":[{"taxonomy":"category","embeddable":true,"href":"https:\/\/europeannewsroom.com\/fr\/wp-json\/wp\/v2\/categories?post=1440692"},{"taxonomy":"post_tag","embeddable":true,"href":"https:\/\/europeannewsroom.com\/fr\/wp-json\/wp\/v2\/tags?post=1440692"}],"curies":[{"name":"wp","href":"https:\/\/api.w.org\/{rel}","templated":true}]}}