{"id":1475487,"date":"2025-07-25T10:34:16","date_gmt":"2025-07-25T08:34:16","guid":{"rendered":"https:\/\/europeannewsroom.com\/?p=1475487"},"modified":"2025-07-25T10:34:20","modified_gmt":"2025-07-25T08:34:20","slug":"sommet-eu-chine-pekin-rejette-les-accusations-de-subventions-massives","status":"publish","type":"post","link":"https:\/\/europeannewsroom.com\/fr\/sommet-eu-chine-pekin-rejette-les-accusations-de-subventions-massives\/","title":{"rendered":"Sommet EU-Chine : P\u00e9kin rejette les accusations de subventions massives"},"content":{"rendered":"\n<p class=\"wp-block-paragraph\">P\u00e9kin &#8211; La Chine \u00ab&nbsp;ne pratique en aucun cas ce que certains appellent une politique de subventions ou des subventions fiscales&nbsp;\u00bb, a d\u00e9clar\u00e9 le Premier ministre Li Qiang lors d&rsquo;une table ronde avec la pr\u00e9sidente de la Commission europ\u00e9enne, Ursula von der Leyen, jeudi.<\/p>\n\n\n\n<p class=\"wp-block-paragraph\">Il a tenu ces propos \u00e0 P\u00e9kin dans le cadre d&rsquo;un sommet UE-Chine, qui s&rsquo;annon\u00e7ait particuli\u00e8rement tendu en raison de sujets de discorde profonds &#8211; de l&rsquo;Ukraine au commerce.<\/p>\n\n\n\n<p class=\"wp-block-paragraph\">Bruxelles souhaitait notamment exprimer son inqui\u00e9tude face \u00e0 des subventions de l&rsquo;Etat-parti chinois \u00e0 l&rsquo;industrie qui pourraient fausser la concurrence sur le march\u00e9 europ\u00e9en.<\/p>\n\n\n\n<p class=\"wp-block-paragraph\">\u00ab&nbsp;La Chine n&rsquo;est pas aussi riche que l&rsquo;Europe, et nous n&rsquo;en avons pas les moyens&nbsp;\u00bb, a r\u00e9torqu\u00e9 jeudi M. Li Qiang.<\/p>\n\n\n\n<p class=\"wp-block-paragraph\">\u00ab&nbsp;Nous ne serions pas assez stupides pour utiliser les fonds publics accumul\u00e9s par le gouvernement et le travail acharn\u00e9 de notre peuple pour vendre nos produits aux consommateurs \u00e9trangers&nbsp;\u00bb, a-t-il ajout\u00e9.<\/p>\n\n\n\n<p class=\"wp-block-paragraph\">L&rsquo;an dernier, le d\u00e9ficit commercial de l\u2019UE avec la Chine s&rsquo;est \u00e9lev\u00e9 \u00e0 environ 360 milliards de dollars. (25 juillet 2025)<\/p>\n","protected":false},"excerpt":{"rendered":"<p>Le Premier ministre chinois a rejet\u00e9 jeudi les craintes de Bruxelles concernant des subventions excessives de P\u00e9kin \u00e0 son industrie nationale, affirmant aux dirigeants de l\u2019UE que son pays \u00ab ne peut pas se permettre \u00bb de telles d\u00e9penses.<\/p>\n","protected":false},"author":21,"featured_media":1475488,"comment_status":"closed","ping_status":"closed","sticky":false,"template":"","format":"standard","meta":{"_acf_changed":false,"_et_pb_use_builder":"","_et_pb_old_content":"","_et_gb_content_width":"","footnotes":""},"categories":[45],"tags":[],"class_list":["post-1475487","post","type-post","status-publish","format-standard","has-post-thumbnail","hentry","category-europe-in-brief"],"acf":[],"_links":{"self":[{"href":"https:\/\/europeannewsroom.com\/fr\/wp-json\/wp\/v2\/posts\/1475487","targetHints":{"allow":["GET"]}}],"collection":[{"href":"https:\/\/europeannewsroom.com\/fr\/wp-json\/wp\/v2\/posts"}],"about":[{"href":"https:\/\/europeannewsroom.com\/fr\/wp-json\/wp\/v2\/types\/post"}],"author":[{"embeddable":true,"href":"https:\/\/europeannewsroom.com\/fr\/wp-json\/wp\/v2\/users\/21"}],"replies":[{"embeddable":true,"href":"https:\/\/europeannewsroom.com\/fr\/wp-json\/wp\/v2\/comments?post=1475487"}],"version-history":[{"count":0,"href":"https:\/\/europeannewsroom.com\/fr\/wp-json\/wp\/v2\/posts\/1475487\/revisions"}],"wp:featuredmedia":[{"embeddable":true,"href":"https:\/\/europeannewsroom.com\/fr\/wp-json\/wp\/v2\/media\/1475488"}],"wp:attachment":[{"href":"https:\/\/europeannewsroom.com\/fr\/wp-json\/wp\/v2\/media?parent=1475487"}],"wp:term":[{"taxonomy":"category","embeddable":true,"href":"https:\/\/europeannewsroom.com\/fr\/wp-json\/wp\/v2\/categories?post=1475487"},{"taxonomy":"post_tag","embeddable":true,"href":"https:\/\/europeannewsroom.com\/fr\/wp-json\/wp\/v2\/tags?post=1475487"}],"curies":[{"name":"wp","href":"https:\/\/api.w.org\/{rel}","templated":true}]}}