{"id":1548205,"date":"2025-08-20T14:32:23","date_gmt":"2025-08-20T12:32:23","guid":{"rendered":"https:\/\/europeannewsroom.com\/?p=1548205"},"modified":"2025-08-20T14:32:27","modified_gmt":"2025-08-20T12:32:27","slug":"accord-commercial-avec-trump-incertitude-mondiale-pas-eliminee","status":"publish","type":"post","link":"https:\/\/europeannewsroom.com\/fr\/accord-commercial-avec-trump-incertitude-mondiale-pas-eliminee\/","title":{"rendered":"BCE: l&rsquo;accord commercial avec Trump n&rsquo;a pas \u00ab\u00a0\u00e9limin\u00e9 l&rsquo;incertitude mondiale\u00a0\u00bb, pr\u00e9vient Christine Lagarde"},"content":{"rendered":"\n<p class=\"wp-block-paragraph\">Paris (France) &#8211; Quelques semaines apr\u00e8s que Bruxelles et Washington sont convenus d&rsquo;appliquer 15% de droits de douane sur les exportations europ\u00e9ennes vers les Etats-Unis, \u00ab\u00a0l&rsquo;incertitude persiste puisque les tarifs sp\u00e9cifiques aux secteurs des produits pharmaceutiques et des semi-conducteurs restent flous\u00a0\u00bb, selon la pr\u00e9sidente de la Banque centrale europ\u00e9enne qui s&rsquo;exprimait lors d&rsquo;une r\u00e9union du Conseil des affaires internationales du Forum Economique Mondial le 20 ao\u00fbt \u00e0 Gen\u00e8ve.<\/p>\n\n\n\n<p class=\"wp-block-paragraph\">L&rsquo;accord avait \u00e9t\u00e9 conclu quelques jours apr\u00e8s la r\u00e9union mon\u00e9taire de la BCE, qui avait choisi de maintenir ses taux d&rsquo;int\u00e9r\u00eat inchang\u00e9s apr\u00e8s un long cycle de baisses, un signe de prudence en plein coeur du bras de fer commercial.<\/p>\n\n\n\n<p class=\"wp-block-paragraph\">Publi\u00e9es \u00e0 la mi-septembre, les nouvelles pr\u00e9visions d&rsquo;inflation et de croissance de la BCE prendront en compte \u00ab\u00a0les cons\u00e9quences de l&rsquo;accord commercial\u00a0\u00bb, a assur\u00e9 Mme Lagarde.<\/p>\n\n\n\n<p class=\"wp-block-paragraph\">(20 ao\u00fbt 2025)<\/p>\n\n\n\n<p class=\"wp-block-paragraph\"><\/p>\n\n\n\n<p class=\"wp-block-paragraph\"><\/p>\n","protected":false},"excerpt":{"rendered":"<p>L&rsquo;accord commercial entre Bruxelles et Washington a \u00ab\u00a0att\u00e9nu\u00e9\u00a0\u00bb mais \u00ab\u00a0certainement pas \u00e9limin\u00e9 l&rsquo;incertitude mondiale\u00a0\u00bb, avec des surtaxes \u00ab\u00a0l\u00e9g\u00e8rement sup\u00e9rieures\u00a0\u00bb \u00e0 ce qu&rsquo;avait pr\u00e9vu la BCE en juin, a d\u00e9clar\u00e9 sa pr\u00e9sidente Christine Lagarde le 20 ao\u00fbt \u00e0 Gen\u00e8ve.<\/p>\n","protected":false},"author":163,"featured_media":1548299,"comment_status":"closed","ping_status":"closed","sticky":false,"template":"","format":"standard","meta":{"_acf_changed":false,"_et_pb_use_builder":"","_et_pb_old_content":"","_et_gb_content_width":"","footnotes":""},"categories":[45],"tags":[1603,2263,521,1905],"class_list":["post-1548205","post","type-post","status-publish","format-standard","has-post-thumbnail","hentry","category-europe-in-brief","tag-bce-2","tag-economie-3","tag-ue-2","tag-usa-3"],"acf":[],"_links":{"self":[{"href":"https:\/\/europeannewsroom.com\/fr\/wp-json\/wp\/v2\/posts\/1548205","targetHints":{"allow":["GET"]}}],"collection":[{"href":"https:\/\/europeannewsroom.com\/fr\/wp-json\/wp\/v2\/posts"}],"about":[{"href":"https:\/\/europeannewsroom.com\/fr\/wp-json\/wp\/v2\/types\/post"}],"author":[{"embeddable":true,"href":"https:\/\/europeannewsroom.com\/fr\/wp-json\/wp\/v2\/users\/163"}],"replies":[{"embeddable":true,"href":"https:\/\/europeannewsroom.com\/fr\/wp-json\/wp\/v2\/comments?post=1548205"}],"version-history":[{"count":0,"href":"https:\/\/europeannewsroom.com\/fr\/wp-json\/wp\/v2\/posts\/1548205\/revisions"}],"wp:featuredmedia":[{"embeddable":true,"href":"https:\/\/europeannewsroom.com\/fr\/wp-json\/wp\/v2\/media\/1548299"}],"wp:attachment":[{"href":"https:\/\/europeannewsroom.com\/fr\/wp-json\/wp\/v2\/media?parent=1548205"}],"wp:term":[{"taxonomy":"category","embeddable":true,"href":"https:\/\/europeannewsroom.com\/fr\/wp-json\/wp\/v2\/categories?post=1548205"},{"taxonomy":"post_tag","embeddable":true,"href":"https:\/\/europeannewsroom.com\/fr\/wp-json\/wp\/v2\/tags?post=1548205"}],"curies":[{"name":"wp","href":"https:\/\/api.w.org\/{rel}","templated":true}]}}