{"id":1550205,"date":"2025-08-21T15:41:55","date_gmt":"2025-08-21T13:41:55","guid":{"rendered":"https:\/\/europeannewsroom.com\/?p=1550205"},"modified":"2025-08-21T15:41:59","modified_gmt":"2025-08-21T13:41:59","slug":"droits-de-douane-americains-pas-d-exemptions-pour-le-vin","status":"publish","type":"post","link":"https:\/\/europeannewsroom.com\/fr\/droits-de-douane-americains-pas-d-exemptions-pour-le-vin\/","title":{"rendered":"Droits de douane am\u00e9ricains: voitures \u00e0 15%, pas d\u2019exemptions pour le vin"},"content":{"rendered":"\n<p class=\"wp-block-paragraph\">Bruxelles\/Paris (Belgique\/France) &#8211; Les voitures et produits pharmaceutiques europ\u00e9ens seront bien tax\u00e9s \u00e0 15% \u00e0 leur entr\u00e9e aux Etats-Unis,\u00a0mais l&rsquo;Union europ\u00e9enne n&rsquo;a pu obtenir d&rsquo;exemption pour le secteur du vin, a annonc\u00e9 jeudi le commissaire europ\u00e9en Maros Sefcovic, lors d&rsquo;une conf\u00e9rence de presse, en pr\u00e9sentant les d\u00e9tails de l&rsquo;accord commercial nou\u00e9 entre l&rsquo;UE et l&rsquo;administration Trump fin juillet.<\/p>\n\n\n\n<p class=\"wp-block-paragraph\">Apr\u00e8s des mois de n\u00e9gociations tr\u00e8s \u00e2pres, Bruxelles et Washington ont scell\u00e9 fin juillet un accord commercial bas\u00e9 sur des droits de douane de 15% sur les produits europ\u00e9ens qui arrivent aux Etats-Unis.<\/p>\n\n\n\n<p class=\"wp-block-paragraph\">C&rsquo;est bien plus que le taux en vigueur avant le retour au pouvoir du pr\u00e9sident am\u00e9ricain &#8212; autour de 4,8%. Mais moins que ce que le milliardaire r\u00e9publicain mena\u00e7ait d&rsquo;imposer au Vieux continent, faute d&rsquo;accord.<\/p>\n\n\n\n<p class=\"wp-block-paragraph\">La F\u00e9d\u00e9ration des exportateurs de vins et spiritueux (FEVS) fran\u00e7ais, dont le march\u00e9 am\u00e9ricain est le premier client, a fait part de son \u00ab\u00a0immense d\u00e9ception\u00a0\u00bb et le ministre du Commerce ext\u00e9rieur fran\u00e7ais a d\u00e9clar\u00e9 vouloir travailler \u00e0 des \u00ab\u00a0exemptions additionnelles\u00a0\u00bb.<\/p>\n\n\n\n<p class=\"wp-block-paragraph\">(21 ao\u00fbt 2025)<\/p>\n\n\n\n<p class=\"wp-block-paragraph\"><\/p>\n\n\n\n<p class=\"wp-block-paragraph\"><\/p>\n","protected":false},"excerpt":{"rendered":"<p>Les voitures et produits pharmaceutiques europ\u00e9ens seront tax\u00e9s \u00e0 15% \u00e0 leur entr\u00e9e aux Etats-Unis, selon un communiqu\u00e9 commun publi\u00e9 jeudi par l&rsquo;UE et l&rsquo;administration Trump qui ne pr\u00e9voit aucune exemption pour les vins et spiritueux.<\/p>\n","protected":false},"author":163,"featured_media":1550815,"comment_status":"closed","ping_status":"closed","sticky":false,"template":"","format":"standard","meta":{"_acf_changed":false,"_et_pb_use_builder":"","_et_pb_old_content":"","_et_gb_content_width":"","footnotes":""},"categories":[45],"tags":[2263,521,1905],"class_list":["post-1550205","post","type-post","status-publish","format-standard","has-post-thumbnail","hentry","category-europe-in-brief","tag-economie-3","tag-ue-2","tag-usa-3"],"acf":[],"_links":{"self":[{"href":"https:\/\/europeannewsroom.com\/fr\/wp-json\/wp\/v2\/posts\/1550205","targetHints":{"allow":["GET"]}}],"collection":[{"href":"https:\/\/europeannewsroom.com\/fr\/wp-json\/wp\/v2\/posts"}],"about":[{"href":"https:\/\/europeannewsroom.com\/fr\/wp-json\/wp\/v2\/types\/post"}],"author":[{"embeddable":true,"href":"https:\/\/europeannewsroom.com\/fr\/wp-json\/wp\/v2\/users\/163"}],"replies":[{"embeddable":true,"href":"https:\/\/europeannewsroom.com\/fr\/wp-json\/wp\/v2\/comments?post=1550205"}],"version-history":[{"count":0,"href":"https:\/\/europeannewsroom.com\/fr\/wp-json\/wp\/v2\/posts\/1550205\/revisions"}],"wp:featuredmedia":[{"embeddable":true,"href":"https:\/\/europeannewsroom.com\/fr\/wp-json\/wp\/v2\/media\/1550815"}],"wp:attachment":[{"href":"https:\/\/europeannewsroom.com\/fr\/wp-json\/wp\/v2\/media?parent=1550205"}],"wp:term":[{"taxonomy":"category","embeddable":true,"href":"https:\/\/europeannewsroom.com\/fr\/wp-json\/wp\/v2\/categories?post=1550205"},{"taxonomy":"post_tag","embeddable":true,"href":"https:\/\/europeannewsroom.com\/fr\/wp-json\/wp\/v2\/tags?post=1550205"}],"curies":[{"name":"wp","href":"https:\/\/api.w.org\/{rel}","templated":true}]}}