{"id":156933,"date":"2023-09-04T09:55:24","date_gmt":"2023-09-04T07:55:24","guid":{"rendered":"https:\/\/europeannewsroom.dpa.com\/?p=156933"},"modified":"2023-09-04T09:55:34","modified_gmt":"2023-09-04T07:55:34","slug":"leurope-en-bref-tentative-de-destitution-de-la-presidente-proeuropeenne-de-la-georgie","status":"publish","type":"post","link":"https:\/\/europeannewsroom.com\/fr\/leurope-en-bref-tentative-de-destitution-de-la-presidente-proeuropeenne-de-la-georgie\/","title":{"rendered":"L\u2019Europe en bref\u00a0: Tentative de destitution de la pr\u00e9sidente proeurop\u00e9enne de la G\u00e9orgie"},"content":{"rendered":"\n<h2 class=\"wp-block-heading\"><strong>G\u00e9orgie : le parti au pouvoir veut destituer la pr\u00e9sidente pro-europ\u00e9enne<\/strong><\/h2>\n\n\n\n<p class=\"wp-block-paragraph\"><strong>Tbilissi <\/strong>&#8211; Le parti au pouvoir en G\u00e9orgie a entam\u00e9 une proc\u00e9dure de destitution de la pr\u00e9sidente pro-occidentale Salom\u00e9 Zourabichvili, qui se trouvait \u00e0 Bruxelles vendredi, provoquant une \u00e9ni\u00e8me crise politique dans ce pays aux relations complexes avec Moscou.<\/p>\n\n\n\n<p class=\"wp-block-paragraph\">\u00ab\u00a0Nous avons pris cette d\u00e9cision\u00a0\u00bb car \u00ab\u00a0fermer les yeux sur des violations flagrantes de la Constitution sape l&rsquo;Etat de droit\u00a0\u00bb, a justifi\u00e9 le pr\u00e9sident du parti R\u00eave g\u00e9orgien Irakli Kobakhidz\u00e9 devant des journalistes au sujet de Mme Zourabichvili, qui est une ancienne diplomate fran\u00e7aise.<\/p>\n\n\n\n<p class=\"wp-block-paragraph\">\u00c9lue en 2018 avec le soutien de cette formation, elle s&rsquo;oppose d\u00e9sormais \u00e0 sa politique de proximit\u00e9 avec la Russie et a multipli\u00e9 les voyages pour faire obtenir \u00e0 son pays le statut de candidat \u00e0 l&rsquo;Union europ\u00e9enne.<\/p>\n\n\n\n<p class=\"wp-block-paragraph\">Vendredi, elle a rencontr\u00e9 \u00e0 Bruxelles Charles Michel, le pr\u00e9sident du Conseil europ\u00e9en, instance qui repr\u00e9sente les 27 Etats membres de l\u2019UE. (1<sup>er<\/sup> septembre 2023)<\/p>\n\n\n\n<h2 class=\"wp-block-heading\"><strong>Pacte de stabilit\u00e9 : Gentiloni exclut une prolongation de la suspension en 2024<\/strong><\/h2>\n\n\n\n<p class=\"wp-block-paragraph\"><strong>Cernobbio (Lombardie, Italie)<\/strong> &#8211; Le commissaire europ\u00e9en \u00e0 l&rsquo;Economie, Paolo Gentiloni, s&rsquo;est d\u00e9clar\u00e9 samedi \u00ab\u00a0optimiste\u00a0\u00bb sur les chances d&rsquo;arriver \u00e0 un accord sur la r\u00e9forme du pacte de stabilit\u00e9 d&rsquo;ici la fin de l&rsquo;ann\u00e9e et a exclu une nouvelle prolongation de la suspension des anciennes r\u00e8gles en 2024.<\/p>\n\n\n\n<p class=\"wp-block-paragraph\">Ces r\u00e8gles \u00ab&nbsp;n&rsquo;ont pas r\u00e9ussi \u00e0 promouvoir la croissance ni \u00e0 r\u00e9duire la dette de mani\u00e8re substantielle, donc les proposer \u00e0 nouveau ne serait certainement pas l&rsquo;id\u00e9al \u00bb, a soulign\u00e9 M. Gentiloni devant la presse en marge du forum \u00e9conomique The European House &#8211; Ambrosetti \u00e0 Cernobbio, sur les rives du lac de C\u00f4me.<\/p>\n\n\n\n<p class=\"wp-block-paragraph\">Le Pacte de stabilit\u00e9, qui limite le d\u00e9ficit des administrations publiques des \u00c9tats membres \u00e0 3% du produit int\u00e9rieur brut (PIB) national et la dette publique \u00e0 60% du PIB, a \u00e9t\u00e9 suspendu en 2020 en raison de la pand\u00e9mie de Covid-19.<\/p>\n\n\n\n<p class=\"wp-block-paragraph\">Enfin, M. Gentiloni s&rsquo;est dit \u00ab\u00a0satisfait que les gouvernements travaillent sur la base de la proposition de la Commission\u00a0\u00bb. (2 septembre 2023)<\/p>\n\n\n\n<h2 class=\"wp-block-heading\"><strong>Le coup d&rsquo;Etat au Gabon fait suite \u00e0 une \u00e9lection entach\u00e9e \u00ab\u00a0d&rsquo;irr\u00e9gularit\u00e9s\u00a0\u00bb (Borrell)<\/strong><\/h2>\n\n\n\n<p class=\"wp-block-paragraph\"><strong>Tol\u00e8de (Castille-La-Manche, Espagne)<\/strong> &#8211; Le chef de la diplomatie de l\u2019UE Josep Borrell a insist\u00e9 jeudi sur la diff\u00e9rence entre les coups d&rsquo;Etat au Niger et au Gabon, soulignant que ce dernier, qui a renvers\u00e9 mercredi le pr\u00e9sident Ali Bongo, faisait suite \u00e0 des \u00e9lections entach\u00e9es \u00ab\u00a0d&rsquo;irr\u00e9gularit\u00e9s\u00a0\u00bb.<\/p>\n\n\n\n<figure class=\"wp-block-image size-full\"><img loading=\"lazy\" decoding=\"async\" width=\"1024\" height=\"682\" src=\"https:\/\/europeannewsroom.com\/wp-content\/uploads\/2023\/09\/000_33U424J.jpg\" alt=\"\" class=\"wp-image-156952\" srcset=\"https:\/\/europeannewsroom.com\/wp-content\/uploads\/2023\/09\/000_33U424J.jpg 1024w, https:\/\/europeannewsroom.com\/wp-content\/uploads\/2023\/09\/000_33U424J-980x653.jpg 980w, https:\/\/europeannewsroom.com\/wp-content\/uploads\/2023\/09\/000_33U424J-480x320.jpg 480w\" sizes=\"(min-width: 0px) and (max-width: 480px) 480px, (min-width: 481px) and (max-width: 980px) 980px, (min-width: 981px) 1024px, 100vw\" \/><figcaption class=\"wp-element-caption\"><em>Des soldats gabonais se rassemblent \u00e0 Libreville, le 2 septembre 2023, en pr\u00e9vision d&rsquo;un \u00e9ventuel discours du g\u00e9n\u00e9ral Brice Oligui Nguema qui a renvers\u00e9 la dynastie Bongo. Celle-ci a dirig\u00e9 le Gabon, pays riche en p\u00e9trole, depuis plus de 55 ans. (Photo AFP)<\/em><\/figcaption><\/figure>\n\n\n\n<p class=\"wp-block-paragraph\">\u00ab\u00a0Naturellement, les coups d\u2019Etat militaires ne sont pas la solution mais nous ne devons pas oublier qu&rsquo;au Gabon&nbsp;il y avait eu des \u00e9lections pleines d&rsquo;irr\u00e9gularit\u00e9s\u00a0\u00bb, a-t-il soulign\u00e9, affirmant qu&rsquo;une \u00e9lection truqu\u00e9e pouvait \u00eatre interpr\u00e9t\u00e9e comme un \u00ab\u00a0coup d&rsquo;Etat institutionnel\u00a0\u00bb.<\/p>\n\n\n\n<p class=\"wp-block-paragraph\">Pr\u00e9cisant qu\u2019aucune \u00e9vacuation des citoyens europ\u00e9ens r\u00e9sidant au Gabon n&rsquo;\u00e9tait envisag\u00e9e, il a insist\u00e9 sur le fait que la situation \u00e9tait \u00ab\u00a0calme\u00a0\u00bb.&nbsp;\u00ab\u00a0Nous ne voyons pas de risque de violence\u00a0\u00bb, a-t-il d\u00e9clar\u00e9 depuis Tol\u00e8de, en Espagne, en marge d&rsquo;une r\u00e9union des ministres des Affaires \u00e9trang\u00e8res des 27.&nbsp;<\/p>\n\n\n\n<p class=\"wp-block-paragraph\">\u00ab\u00a0La situation est radicalement diff\u00e9rente\u00a0\u00bb de celle du Niger, a-t-il martel\u00e9.<\/p>\n\n\n\n<p class=\"wp-block-paragraph\">Le Gabon, pays d&rsquo;Afrique centrale riche en p\u00e9trole, \u00e9tait dirig\u00e9 depuis plus de 55 ans par la famille Bongo. (31 ao\u00fbt 2023)&nbsp;<\/p>\n\n\n\n<h2 class=\"wp-block-heading\"><strong>Londres envisage \u00e0 son tour de sortir du Trait\u00e9 de la Charte de l&rsquo;\u00e9nergie<\/strong><\/h2>\n\n\n\n<p class=\"wp-block-paragraph\"><strong>Londres<\/strong> &#8211; Le Royaume-Uni a annonc\u00e9 vendredi envisager de sortir de la Charte de l&rsquo;\u00e9nergie, pointant une \u00ab\u00a0impasse\u00a0\u00bb suite \u00e0 l&rsquo;annonce du retrait de plusieurs Etats membres de l\u2019UE de ce trait\u00e9 international jug\u00e9 trop protecteur des investissements dans les \u00e9nergies fossiles.<\/p>\n\n\n\n<p class=\"wp-block-paragraph\">\u00ab\u00a0Le gouvernement britannique confirme qu&rsquo;il r\u00e9examinera son adh\u00e9sion au Trait\u00e9 sur la Charte de l&rsquo;\u00e9nergie et envisagera de s&rsquo;en retirer si une modernisation vitale n\u2019est pas accept\u00e9e\u00a0\u00bb d&rsquo;ici novembre prochain, a annonc\u00e9 l&rsquo;ex\u00e9cutif dans un communiqu\u00e9.<\/p>\n\n\n\n<p class=\"wp-block-paragraph\">Le Royaume-Uni explique qu&rsquo;il soutenait une version am\u00e9lior\u00e9e du texte, davantage focalis\u00e9 sur la promotion d&rsquo;une \u00ab\u00a0\u00e9nergie propre et \u00e0 prix abordable\u00a0\u00bb, mais \u00ab\u00a0plusieurs \u00c9tats membres de l\u2019UE ont d\u00e9cid\u00e9 de quitter le trait\u00e9, ce qui a conduit \u00e0 une impasse sur sa modernisation\u00a0\u00bb, pointe le gouvernement dans son communiqu\u00e9.<\/p>\n\n\n\n<p class=\"wp-block-paragraph\">La Commission europ\u00e9enne avait propos\u00e9 d\u00e9but juillet un retrait coordonn\u00e9 de l\u2019UE et de ses membres de ce trait\u00e9 que plusieurs pays, dont la France, ont d\u00e9j\u00e0 annonc\u00e9 vouloir quitter. (1er septembre 2023)<\/p>\n\n\n\n<h2 class=\"wp-block-heading\"><strong>Controverse en Belgique sur l&rsquo;asile, Bruxelles s&rsquo;inqui\u00e8te de l&rsquo;ins\u00e9curit\u00e9<\/strong><\/h2>\n\n\n\n<p class=\"wp-block-paragraph\"><strong>Bruxelles<\/strong> &#8211; La r\u00e9gion de Bruxelles a demand\u00e9 jeudi au gouvernement belge de revenir sur sa d\u00e9cision de ne plus h\u00e9berger les hommes seuls demandeurs d&rsquo;asile, une mesure qui \u00e0 ses yeux risque d&rsquo;augmenter le nombre de SDF et l&rsquo;ins\u00e9curit\u00e9 dans la capitale europ\u00e9enne.<\/p>\n\n\n\n<p class=\"wp-block-paragraph\">Dans un communiqu\u00e9, le gouvernement r\u00e9gional fait le lien entre la crise de l&rsquo;asile en Belgique et la pr\u00e9sence de \u00ab\u00a0tr\u00e8s nombreuses personnes sans abri\u00a0\u00bb dans les rues de la capitale, particuli\u00e8rement autour des grandes gares.<\/p>\n\n\n\n<p class=\"wp-block-paragraph\">\u00ab\u00a0Le gouvernement bruxellois doit constater que depuis plusieurs ann\u00e9es, la situation socio-sanitaire et la s\u00e9curit\u00e9 de plusieurs quartiers se d\u00e9gradent du fait de facteurs sur lesquels il n\u2019a que peu de comp\u00e9tence institutionnelle\u00a0\u00bb, \u00e9crit-il, citant \u00ab\u00a0le trafic de drogue et la criminalit\u00e9 qui l\u2019accompagne, ainsi que la pr\u00e9sence de tr\u00e8s nombreuses personnes sans abri, demandeuses d\u2019asile ou sans titre de s\u00e9jour\u00a0\u00bb.<\/p>\n\n\n\n<p class=\"wp-block-paragraph\">Sont notamment concern\u00e9s les quartiers de la Gare du Nord et de la Gare du Midi. (31 ao\u00fbt 2023)<\/p>\n\n\n\n<p class=\"wp-block-paragraph\"><em>Cette compilation est une s\u00e9lection \u00e9ditoriale bas\u00e9e sur la couverture Europe de l\u2019AFP. La responsabilit\u00e9 \u00e9ditoriale de cette publication incombe \u00e0 l\u2019AFP. Elle est publi\u00e9e le lundi et le jeudi.<\/em><em><\/em><\/p>\n","protected":false},"excerpt":{"rendered":"<p>Le parti au pouvoir en G\u00e9orgie veut destituer la pr\u00e9sidente proeurop\u00e9enne. Gentiloni esp\u00e8re une r\u00e9forme du Pacte de stabilit\u00e9 et refuse de prolonger sa suspension. Borrell rel\u00e8ve les irr\u00e9gularit\u00e9s de la pr\u00e9sidentielle ayant pr\u00e9c\u00e9d\u00e9 le coup d\u2019Etat au Gabon. Londres pourrait quitter la Charte de l\u2019\u00e9nergie. La r\u00e9gion de Bruxelles regrette une d\u00e9cision r\u00e9duisant l\u2019h\u00e9bergement des migrants. <\/p>\n","protected":false},"author":21,"featured_media":156936,"comment_status":"closed","ping_status":"closed","sticky":false,"template":"","format":"standard","meta":{"_acf_changed":false,"_et_pb_use_builder":"","_et_pb_old_content":"","_et_gb_content_width":"","footnotes":""},"categories":[45],"tags":[10700,2659,11207,11206,557],"class_list":["post-156933","post","type-post","status-publish","format-standard","has-post-thumbnail","hentry","category-europe-in-brief","tag-belgique","tag-energie-4","tag-gabon","tag-gentiloni-3","tag-georgie"],"acf":[],"_links":{"self":[{"href":"https:\/\/europeannewsroom.com\/fr\/wp-json\/wp\/v2\/posts\/156933","targetHints":{"allow":["GET"]}}],"collection":[{"href":"https:\/\/europeannewsroom.com\/fr\/wp-json\/wp\/v2\/posts"}],"about":[{"href":"https:\/\/europeannewsroom.com\/fr\/wp-json\/wp\/v2\/types\/post"}],"author":[{"embeddable":true,"href":"https:\/\/europeannewsroom.com\/fr\/wp-json\/wp\/v2\/users\/21"}],"replies":[{"embeddable":true,"href":"https:\/\/europeannewsroom.com\/fr\/wp-json\/wp\/v2\/comments?post=156933"}],"version-history":[{"count":0,"href":"https:\/\/europeannewsroom.com\/fr\/wp-json\/wp\/v2\/posts\/156933\/revisions"}],"wp:featuredmedia":[{"embeddable":true,"href":"https:\/\/europeannewsroom.com\/fr\/wp-json\/wp\/v2\/media\/156936"}],"wp:attachment":[{"href":"https:\/\/europeannewsroom.com\/fr\/wp-json\/wp\/v2\/media?parent=156933"}],"wp:term":[{"taxonomy":"category","embeddable":true,"href":"https:\/\/europeannewsroom.com\/fr\/wp-json\/wp\/v2\/categories?post=156933"},{"taxonomy":"post_tag","embeddable":true,"href":"https:\/\/europeannewsroom.com\/fr\/wp-json\/wp\/v2\/tags?post=156933"}],"curies":[{"name":"wp","href":"https:\/\/api.w.org\/{rel}","templated":true}]}}