{"id":156995,"date":"2023-09-01T14:14:00","date_gmt":"2023-09-01T12:14:00","guid":{"rendered":"https:\/\/europeannewsroom.dpa.com\/?p=156995"},"modified":"2023-09-04T11:05:42","modified_gmt":"2023-09-04T09:05:42","slug":"la-situation-internationale-se-degrade-nombre-record-de-migrants-en-ue","status":"publish","type":"post","link":"https:\/\/europeannewsroom.com\/fr\/la-situation-internationale-se-degrade-nombre-record-de-migrants-en-ue\/","title":{"rendered":"\u00ab\u00a0La situation internationale se d\u00e9grade\u00a0\u00bb\u00a0: nombre record de migrants en UE"},"content":{"rendered":"\n<p class=\"wp-block-paragraph\">Les nouvelles de noyades en M\u00e9diterran\u00e9e, de bateaux de sauvetage immobilis\u00e9s et du traitement inhumain des migrants, comme r\u00e9cemment en Gr\u00e8ce, font les grands titres des m\u00e9dias et sont au c\u0153ur des critiques de la soci\u00e9t\u00e9 civile, des ONG et des politiques.<\/p>\n\n\n\n<p class=\"wp-block-paragraph\">Une intervention europ\u00e9enne est n\u00e9cessaire pour \u00e9viter que la d\u00e9t\u00e9rioration de la situation internationale ne pousse de plus en plus de migrants et de r\u00e9fugi\u00e9s vers l\u2019Europe, a d\u00e9clar\u00e9 le vice-Premier ministre et ministre des Affaires \u00e9trang\u00e8res italien <strong>Antonio Tajani<\/strong>. Le nombre de migrants irr\u00e9guliers arriv\u00e9s dans l\u2019Union europ\u00e9enne au cours des derniers mois a consid\u00e9rablement augment\u00e9, doublant dans plusieurs pays du Sud de l\u2019Europe, a-t-il ajout\u00e9.<\/p>\n\n\n\n<p class=\"wp-block-paragraph\">\u00ab\u00a0La situation internationale se d\u00e9t\u00e9riore et pousse les gens \u00e0 quitter l\u2019Afrique pour rejoindre l\u2019Europe par la route des Balkans et de la M\u00e9diterran\u00e9e \u00bb, a d\u00e9clar\u00e9 Tajani le 27 ao\u00fbt. \u00ab\u00a0Nous nous effor\u00e7ons de ma\u00eetriser la situation, mais l\u2019UE doit agir.\u00a0\u00bb La Premi\u00e8re ministre italienne, <strong>Giorgia Meloni<\/strong>, avait d\u00e9clar\u00e9 l\u2019\u00e9tat d\u2019urgence dans tout le pays en avril.<\/p>\n\n\n\n<p class=\"wp-block-paragraph\"><\/p>\n\n\n\n<blockquote class=\"wp-block-quote is-layout-flow wp-block-quote-is-layout-flow\">\n<p class=\"wp-block-paragraph\">La situation internationale se d\u00e9t\u00e9riore et pousse les gens \u00e0 quitter l\u2019Afrique pour rejoindre l\u2019Europe par la route des Balkans et de la M\u00e9diterran\u00e9e.<\/p>\n<cite>Antonio Tajani, le vice-Premier ministre et ministre des Affaires \u00e9trang\u00e8res italien<\/cite><\/blockquote>\n\n\n\n<p class=\"wp-block-paragraph\">Un porte-parole de la <strong>Commission europ\u00e9enne<\/strong> a affirm\u00e9 en ao\u00fbt que la Commission \u00e9tait \u00ab\u00a0consciente de cette augmentation\u00a0\u00bb et qu\u2019elle travaillait avec les autorit\u00e9s italiennes pour d\u00e9sengorger le <em>hot<\/em><em> <\/em><em>spot<\/em> de Lampedusa. De plus, \u00ab\u00a0les agences de l\u2019UE Frontex, <a>l<\/a>\u2019Agence de l\u2019Union europ\u00e9enne pour l\u2019asile (EUAA) et Europol ont d\u00e9ploy\u00e9 450 personnes en Italie\u00a0\u00bb.<\/p>\n\n\n\n<p class=\"wp-block-paragraph\">La pr\u00e9sidente de la Commission europ\u00e9enne, <strong>Ursula von der Leyen<\/strong>, a appel\u00e9 \u00e0 davantage de concertation avec les pays partenaires ext\u00e9rieurs au bloc pour contr\u00f4ler l\u2019immigration. \u00ab&nbsp;Nous devons coop\u00e9rer plus \u00e9troitement avec les pays d\u2019origine et les pays de transit&nbsp;\u00bb, a-t-elle d\u00e9clar\u00e9 en juillet.<\/p>\n\n\n\n<p class=\"wp-block-paragraph\">L\u2019Europe doit investir davantage dans la stabilisation de l\u2019\u00e9conomie des pays d\u2019Afrique du Nord \u00ab&nbsp;et collaborer avec eux de mani\u00e8re plus d\u00e9termin\u00e9e contre le crime organis\u00e9 des passeurs et des trafiquants d\u2019\u00eatres humains&nbsp;\u00bb, a-t-elle ajout\u00e9.<\/p>\n\n\n\n<h2 class=\"wp-block-heading\">Un migrant irr\u00e9gulier sur deux passe par la route centrale de la M\u00e9diterran\u00e9e<\/h2>\n\n\n\n<p class=\"wp-block-paragraph\">La route centrale de la M\u00e9diterran\u00e9e reste le trajet le plus emprunt\u00e9 par les migrants au cours des sept premiers mois de 2023. Ceux qui le suivent embarquent souvent en Afrique du Nord ou en Turquie et traversent la M\u00e9diterran\u00e9e pour atteindre l\u2019Italie. 89&nbsp;047 tentatives d\u2019entr\u00e9e ont \u00e9t\u00e9 enregistr\u00e9es sur cette route, soit plus de la moiti\u00e9 du nombre total, affirme <strong>Frontex<\/strong>, le service europ\u00e9en de garde-fronti\u00e8res et de garde-c\u00f4tes.<\/p>\n\n\n\n<p class=\"wp-block-paragraph\">L\u2019agence a \u00e9galement d\u00e9clar\u00e9 que l\u2019augmentation de la pression migratoire sur cette route pourrait se poursuivre dans les mois \u00e0 venir car les passeurs baissent les prix du trajet, pouss\u00e9s par la concurrence acharn\u00e9e que se livrent les groupes criminels. Cependant, Frontex pr\u00e9cise \u00e9galement que la M\u00e9diterran\u00e9e reste dangereuse. Pour les sept premiers mois de cette ann\u00e9e, plus de 2&nbsp;060 migrants \u00e9taient port\u00e9s disparus. Selon l\u2019<strong>Organisation internationale pour les migrations<\/strong> (OIM), plus de 1&nbsp;800 personnes ont d\u00e9j\u00e0 perdu la vie cette ann\u00e9e dans des naufrages sur la route centrale de la M\u00e9diterran\u00e9e, le passage le plus meurtrier au monde.<\/p>\n\n\n\n<p class=\"wp-block-paragraph\">En <strong>Italie<\/strong>, par exemple, le nombre de migrants arrivant par bateau en 2023 a d\u00e9pass\u00e9 la barre des 100\u00a0000 \u00e0 la mi-ao\u00fbt. Au 23\u00a0ao\u00fbt, selon les donn\u00e9es du minist\u00e8re de l\u2019Int\u00e9rieur, 105\u00a0909 personnes \u00e9taient arriv\u00e9es par la mer. Au cours de la m\u00eame p\u00e9riode de l\u2019ann\u00e9e derni\u00e8re, ce nombre \u00e9tait de 51\u00a0328 personnes. En 2023, la plupart des migrants souhaitant atteindre l\u2019Italie partent de Tunisie. Si les arriv\u00e9es se maintiennent \u00e0 ce rythme, le total annuel pourrait d\u00e9passer le record de 181\u00a0000 \u00e9tabli en 2016.<\/p>\n\n\n\n<h2 class=\"wp-block-heading\">Des chiffres multipli\u00e9s par 2<\/h2>\n\n\n\n<p class=\"wp-block-paragraph\">Les <strong>\u00eeles Canaries espagnoles<\/strong> connaissent \u00e9galement une augmentation du nombre d\u2019embarcations partant vers les \u00eeles sur la route migratoire de l\u2019Afrique de l\u2019Ouest. Selon les autorit\u00e9s canariennes, 2\u00a0692 personnes ont \u00e9t\u00e9 secourues ou sont arriv\u00e9es sur les c\u00f4tes canariennes en ao\u00fbt, soit plus du double du nombre enregistr\u00e9 en juillet. Les organisations non gouvernementales pensent que cette augmentation se poursuivra au cours des prochains mois en raison des bonnes conditions m\u00e9t\u00e9orologiques, de la crise politique au S\u00e9n\u00e9gal, de l\u2019instabilit\u00e9 dans la r\u00e9gion du Sahel et des famines dans de nombreuses r\u00e9gions africaines.<\/p>\n\n\n\n<p class=\"wp-block-paragraph\">Le <strong>minist\u00e8re grec de l\u2019Immigration<\/strong> a lui aussi enregistr\u00e9 ces derni\u00e8res semaines une nette augmentation du nombre de personnes ayant quitt\u00e9 la c\u00f4te turque de la mer \u00c9g\u00e9e pour se rendre sur diff\u00e9rentes \u00eeles grecques. Selon les donn\u00e9es du minist\u00e8re, \u00e0 la mi-ao\u00fbt, 6\u00a0669 migrants vivaient dans les centres d\u2019accueil des \u00eeles de Lesbos, Chios, Samos, Leros et Kos. Leur nombre a plus que doubl\u00e9 par rapport au mois d\u2019ao\u00fbt de l\u2019ann\u00e9e derni\u00e8re, o\u00f9 ils \u00e9taient 2\u00a0964.<\/p>\n\n\n\n<p class=\"wp-block-paragraph\">La <strong>Belgique<\/strong> est confront\u00e9e \u00e0 une crise aigu\u00eb de l\u2019asile\u00a0: le nombre de personnes arrivant dans le pays a augment\u00e9 rapidement depuis l\u2019ann\u00e9e derni\u00e8re, mettant sous pression un syst\u00e8me d\u00e9j\u00e0 fragile. C\u2019est pourquoi hommes seuls demandeurs d\u2019asile ne sont plus h\u00e9berg\u00e9s, a d\u00e9clar\u00e9 le gouvernement mardi en annon\u00e7ant une suspension temporaire.<\/p>\n\n\n\n<figure class=\"wp-block-image size-full\"><img loading=\"lazy\" decoding=\"async\" width=\"1920\" height=\"1280\" src=\"https:\/\/europeannewsroom.com\/wp-content\/uploads\/2022\/11\/urnnewsmldpa.com20090101221014-99-129616-v2-s2048.jpeg\" alt=\"\" class=\"wp-image-68719\"\/><figcaption class=\"wp-element-caption\">La route des Balkans occidentaux reste la deuxi\u00e8me route la plus populaire pour atteindre l&rsquo;UE, selon Frontex. Photo : Kemal Softic\/AP\/dpa : Kemal Softic\/AP\/dpa<\/figcaption><\/figure>\n\n\n\n<h2 class=\"wp-block-heading\">La route des Balkans occidentaux toujours tr\u00e8s fr\u00e9quent\u00e9e\u00a0; Orb\u00e1n lib\u00e8re des passeurs<\/h2>\n\n\n\n<p class=\"wp-block-paragraph\"><strong>Frontex<\/strong> a signal\u00e9 une baisse sur la deuxi\u00e8me route la plus fr\u00e9quent\u00e9e des entr\u00e9es irr\u00e9guli\u00e8res dans l\u2019UE, celle des Balkans occidentaux, via la r\u00e9gion comprenant l\u2019Albanie, la Bosnie-Herz\u00e9govine, le Kosovo, le Mont\u00e9n\u00e9gro, la Mac\u00e9doine du Nord et la Serbie. Plus de 52&nbsp;200 personnes ont \u00e9t\u00e9 d\u00e9tect\u00e9es, soit une baisse de 26&nbsp;pourcents principalement due \u00e0 une politique de visas plus stricte.<\/p>\n\n\n\n<p class=\"wp-block-paragraph\">Bien que le nombre de camps de migrants dans le Sud de la <strong>Bosnie-Herz\u00e9govine<\/strong> ait consid\u00e9rablement diminu\u00e9, le pays continue de servir de zone de transit pour les migrants en route vers l\u2019Union europ\u00e9enne. Les tendances laissent pr\u00e9sager un afflux continu, notamment en raison de l\u2019entr\u00e9e de la Croatie voisine dans l\u2019espace Schengen en janvier&nbsp;2023.<\/p>\n\n\n\n<p class=\"wp-block-paragraph\">En <strong>Slov\u00e9nie<\/strong>, le nombre d\u2019entr\u00e9es ill\u00e9gales recens\u00e9es entre janvier et juillet a consid\u00e9rablement augment\u00e9 par rapport \u00e0 2022. Les donn\u00e9es publi\u00e9es par la police indiquent qu\u2019elles sont pass\u00e9es de 10&nbsp;103 \u00e0 26&nbsp;871. La Croatie reste la porte principale des entr\u00e9es ill\u00e9gales, avec 25&nbsp;431 des cas intercept\u00e9s, contre 8&nbsp;330 pour la m\u00eame p\u00e9riode l\u2019ann\u00e9e derni\u00e8re.<\/p>\n\n\n\n<p class=\"wp-block-paragraph\">En <strong>Serbie<\/strong>, les nombres n\u2019ont pas chang\u00e9. Depuis le d\u00e9but de l\u2019ann\u00e9e, environ 73\u00a0000 migrants sont pass\u00e9s par les centres d\u2019accueil serbes. <\/p>\n\n\n\n<p class=\"wp-block-paragraph\">En Hongrie voisine, le gouvernement du Premier ministre\u00a0<strong>Viktor Orb\u00e1n,\u00a0<\/strong>oppos\u00e9 \u00e0 la politique de la Commission en mati\u00e8re de migration,a lib\u00e9r\u00e9 en avril 1\u00a0400 passeurs condamn\u00e9s, leur donnant trois jours pour quitter le pays. Le mois dernier, la Commission europ\u00e9enne a entam\u00e9 une proc\u00e9dure contre la Hongrie.<\/p>\n\n\n\n<h2 class=\"wp-block-heading\">Politique migratoire de l\u2019UE : un accord historique sur un chemin difficile<\/h2>\n\n\n\n<p class=\"wp-block-paragraph\">L\u2019UE a pris une s\u00e9rie de mesures pour lutter contre l\u2019entr\u00e9e irr\u00e9guli\u00e8re sur son territoire. Apr\u00e8s des ann\u00e9es de conflit, les \u00c9tats membres de l\u2019UE se sont mis d\u2019accord en juin sur le Nouveau Pacte sur la migration et l\u2019asile. Le pacte avait \u00e9t\u00e9 propos\u00e9 par la Commission europ\u00e9enne en 2020 afin de mettre en place pour l\u2019UE une proc\u00e9dure de migration et d\u2019asile plus \u00e9quitable, plus efficace et plus durable.<\/p>\n\n\n\n<p class=\"wp-block-paragraph\">Le nouveau plan pr\u00e9voit que les demandes d\u2019asile soient trait\u00e9es dans un d\u00e9lai de douze semaines et que tous les migrants soient r\u00e9partis entre les 27 pays de l\u2019UE sur la base du PIB et de la population. L\u2019objectif est d\u2019atteindre 30&nbsp;000 relocalisations par an.<\/p>\n\n\n\n<p class=\"wp-block-paragraph\">Le compromis pr\u00e9voit \u00e9galement que l\u2019accueil des r\u00e9fugi\u00e9s ne soit plus volontaire, mais obligatoire. Les pays refusant d\u2019accueillir des r\u00e9fugi\u00e9s seraient contraints de payer 20&nbsp;000&nbsp;euros de compensation par personne. En cas de crise provoquant un boom du nombre d\u2019arriv\u00e9es, la Commission d\u00e9ciderait si un pays a besoin de soutien.<\/p>\n\n\n\n<p class=\"wp-block-paragraph\">Le 26&nbsp;juillet, les \u00c9tats membres de l\u2019UE n\u2019ont toutefois pas r\u00e9ussi \u00e0 s\u2019accorder sur un aspect central du projet de pacte sur la migration, qui concerne sp\u00e9cifiquement les r\u00e8gles de migration et d\u2019asile en situation de crise.<\/p>\n\n\n\n<p class=\"wp-block-paragraph\">La pr\u00e9sidence espagnole de l\u2019UE, soutenue entre autres par l\u2019Italie, avait propos\u00e9 un compromis, mais plusieurs pays (Pologne, Hongrie, R\u00e9publique tch\u00e8que et Autriche) ne l\u2019ont pas soutenu. L\u2019Allemagne, la Slovaquie et les Pays-Bas ont d\u00e9clar\u00e9 qu\u2019ils s\u2019abstiendraient de voter apr\u00e8s avoir exprim\u00e9 leurs craintes que le r\u00e8glement n\u2019abaisse les normes en mati\u00e8re d\u2019octroi de l\u2019asile.<\/p>\n\n\n\n<p class=\"wp-block-paragraph\">La Pologne, qui s\u2019oppose avec v\u00e9h\u00e9mence \u00e0 la nouvelle politique d\u2019asile, pr\u00e9voit d\u2019organiser un r\u00e9f\u00e9rendum le jour des \u00e9lections l\u00e9gislatives du 15\u00a0octobre. Le gouvernement demandera aux citoyens leur avis sur les r\u00e9formes pr\u00e9vues de la politique d\u2019asile de l\u2019UE, y compris sur la question de savoir si un quota de migrants devrait \u00eatre obligatoire pour les \u00c9tats membres. Le r\u00e9sultat n\u2019aura toutefois aucun impact sur les projets de r\u00e9forme de l\u2019UE.<\/p>\n\n\n\n<figure class=\"wp-block-image size-full\"><img loading=\"lazy\" decoding=\"async\" width=\"1920\" height=\"1301\" src=\"https:\/\/europeannewsroom.com\/wp-content\/uploads\/2023\/07\/urnnewsmldpa.com20090101230716-99-424659-v4-s2048.jpeg\" alt=\"\" class=\"wp-image-144771\"\/><figcaption class=\"wp-element-caption\">Le pr\u00e9sident tunisien Saied re\u00e7oit le Premier ministre n\u00e9erlandais Rutte (\u00e0 gauche), la pr\u00e9sidente de la Commission europ\u00e9enne von der Leyen et le Premier ministre italien Meloni (\u00e0 droite). Des repr\u00e9sentants de haut niveau de l&rsquo;UE se sont rendus en Tunisie pour \u00e9tudier avec le gouvernement tunisien la possibilit\u00e9 d&rsquo;une coop\u00e9ration plus \u00e9troite en mati\u00e8re de migration. Photo : Freek Van Den Bergh\/AN Freek Van Den Bergh\/ANP\/dpa<\/figcaption><\/figure>\n\n\n\n<h2 class=\"wp-block-heading\">Un accord controvers\u00e9 de \u00ab\u00a0partenariat mod\u00e8le\u00a0\u00bb avec la Tunisie<\/h2>\n\n\n\n<p class=\"wp-block-paragraph\">Outre la dimension interne, les dimensions externes de la migration sont \u00e9galement abord\u00e9es.<\/p>\n\n\n\n<p class=\"wp-block-paragraph\">En juillet, l\u2019UE a sign\u00e9 un protocole d\u2019accord avec le gouvernement tunisien du pr\u00e9sident <strong>Ka\u00efs Sa\u00efed<\/strong>. La Commission europ\u00e9enne souhaite renforcer sa coop\u00e9ration avec la Tunisie en mati\u00e8re de politique migratoire afin d\u2019endiguer le flux croissant de migrants et de r\u00e9fugi\u00e9s qui traversent la Tunisie ou qui en partent directement vers l\u2019Europe via l\u2019Italie.<\/p>\n\n\n\n<p class=\"wp-block-paragraph\">Alors que beaucoup critiquent ce m\u00e9morandum comme \u00e9tant contraire \u00e0 l\u2019\u00e9thique et \u00ab&nbsp;hautement probl\u00e9matique&nbsp;\u00bb, notamment en raison du traitement inhumain inflig\u00e9 aux migrants en Tunisie, d\u2019autres le qualifient de premier pas dans la bonne direction pour r\u00e9duire durablement les chiffres de l\u2019immigration en Europe. La Premi\u00e8re ministre italienne <strong>Meloni<\/strong> a qualifi\u00e9 ce m\u00e9morandum de \u00ab&nbsp;mod\u00e8le de partenariat&nbsp;\u00bb avec les pays d\u2019Afrique du Nord.<\/p>\n\n\n\n<p class=\"wp-block-paragraph\">La <strong>Commission europ\u00e9enne <\/strong>veut d\u00e9bloquer 105\u00a0millions d\u2019euros pour les op\u00e9rations de recherche et de sauvetage et le rapatriement des migrants, ainsi que 150\u00a0millions d\u2019euros de subventions pour le budget de l\u2019\u00c9tat tunisien. Le pays peut en outre esp\u00e9rer obtenir des cr\u00e9dits avantageux pouvant atteindre 900\u00a0millions d\u2019euros pour sa stabilisation \u00e9conomique et financi\u00e8re \u00e0 long terme.<\/p>\n\n\n\n<p class=\"wp-block-paragraph\">Les cinq piliers du m\u00e9morandum \u2013 assistance macrofinanci\u00e8re, relations \u00e9conomiques, coop\u00e9ration \u00e9nerg\u00e9tique, migration et contacts interpersonnels \u2013 suivent la strat\u00e9gie de la Commission. Des accords globaux sont pr\u00e9vus pour combiner la coop\u00e9ration dans la lutte contre les trafiquants d\u2019\u00eatres humains \u00e0 une forte acc\u00e9l\u00e9ration des politiques \u00e9conomique et d\u2019approvisionnement \u00e9nerg\u00e9tique durable.<\/p>\n\n\n\n<p class=\"wp-block-paragraph\">L\u2019accord \u00ab\u00a0est un investissement dans notre prosp\u00e9rit\u00e9 commune, dans la stabilit\u00e9 et dans les g\u00e9n\u00e9rations futures\u00a0\u00bb, a d\u00e9clar\u00e9 la pr\u00e9sidente de la Commission <strong>Ursula von der Leyen<\/strong>.<a id=\"_msocom_1\"><\/a><\/p>\n\n\n\n<p class=\"wp-block-paragraph\"><em>Cet article est publi\u00e9 hebdomadaire. Le contenu est bas\u00e9 sur des nouvelles des agences participantes au sein de la enr.<\/em><\/p>\n","protected":false},"excerpt":{"rendered":"<p>L\u2019Union europ\u00e9enne enregistre actuellement la plus importante arriv\u00e9e de migrants depuis 2015. Un nombre record de personnes arrivent en Italie et en Gr\u00e8ce, o\u00f9 les m\u00e9canismes d\u2019accueil sont mis \u00e0 rude \u00e9preuve. Les \u00c9tats membres sont parvenus \u00e0 un accord historique sur des lois cl\u00e9s en mati\u00e8re d\u2019asile et de migration et ont conclu des accords avec des pays de transit. L\u2019UE a entam\u00e9 une proc\u00e9dure judiciaire contre la Hongrie.<\/p>\n","protected":false},"author":119,"featured_media":28091,"comment_status":"closed","ping_status":"closed","sticky":false,"template":"","format":"standard","meta":{"_acf_changed":false,"_et_pb_use_builder":"","_et_pb_old_content":"","_et_gb_content_width":"","footnotes":""},"categories":[39],"tags":[10393,3609,10525,10333,521],"class_list":["post-156995","post","type-post","status-publish","format-standard","has-post-thumbnail","hentry","category-key-story","tag-frontex-8","tag-grece","tag-migration-4","tag-tunisie","tag-ue-2"],"acf":[],"_links":{"self":[{"href":"https:\/\/europeannewsroom.com\/fr\/wp-json\/wp\/v2\/posts\/156995","targetHints":{"allow":["GET"]}}],"collection":[{"href":"https:\/\/europeannewsroom.com\/fr\/wp-json\/wp\/v2\/posts"}],"about":[{"href":"https:\/\/europeannewsroom.com\/fr\/wp-json\/wp\/v2\/types\/post"}],"author":[{"embeddable":true,"href":"https:\/\/europeannewsroom.com\/fr\/wp-json\/wp\/v2\/users\/119"}],"replies":[{"embeddable":true,"href":"https:\/\/europeannewsroom.com\/fr\/wp-json\/wp\/v2\/comments?post=156995"}],"version-history":[{"count":0,"href":"https:\/\/europeannewsroom.com\/fr\/wp-json\/wp\/v2\/posts\/156995\/revisions"}],"wp:featuredmedia":[{"embeddable":true,"href":"https:\/\/europeannewsroom.com\/fr\/wp-json\/wp\/v2\/media\/28091"}],"wp:attachment":[{"href":"https:\/\/europeannewsroom.com\/fr\/wp-json\/wp\/v2\/media?parent=156995"}],"wp:term":[{"taxonomy":"category","embeddable":true,"href":"https:\/\/europeannewsroom.com\/fr\/wp-json\/wp\/v2\/categories?post=156995"},{"taxonomy":"post_tag","embeddable":true,"href":"https:\/\/europeannewsroom.com\/fr\/wp-json\/wp\/v2\/tags?post=156995"}],"curies":[{"name":"wp","href":"https:\/\/api.w.org\/{rel}","templated":true}]}}