{"id":157233,"date":"2023-09-05T09:26:05","date_gmt":"2023-09-05T07:26:05","guid":{"rendered":"https:\/\/europeannewsroom.dpa.com\/?p=157233"},"modified":"2023-09-05T09:26:14","modified_gmt":"2023-09-05T07:26:14","slug":"affiche-militaire-polonaise-avec-prigojine-un-montage-photo","status":"publish","type":"post","link":"https:\/\/europeannewsroom.com\/fr\/affiche-militaire-polonaise-avec-prigojine-un-montage-photo\/","title":{"rendered":"Affiche militaire polonaise avec Prigojine ? Un montage photo"},"content":{"rendered":"\n<h3 class=\"wp-block-heading\"><\/h3>\n\n\n\n<p class=\"wp-block-paragraph\">\u00ab\u00a0Le minist\u00e8re de la D\u00e9fense a lanc\u00e9 une campagne publicitaire dont le slogan est le suivant : la Pologne est le bouclier de l&rsquo;Europe. Prot\u00e9gez l&rsquo;Europe de la folie du Russe\u00a0\u00bb &nbsp;\u2013 affirme un <a rel=\"noreferrer noopener\" href=\"https:\/\/archive.md\/hKy3a\" target=\"_blank\">tweet<\/a> publi\u00e9 le 4 juillet, qui montre une photo d&rsquo;une affiche \u00e0 un arr\u00eat des transports publics. \u00ab\u00a0Les publicit\u00e9s de recrutement de militaires en Pologne misent sur la peur d&rsquo;Evgueni Prigojine et des (soldats) Wagner\u00a0\u00bb &#8211; ajoute un <a rel=\"noreferrer noopener\" href=\"https:\/\/perma.cc\/4MNP-Y6QM\" target=\"_blank\">post<\/a> publi\u00e9 sur Facebook le m\u00eame jour.<\/p>\n\n\n\n<p class=\"wp-block-paragraph\">Sur l&rsquo;affiche, on peut voir une photo d&rsquo;Evgueni Prigojine, le patron du groupe Wagner, barr\u00e9e de rouge sur fond de paysage en flammes. En haut, on voit un petit drapeau polonais blanc-rouge, en bas le logo du minist\u00e8re polonais de la D\u00e9fense avec un num\u00e9ro de t\u00e9l\u00e9phone, et au milieu, en grandes lettres : \u00ab\u00a0La Pologne \u2013 bouclier de l&rsquo;Europe\u00a0\u00bb ; \u00ab\u00a0Service militaire volontaire. Prot\u00e9geons l&rsquo;Europe contre ce Russe fou\u00a0\u00bb. Le mot \u00ab\u00a0Russe\u00a0\u00bb est en rouge et \u00e0 peine lisible.<\/p>\n\n\n\n<figure class=\"wp-block-image aligncenter is-resized\"><img loading=\"lazy\" decoding=\"async\" src=\"https:\/\/sprawdzam.afp.com\/sites\/default\/files\/styles\/list_xs\/public\/medias\/factchecking\/g2\/2023-07\/985b254ebc3666b74958674326ab04e5.jpeg?itok=0rNIfece\" alt=\"\" width=\"452\" height=\"976\"\/><figcaption class=\"wp-element-caption\"><em>Capture d&rsquo;\u00e9cran prise sur X (ex-Twitter), le 10 juillet 2023<\/em><\/figcaption><\/figure>\n\n\n\n<p class=\"wp-block-paragraph\">Le m\u00eame photomontage circule aussi depuis d\u00e9but juillet 2023 en russe, sur<a rel=\"noreferrer noopener\" href=\"https:\/\/perma.cc\/3L4R-4PSV?type=image\" target=\"_blank\"> VK<\/a> et <a rel=\"noreferrer noopener\" href=\"https:\/\/perma.cc\/H44Q-KJ7B?type=image\" target=\"_blank\">Telegram (ce post a gagn\u00e9 45.000 vues)<\/a><a rel=\"noreferrer noopener\" href=\"https:\/\/perma.cc\/H44Q-KJ7B?type=image\" target=\"_blank\">,&nbsp;<\/a> ainsi qu&rsquo;en <a rel=\"noreferrer noopener\" href=\"https:\/\/archive.md\/wip\/cPiJ3\" target=\"_blank\">slovaque<\/a>, <a rel=\"noreferrer noopener\" href=\"https:\/\/archive.md\/jVIwt\" target=\"_blank\">espagnol, <\/a><a rel=\"noreferrer noopener\" href=\"https:\/\/perma.cc\/BJX4-QF9M\" target=\"_blank\">fran\u00e7ais&nbsp;<\/a>,&nbsp;<a rel=\"noreferrer noopener\" href=\"https:\/\/archive.md\/wip\/ivz8B\" target=\"_blank\">anglais<\/a> ou encore en <a rel=\"noreferrer noopener\" href=\"https:\/\/archive.md\/wip\/MKLsI\" target=\"_blank\">turc.<\/a><\/p>\n\n\n\n<p class=\"wp-block-paragraph\">La mutinerie avort\u00e9e du groupe Wagner et l&rsquo;arriv\u00e9e annonc\u00e9e de ses <a rel=\"noreferrer noopener\" href=\"https:\/\/www.barrons.com\/amp\/news\/lukashenko-says-wagner-chief-prigozhin-expected-in-belarus-d9814086\" target=\"_blank\">mercenaires en Belarus<\/a> (<a rel=\"noreferrer noopener\" href=\"https:\/\/archive.md\/7Kbp0\" target=\"_blank\">lien archiv\u00e9<\/a>), pays qui partage une fronti\u00e8re avec la Pologne, a fait na\u00eetre des <a rel=\"noreferrer noopener\" href=\"https:\/\/twitter.com\/AFP\/status\/1674062184161112069\" target=\"_blank\">inqui\u00e9tudes \u00e0 Varsovie et dans les pays baltes<\/a>. La Pologne a d\u00e9cid\u00e9 <a rel=\"noreferrer noopener\" href=\"https:\/\/twitter.com\/mblaszczak\/status\/1677575732099272706?s=20\" target=\"_blank\">de renforcer<\/a> (<a rel=\"noreferrer noopener\" href=\"https:\/\/archive.md\/Xjzi4\" target=\"_blank\">lien archiv\u00e9<\/a>) sa fronti\u00e8re orientale en y envoyant 1.000 soldats suppl\u00e9mentaires. Depuis le d\u00e9but de la guerre en Ukraine, l&rsquo;arm\u00e9e polonaise ne cesse d&rsquo;augmenter ses effectifs.&nbsp;&nbsp;<\/p>\n\n\n\n<p class=\"wp-block-paragraph\">S&rsquo;il est vrai que l&rsquo;arm\u00e9e polonaise recrute, l&rsquo;affiche utilisant Prigojine comme \u00e9pouvantail est un photomontage. Parmi les affiches de la campagne men\u00e9e par le minist\u00e8re de la D\u00e9fense depuis mai 2023 avec pour mot d&rsquo;ordre <a rel=\"noreferrer noopener\" href=\"https:\/\/www.gov.pl\/web\/obrona-narodowa\/300-tysiecne-wojsko-nabor-do-zasadniczej-sluzby-wojskowej\" target=\"_blank\">\u00ab\u00a0<\/a><a rel=\"noreferrer noopener\" href=\"https:\/\/archive.md\/dhPDP\" target=\"_blank\">Rejoins le<\/a><a rel=\"noreferrer noopener\" href=\"https:\/\/archive.md\/dhPDP\" target=\"_blank\"> service militaire volontaire<\/a>\u00ab\u00a0, consultables sur la page Facebook du centre de recrutement <a rel=\"noreferrer noopener\" href=\"https:\/\/archive.md\/yUg2a\" target=\"_blank\">(ici<\/a>,&nbsp;<a rel=\"noreferrer noopener\" href=\"https:\/\/perma.cc\/G7WS-5R8V\" target=\"_blank\">ici<\/a>), aucune ne fait r\u00e9f\u00e9rence au chef du groupe Wagner.<\/p>\n\n\n\n<p class=\"wp-block-paragraph\">Une faute de syntaxe sur l&rsquo;affiche et l&rsquo;utilisation du pr\u00e9fixe international de la Pologne, 00-48, devant un num\u00e9ro de t\u00e9l\u00e9phone destin\u00e9 aux citoyens polonais (celui du secr\u00e9tariat du chef du  centre de recrutement (<a rel=\"noreferrer noopener\" href=\"https:\/\/archive.md\/RjVd6\" target=\"_blank\">CWCR, Centralne Wojskowe Centrum&nbsp; Rekrutacji<\/a>), ont imm\u00e9diatement attir\u00e9 notre attention.<\/p>\n\n\n\n<h2 class=\"wp-block-heading has-text-align-center\">Photo d&rsquo;un arr\u00eat de tramway vieille de plusieurs ann\u00e9es<\/h2>\n\n\n\n<p class=\"wp-block-paragraph\">Pour retrouver la photo originale, nous avons d&rsquo;abord utilis\u00e9 diff\u00e9rentes techniques de recherche <a rel=\"noreferrer noopener\" href=\"https:\/\/www.facebook.com\/AFPsprawdzam\/videos\/537991603870196\/\" target=\"_blank\">d&rsquo;image invers\u00e9e<\/a>, mais celles-ci n&rsquo;ont pas abouti. Elles nous ont toutefois men\u00e9 vers un <a rel=\"noreferrer noopener\" href=\"https:\/\/archive.md\/NSv1X\" target=\"_blank\">d\u00e9ment<\/a>i relay\u00e9 par des <a rel=\"noreferrer noopener\" href=\"https:\/\/archive.md\/z6GiU\" target=\"_blank\">centres<\/a> r\u00e9gionaux de recrutement de l&rsquo;arm\u00e9e polonaise et un <a href=\"https:\/\/perma.cc\/N7R6-8EG8?type=image\">fact check<\/a> du site polonais Konkret24.<\/p>\n\n\n\n<p class=\"wp-block-paragraph\">Pour d\u00e9terminer d&rsquo;o\u00f9 provient la photo, nous avons recherch\u00e9 sur internet les villes de Pologne o\u00f9 les arr\u00eats des transports publics ressemblent \u00e0 celui-ci. Cela nous a conduits \u00e0 <a rel=\"noreferrer noopener\" href=\"https:\/\/perma.cc\/C8SP-LR96\" target=\"_blank\">Cracovie,<\/a> o\u00f9, \u00e0 l&rsquo;exception de nouveaux abris argent\u00e9s, la plupart sont bleus, couleur typique pour cette <a rel=\"noreferrer noopener\" href=\"https:\/\/perma.cc\/VTS3-KW7J\" target=\"_blank\">ancienne ville royale polonaise.<\/a><\/p>\n\n\n\n<p class=\"wp-block-paragraph\">Nous avons analys\u00e9 l<a rel=\"noreferrer noopener\" href=\"https:\/\/ztp.krakow.pl\/transport-publiczny\/komunikacja-miejska\/mapy-i-schematy-kmk\" target=\"_blank\">e sch\u00e9ma des lignes de tramways de Cracovie<\/a>&nbsp;(archiv\u00e9 <a href=\"https:\/\/perma.cc\/EE7R-QX49?type=image\">ici<\/a>), mais il n&rsquo;existe actuellement aucun arr\u00eat par o\u00f9 passeraient toutes les lignes figurant sur la photo (11, 18, 23, 52 et 62).&nbsp;<\/p>\n\n\n\n<p class=\"wp-block-paragraph\">Rien d&rsquo;\u00e9tonnant \u00e0 cela, puisque leurs trajets ont souvent chang\u00e9. Depuis janvier 2018, la ligne 23 a \u00ab\u00a0\u00e9t\u00e9 supprim\u00e9e\u00a0\u00bb et ne dessert plus le quartier Ruczaj, comme on peut lire dans un <a rel=\"noreferrer noopener\" href=\"https:\/\/perma.cc\/2Z2S-D3QY\" target=\"_blank\">communique&nbsp; la ville de Cracovie<\/a>. Ce qui nous fait penser que la photo a \u00e9t\u00e9 prise avant 2018 mais apr\u00e8s <a rel=\"noreferrer noopener\" href=\"https:\/\/perma.cc\/N2RZ-LY5S\" target=\"_blank\">2012, date du lancement de cette ligne.<\/a>&nbsp;<\/p>\n\n\n\n<p class=\"wp-block-paragraph\">Interrog\u00e9 par l&rsquo;AFP, le porte-parole de la direction des transports publics \u00e0 Cracovie <a rel=\"noreferrer noopener\" href=\"https:\/\/ztp.krakow.pl\/author\/skowal\" target=\"_blank\">(ZTP)<\/a>, Sebastian Kowal, a confirm\u00e9 le 6 juillet 2023 que la photo qui a servi de base pour le photomontage a d\u00fb \u00eatre prise avant 2018, car la ligne 23 a cess\u00e9 de desservir le quartier Ruczaj cette ann\u00e9e-l\u00e0. Il a pr\u00e9cis\u00e9 que la photo montrait l&rsquo;arr\u00eat de tramway <a rel=\"noreferrer noopener\" href=\"https:\/\/www.google.com\/maps\/@50.02076,19.8983525,3a,75y,233.52h,84.24t\/data=!3m10!1e1!3m8!1sZR4gcB240o8zdOxUhEzl4Q!2e0!6shttps:%2F%2Fstreetviewpixels-pa.googleapis.com%2Fv1%2Fthumbnail%3Fpanoid%3DZR4gcB240o8zdOxUhEzl4Q%26cb_client%3Dmaps_sv.tactile.gps%26w%3D203%26h%3D100%26yaw%3D300.93225%26pitch%3D0%26thumbfov%3D100!7i16384!8i8192!9m2!1b1!2i44?entry=ttu\" target=\"_blank\">Chmieleniec,<\/a> qu&rsquo;il a reconnu lui-m\u00eame, ayant fait des \u00e9tudes dans le quartier. \u00ab\u00a0Pas de doute, une telle affiche n&rsquo;est pas appos\u00e9e \u00e0 nos arr\u00eats \u00ab\u00a0, a-t-il comment\u00e9.<\/p>\n\n\n\n<p class=\"wp-block-paragraph\">Nous avons analys\u00e9 la photo en l&rsquo;agrandissant. Sur l&rsquo;une des vitres de l&rsquo;arr\u00eat de tram, nous avons pu d\u00e9celer deux derni\u00e8res lettres du logo de l&rsquo;agence de publicit\u00e9&nbsp;<a href=\"https:\/\/ams.com.pl\/o-nas\/logo\">AMS<\/a>, qui g\u00e8re les abris des arr\u00eats de Cracovie depuis <a href=\"https:\/\/perma.cc\/D9BP-7D4X\">une dizaine d&rsquo;ann\u00e9es<\/a>.<\/p>\n\n\n\n<figure class=\"wp-block-image aligncenter is-resized\"><img loading=\"lazy\" decoding=\"async\" src=\"https:\/\/sprawdzam.afp.com\/sites\/default\/files\/styles\/list_xs\/public\/medias\/factchecking\/g2\/2023-07\/4affdd156cf0453dc5a435050f3e07cb.jpeg?itok=H0G5u5gh\" alt=\"\" width=\"498\" height=\"566\"\/><figcaption class=\"wp-element-caption\"><em>Capture d&rsquo;\u00e9cran prise sur Facebook (en haut). Capture d&rsquo;\u00e9cran de la page web lovekrakow. Comparaison r\u00e9alis\u00e9e par l&rsquo;AFP le 10 juillet 2023<\/em><\/figcaption><\/figure>\n\n\n\n<p class=\"wp-block-paragraph\"><a rel=\"noreferrer noopener\" href=\"https:\/\/lovekrakow.pl\/aktualnosci\/potrzebuja-miesiaca-na-naprawe-przystanku_4310\/zdjecie\/2314\" target=\"_blank\"><\/a>Nous avons contact\u00e9 l&rsquo;AMS pour demander si une telle affiche \u00e9tait pr\u00e9sente sur leurs supports \u00e0 Cracovie. \u00ab\u00a0Il s&rsquo;agit probablement d&rsquo;un photomontage r\u00e9alis\u00e9 \u00e0 partir d&rsquo;une photo d&rsquo;archives, d&rsquo;autant plus que l&rsquo;aspect de cet arr\u00eat est diff\u00e9rent aujourd&rsquo;hui, \u00e0 la suite de modifications\u00a0\u00bb, a d\u00e9clar\u00e9 \u00e0 l&rsquo;AFP une porte-parole de la soci\u00e9t\u00e9, Ilona Kondrat, le 6 juillet.&nbsp;<\/p>\n\n\n\n<p class=\"wp-block-paragraph\">A l&rsquo;appui de ses propos, elle nous a envoy\u00e9 une photo r\u00e9cente de l&rsquo;arr\u00eat. \u00ab\u00a0Depuis le 2 juin 2023, une affiche d&rsquo;un \u00e9v\u00e8nement sportif (les Troisi\u00e8mes Jeux europ\u00e9ens Cracovie-Malopolska 2023-&nbsp; <a rel=\"noreferrer noopener\" href=\"https:\/\/www.malopolska.pl\/igrzyska-europejskie-krakowmalopolska-2023\" target=\"_blank\">III Igrzyska Europejskie Krak\u00f3w-Ma\u0142opolska 2023<\/a>) est affich\u00e9e \u00e0 cet arr\u00eat\u00a0\u00bb, a pr\u00e9cis\u00e9 Mme Kondrat.&nbsp;<\/p>\n\n\n\n<figure class=\"wp-block-image aligncenter is-resized\"><img loading=\"lazy\" decoding=\"async\" src=\"https:\/\/sprawdzam.afp.com\/sites\/default\/files\/styles\/list_xs\/public\/medias\/factchecking\/g2\/2023-07\/f7192d992470a5a99e44d92084a47ae7.jpeg?itok=1RHue0XZ\" alt=\"\" width=\"616\" height=\"441\"\/><figcaption class=\"wp-element-caption\"><em>Capture d&rsquo;\u00e9cran prise sur Facebook (\u00e0 gauche). Photo de l&rsquo;arr\u00eat de tramway du 2 juin 2023 remise par l&rsquo;agence de publicit\u00e9 AMS. Comparaison r\u00e9alis\u00e9e par l&rsquo;AFP le 10 juillet 2023<\/em><\/figcaption><\/figure>\n\n\n\n<h2 class=\"wp-block-heading has-text-align-center\">Une photo qui montre en r\u00e9alit\u00e9 une publicit\u00e9 pour une banque<\/h2>\n\n\n\n<p class=\"wp-block-paragraph\">C&rsquo;est en faisant de multiples recherches invers\u00e9es de <a rel=\"noreferrer noopener\" href=\"https:\/\/yandex.com\/images\/search?cbir_id=2342949%2FfhMwFgJcpvvI66hnWJ4WfA9943&amp;cbir_page=similar&amp;rpt=imageview&amp;url=https%3A%2F%2Favatars.mds.yandex.net%2Fget-images-cbir%2F2342949%2FfhMwFgJcpvvI66hnWJ4WfA9943%2Forig\" target=\"_blank\">photos<\/a> d&rsquo;un arr\u00eat de tramway de Cracovie ressemblant \u00e0 celui qu&rsquo;on analyse, \u00e0 l&rsquo;aide du moteur de recherche Yandex, que nous avons enfin pu trouver<a rel=\"noreferrer noopener\" href=\"https:\/\/perma.cc\/G6J6-R832\" target=\"_blank\"> l&rsquo;original<\/a>. Cette photo est apparue parmi les dizaines de \u00ab\u00a0r\u00e9sultats similaires\u00a0\u00bb sugg\u00e9r\u00e9s par Yandex sur la base d&rsquo;une photo d&rsquo;arr\u00eat de tram trouv\u00e9e sur le site d&rsquo;une soci\u00e9t\u00e9 de <a href=\"https:\/\/perma.cc\/H4QD-JJRZ\">publicit\u00e9<\/a>. <\/p>\n\n\n\n<p class=\"wp-block-paragraph\">La photo en question montre une publicit\u00e9 pour une banque polonaise et non pas une affiche militaire avec Progojine. On y retrouve les m\u00eame lignes de tramway, le m\u00eame petit papier jet\u00e9 sur le gazon et le m\u00eame bandeau sur la vitre de l&rsquo;abri avec le logo AMS. &nbsp;<\/p>\n\n\n\n<figure class=\"wp-block-image aligncenter is-resized\"><img loading=\"lazy\" decoding=\"async\" src=\"https:\/\/sprawdzam.afp.com\/sites\/default\/files\/styles\/list_xs\/public\/medias\/factchecking\/g2\/2023-07\/e7c2a82e34ae1aa8ab1fba0bf207864c.jpeg?itok=qh7ip6CO\" alt=\"\" width=\"715\" height=\"329\"\/><figcaption class=\"wp-element-caption\"><em>Capture d&rsquo;\u00e9cran prise sur Facebook (\u00e0 gauche). Photo de l&rsquo;arr\u00eat retrouv\u00e9e sur Yandex. Comparaison r\u00e9alis\u00e9e par l&rsquo;AFP le 10 juillet 2023<\/em><\/figcaption><\/figure>\n\n\n\n<p class=\"wp-block-paragraph\">De nouvelles recherches de cette photo nous ont men\u00e9s sur deux sites: une page <a href=\"https:\/\/perma.cc\/W2WF-N58K\">Pinterest<\/a>, et un article de <a href=\"https:\/\/fimary.com\/%D0%BF%D1%80%D0%BE%D0%B5%D0%B7%D0%B4-%D0%B2-%D0%BE%D0%B1%D1%89%D0%B5%D1%81%D1%82%D0%B2%D0%B5%D0%BD%D0%BD%D0%BE%D0%BC-%D1%82%D1%80%D0%B0%D0%BD%D1%81%D0%BF%D0%BE%D1%80%D1%82%D0%B5\/\">blog<\/a> (<a rel=\"noreferrer noopener\" href=\"https:\/\/perma.cc\/ZU72-Y2WV\" target=\"_blank\">archiv\u00e9 ici<\/a>) en ukrainien sur les transports publics \u00e0 Cracovie, \u00e9crit il y a huit ans par Mariia Finko, une Ukrainienne qui s&rsquo;est install\u00e9e en Pologne en 2015 et raconte son exp\u00e9rience d&rsquo;expatri\u00e9e. La derni\u00e8re photo de l&rsquo;article montre l&rsquo;arr\u00eat <a rel=\"noreferrer noopener\" href=\"https:\/\/www.google.com\/maps\/@50.02076,19.8983525,3a,75y,233.52h,84.24t\/data=!3m10!1e1!3m8!1sZR4gcB240o8zdOxUhEzl4Q!2e0!6shttps:%2F%2Fstreetviewpixels-pa.googleapis.com%2Fv1%2Fthumbnail%3Fpanoid%3DZR4gcB240o8zdOxUhEzl4Q%26cb_client%3Dmaps_sv.tactile.gps%26w%3D203%26h%3D100%26yaw%3D300.93225%26pitch%3D0%26thumbfov%3D100!7i16384!8i8192!9m2!1b1!2i44?entry=ttu\" target=\"_blank\">Chmieleniec<\/a> et correspond \u00e0 notre photo d&rsquo;origine. Nous avons contact\u00e9 Mariia Finko pour lui demander si elle \u00e9tait l&rsquo;auteure de cette photo, mais n&rsquo;avons pas re\u00e7u de r\u00e9ponse au moment de publier notre article.<\/p>\n\n\n\n<p class=\"wp-block-paragraph\">Interrog\u00e9 par l&rsquo;AFP,&nbsp; le minist\u00e8re polonais de la D\u00e9fense a d\u00e9clar\u00e9 que \u00ab\u00a0le minist\u00e8re, y compris les institutions qui en d\u00e9pendent, charg\u00e9es de recruter des candidats pour l&rsquo;arm\u00e9e polonaise, ne sont pas les auteurs de cette affiche.\u00a0\u00bb \u00ab\u00a0Notre logo a \u00e9t\u00e9 utilis\u00e9 ill\u00e9galement ou falsifi\u00e9&#8230; Il s&rsquo;agit l\u00e0 d&rsquo;un autre exemple de \u00ab\u00a0fake news\u00a0\u00bb qui s&rsquo;inscrit dans le cadre d&rsquo;activit\u00e9s de d\u00e9sinformation qui se propagent en particulier sur les r\u00e9seaux sociaux\u00a0\u00bb, a d\u00e9clar\u00e9 le bureau de presse du minist\u00e8re dans un courriel le 5 juillet. \u00ab\u00a0Nous appelons constamment les repr\u00e9sentants des m\u00e9dias et les utilisateurs des r\u00e9seaux sociaux \u00e0 \u00eatre particuli\u00e8rement prudents quant \u00e0 la cr\u00e9dibilit\u00e9 des nouvelles apparaissant dans l&rsquo;espace d&rsquo;information\u00a0\u00bb.&nbsp;<\/p>\n\n\n\n<p class=\"wp-block-paragraph\">Le chef de l&rsquo;agence centrale de recrutement des forces arm\u00e9es polonaises (CWCR), le g\u00e9n\u00e9ral de brigade Miroslaw Bry\u015b, a lui aussi mis en garde contre ce photomontage sur son <a rel=\"noreferrer noopener\" href=\"https:\/\/archive.md\/wip\/NSv1X\" target=\"_blank\">co<\/a><a rel=\"noreferrer noopener\" href=\"https:\/\/archive.md\/wip\/NSv1X\" target=\"_blank\">mpte Twitter le 5 juillet<\/a>. \u00ab\u00a0Une nouvelle action utilisant un canular promu dans les m\u00e9dias russes. Cette fois, c&rsquo;est le service volontaire de base qui est vis\u00e9. La propagande russe tente toujours de semer le chaos\u00a0\u00bb, a-t-il \u00e9crit, en appelant \u00e0 ne pas reproduire les \u00ab\u00a0fake news\u00a0\u00bb.<\/p>\n\n\n\n<p class=\"wp-block-paragraph\">Toutes nos v\u00e9rifications autour de la guerre en Ukraine peuvent \u00eatre consult\u00e9es <a href=\"https:\/\/sprawdzam.afp.com\/list\/all\/all\/39405\/all\/tid-39405\">ici<\/a>.<\/p>\n\n\n\n<h2 class=\"wp-block-heading\"><a href=\"https:\/\/sprawdzam.afp.com\/maja-czarnecka\" target=\"_blank\" rel=\"noreferrer noopener\"><br>Maja CZARNECKA<\/a><\/h2>\n\n\n\n<p class=\"wp-block-paragraph\"><a rel=\"noreferrer noopener\" href=\"https:\/\/sprawdzam.afp.com\/maja-czarnecka\" target=\"_blank\">Tous les articles<\/a><\/p>\n\n\n\n<h2 class=\"wp-block-heading\"><a href=\"https:\/\/sprawdzam.afp.com\/afp-polska\" target=\"_blank\" rel=\"noreferrer noopener\">AFP Polska<\/a><\/h2>\n\n\n\n<p class=\"wp-block-paragraph\"><a rel=\"noreferrer noopener\" href=\"https:\/\/sprawdzam.afp.com\/afp-polska\" target=\"_blank\">Tous les articles<\/a><\/p>\n\n\n\n<p class=\"wp-block-paragraph\"><strong>Suivez-nous<\/strong><a href=\"https:\/\/www.facebook.com\/afpfactuel\/\" target=\"_blank\" rel=\"noreferrer noopener\"><\/a><a href=\"https:\/\/twitter.com\/AFPfactuel\" target=\"_blank\" rel=\"noreferrer noopener\"><\/a><a href=\"https:\/\/api.whatsapp.com\/send?phone=33647087046&amp;text=&amp;source=&amp;data=\" target=\"_blank\" rel=\"noreferrer noopener\"><\/a><a href=\"https:\/\/www.instagram.com\/afpfactuel\/\" target=\"_blank\" rel=\"noreferrer noopener\"><\/a><\/p>\n\n\n\n<ul class=\"wp-block-list\">\n<li><a href=\"https:\/\/factuel.afp.com\/\">Accueil<\/a><\/li>\n\n\n\n<li><a href=\"https:\/\/factuel.afp.com\/propos\">A propos<\/a><\/li>\n\n\n\n<li><a href=\"https:\/\/factuel.afp.com\/comment-nous-travaillons\">Comment nous travaillons<\/a><\/li>\n\n\n\n<li><a href=\"https:\/\/factuel.afp.com\/regles-editoriales-et-ethiques\">R\u00e8gles \u00e9ditoriales et \u00e9thiques<\/a><\/li>\n\n\n\n<li><a href=\"https:\/\/factuel.afp.com\/node\/87993\/\">Notre \u00e9quipe<\/a><\/li>\n\n\n\n<li><a href=\"https:\/\/factuel.afp.com\/manuel-du-fact-checking-lafp\" target=\"_blank\" rel=\"noreferrer noopener\">Manuel du fact-checking<\/a><\/li>\n\n\n\n<li><a href=\"https:\/\/fr.digitalcourses.afp.com\/\" target=\"_blank\" rel=\"noreferrer noopener\">Formations<\/a><\/li>\n\n\n\n<li><a href=\"https:\/\/factuel.afp.com\/objectif-desinfox-2022\">Objectif Desinfox<\/a><\/li>\n\n\n\n<li><a href=\"https:\/\/factuel.afp.com\/contact\">Contact<\/a><\/li>\n\n\n\n<li><a href=\"https:\/\/factuel.afp.com\/corrections\">Corrections<\/a><\/li>\n\n\n\n<li><a href=\"https:\/\/www.afp.com\/fr\/produits-services\/afp-fact-check?utm_source=AFP_Factuel&amp;utm_medium=referral&amp;utm_campaign=ALL-PDT-202212-Factcheck&amp;utm_content=Menu\" target=\"_blank\" rel=\"noreferrer noopener\">Abonnement pour les pros<\/a><\/li>\n<\/ul>\n\n\n\n<ul class=\"wp-block-list\">\n<li><a href=\"https:\/\/www.afp.com\/fr\/mentions-legales\" target=\"_blank\" rel=\"noreferrer noopener\">Mentions l\u00e9gales<\/a><\/li>\n<\/ul>\n\n\n\n<p class=\"wp-block-paragraph\"><a href=\"https:\/\/factuel.afp.com\/\">Factuel<\/a><\/p>\n\n\n\n<p class=\"wp-block-paragraph\"><small><strong>Copyright \u00a9 AFP 2017-2023. Tous droits r\u00e9serv\u00e9s.<\/strong><\/small><small>&nbsp;Les visiteurs peuvent acc\u00e9der \u00e0 ce site, le consulter et utiliser les fonctionnalit\u00e9s de partage propos\u00e9es pour un usage personnel. Sous cette seule r\u00e9serve, toute reproduction, communication au public, distribution de tout ou partie du contenu de ce site, par quelque moyen et \u00e0 quelque fin que ce soit, sans licence sp\u00e9cifique sign\u00e9e avec l\u2019AFP, est interdite. Les \u00e9l\u00e9ments analys\u00e9s dans le cadre de chaque factuel sont pr\u00e9sent\u00e9s ou font l\u2019objet de liens dans la mesure n\u00e9cessaire \u00e0 la bonne compr\u00e9hension de la v\u00e9rification de l\u2019information concern\u00e9e. L\u2019AFP ne d\u00e9tient pas de licence les concernant et d\u00e9cline toute responsabilit\u00e9 \u00e0 leur \u00e9gard. AFP et son logo sont des marques d\u00e9pos\u00e9es.<\/small><\/p>\n","protected":false},"excerpt":{"rendered":"<p>Un photomontage cens\u00e9 repr\u00e9senter une affiche de recrutement de l&rsquo;arm\u00e9e polonaise, \u00ab\u00a0bouclier de l&rsquo;Europe\u00a0\u00bb, circule sur les r\u00e9seaux sociaux en plusieurs langues, notamment en polonais. Il utilise une photo d&rsquo;Evgueni Prigojine, patron du groupe Wagner (mort dans le crash de son avion le 23 ao\u00fbt) pour inviter les Polonais \u00e0 \u00ab\u00a0prot\u00e9ger l&rsquo;Europe de la folie du Russe\u00a0\u00bb.  Mais l&rsquo;AFP a retrouv\u00e9 la photo originale, qui montre en r\u00e9alit\u00e9 la publicit\u00e9 d&rsquo;une banque \u00e0 un arr\u00eat de tramway de Cracovie. Le minist\u00e8re de la D\u00e9fense, la r\u00e9gie des transports publics de Cracovie et l&rsquo;agence de publicit\u00e9 concern\u00e9e ont \u00e9galement d\u00e9menti l&rsquo;existence d&rsquo;une telle affiche.<\/p>\n","protected":false},"author":21,"featured_media":157241,"comment_status":"closed","ping_status":"closed","sticky":false,"template":"","format":"standard","meta":{"_acf_changed":false,"_et_pb_use_builder":"","_et_pb_old_content":"","_et_gb_content_width":"","footnotes":""},"categories":[829],"tags":[],"class_list":["post-157233","post","type-post","status-publish","format-standard","has-post-thumbnail","hentry","category-fact-check"],"acf":[],"_links":{"self":[{"href":"https:\/\/europeannewsroom.com\/fr\/wp-json\/wp\/v2\/posts\/157233","targetHints":{"allow":["GET"]}}],"collection":[{"href":"https:\/\/europeannewsroom.com\/fr\/wp-json\/wp\/v2\/posts"}],"about":[{"href":"https:\/\/europeannewsroom.com\/fr\/wp-json\/wp\/v2\/types\/post"}],"author":[{"embeddable":true,"href":"https:\/\/europeannewsroom.com\/fr\/wp-json\/wp\/v2\/users\/21"}],"replies":[{"embeddable":true,"href":"https:\/\/europeannewsroom.com\/fr\/wp-json\/wp\/v2\/comments?post=157233"}],"version-history":[{"count":0,"href":"https:\/\/europeannewsroom.com\/fr\/wp-json\/wp\/v2\/posts\/157233\/revisions"}],"wp:featuredmedia":[{"embeddable":true,"href":"https:\/\/europeannewsroom.com\/fr\/wp-json\/wp\/v2\/media\/157241"}],"wp:attachment":[{"href":"https:\/\/europeannewsroom.com\/fr\/wp-json\/wp\/v2\/media?parent=157233"}],"wp:term":[{"taxonomy":"category","embeddable":true,"href":"https:\/\/europeannewsroom.com\/fr\/wp-json\/wp\/v2\/categories?post=157233"},{"taxonomy":"post_tag","embeddable":true,"href":"https:\/\/europeannewsroom.com\/fr\/wp-json\/wp\/v2\/tags?post=157233"}],"curies":[{"name":"wp","href":"https:\/\/api.w.org\/{rel}","templated":true}]}}