{"id":158027,"date":"2023-09-08T13:04:20","date_gmt":"2023-09-08T11:04:20","guid":{"rendered":"https:\/\/europeannewsroom.dpa.com\/?p=158027"},"modified":"2023-09-08T13:04:21","modified_gmt":"2023-09-08T11:04:21","slug":"sommet-sur-le-climat-au-kenya-des-milliards-investis-dans-la-protection-du-climat","status":"publish","type":"post","link":"https:\/\/europeannewsroom.com\/fr\/sommet-sur-le-climat-au-kenya-des-milliards-investis-dans-la-protection-du-climat\/","title":{"rendered":"Sommet sur le climat au Kenya\u00a0: des milliards investis dans la protection du climat"},"content":{"rendered":"\n<p class=\"wp-block-paragraph\">Les dirigeants africains ont exhort\u00e9 la communaut\u00e9 internationale \u00e0 soutenir le d\u00e9veloppement des \u00e9nergies renouvelables. \u00c0 la fin du premier Sommet africain sur le climat (AAC) \u00e0 Nairobi, ils ont appel\u00e9 de leurs v\u0153ux des changements majeurs dans le syst\u00e8me financier mondial.<\/p>\n\n\n\n<p class=\"wp-block-paragraph\">\u00ab\u00a0Ce continent n&rsquo;\u00e9met que quatre pour cent des \u00e9missions mondiales, mais il subit les pires effets (&#8230;) tels que la chaleur extr\u00eame, les inondations impitoyables et les dizaines de milliers de d\u00e9c\u00e8s dus aux s\u00e9cheresses d\u00e9vastatrices\u00a0\u00bb, a d\u00e9clar\u00e9 le secr\u00e9taire g\u00e9n\u00e9ral de l&rsquo;ONU <strong>Ant\u00f3nio Guterres<\/strong>.<\/p>\n\n\n\n<p class=\"wp-block-paragraph\">Toutefois, une augmentation massive des financements est n\u00e9cessaire pour permettre une croissance verte \u00e0 l&rsquo;\u00e9chelle du continent, qui \u00ab&nbsp;puisse contribuer de mani\u00e8re significative \u00e0 la d\u00e9carbonisation de l&rsquo;\u00e9conomie mondiale&nbsp;\u00bb, a-t-on appris lors du sommet organis\u00e9 par le gouvernement k\u00e9nyan et l&rsquo;Union africaine (UA).<\/p>\n\n\n\n<p class=\"wp-block-paragraph\">La d\u00e9claration de Nairobi a \u00e9t\u00e9 adopt\u00e9e le dernier jour du sommet par plus de 20 pays africains. Ils y demandent des mesures concr\u00e8tes pour des r\u00e9formes donnant lieu \u00e0 une \u00ab&nbsp;nouvelle architecture financi\u00e8re adapt\u00e9e aux besoins de l&rsquo;Afrique&nbsp;\u00bb, comme la restructuration et l&rsquo;annulation de la dette. En outre, le document r\u00e9it\u00e8re l&rsquo;appel aux pays riches \u00e0 respecter l&rsquo;engagement pris lors du sommet COP27 de l&rsquo;ann\u00e9e derni\u00e8re de mobiliser 100 milliards de dollars par an \u2013 pour aider le Sud \u00e0 faire face \u00e0 la crise climatique, et \u00e0 s&rsquo;engager \u00e0 mettre en place des investissements suppl\u00e9mentaires dans les \u00e9nergies propres.<\/p>\n\n\n\n<h2 class=\"wp-block-heading\"><strong>Pour la cheffe de l&rsquo;UE von der Leyen&nbsp;: les fonds publics sont insuffisants<\/strong><\/h2>\n\n\n\n<p class=\"wp-block-paragraph\">Les efforts du sommet pour augmenter les investissements dans les \u00e9nergies renouvelables ont \u00e9t\u00e9 renforc\u00e9s mardi par des promesses de financement d&rsquo;un montant total de 23 milliards de dollars.<\/p>\n\n\n\n<p class=\"wp-block-paragraph\">La pr\u00e9sidente de la Commission europ\u00e9enne, <strong>Ursula von der Leyen<\/strong>, a soulign\u00e9 l&rsquo;importance de mobiliser des capitaux priv\u00e9s \u00e0 grande \u00e9chelle pour l&rsquo;\u00e9conomie africaine. Cela acc\u00e9l\u00e8re la transition vers les \u00e9nergies propres\u00a0: \u00ab\u00a0Nous allons d\u00e9bloquer avec la Banque europ\u00e9enne d&rsquo;investissement et nos \u00c9tats membres un milliard d&rsquo;euros pour r\u00e9duire le risque des investissements priv\u00e9s dans les pays \u00e9mergents\u00a0\u00bb, a-t-elle d\u00e9clar\u00e9 lors du sommet, ajoutant que \u00ab\u00a0les fonds publics ne suffisent pas pour la transition verte\u00a0\u00bb. L&rsquo;objectif europ\u00e9en est de consacrer la moiti\u00e9 du \u00ab\u00a0Global Gateway\u00a0\u00bb, un plan d&rsquo;investissement de 300 milliards d&rsquo;euros, au continent africain.<\/p>\n\n\n\n<p class=\"wp-block-paragraph\">Dans ce cadre, von der Leyen a annonc\u00e9 la conclusion d&rsquo;un accord avec le pr\u00e9sident du Kenya, <strong>William Ruto<\/strong>, afin de promouvoir davantage la technologie de l&rsquo;hydrog\u00e8ne vert.<\/p>\n\n\n\n<blockquote class=\"wp-block-quote is-layout-flow wp-block-quote-is-layout-flow\">\n<p class=\"wp-block-paragraph\">\u00ab\u00a0Avec votre \u00e9norme potentiel en mati\u00e8re d&rsquo;\u00e9nergies renouvelables, vos mati\u00e8res premi\u00e8res essentielles, votre nature et votre biodiversit\u00e9 incroyables et la jeunesse de votre main-d&rsquo;\u0153uvre, vous pouvez contribuer \u00e0 assainir les syst\u00e8mes \u00e9nerg\u00e9tiques et d&rsquo;approvisionnement mondiaux tout en cr\u00e9ant de bons emplois et les opportunit\u00e9s \u00e9conomiques dont votre population a besoin\u00a0\u00bb, <\/p>\n<cite>a ajout\u00e9 von der Leyen.<\/cite><\/blockquote>\n\n\n\n<p class=\"wp-block-paragraph\">La dirigeante europ\u00e9enne a appel\u00e9 les pays africains \u00e0 travailler ensemble et \u00e0 pr\u00e9senter \u00ab\u00a0une proposition pour l&rsquo;introduction d&rsquo;un prix mondial du carbone\u00a0\u00bb lors de la prochaine conf\u00e9rence des Nations unies sur le climat (COP28).\u00a0 Ce sommet se tiendra \u00e0 Duba\u00ef du 30 novembre au 12 d\u00e9cembre 2023.<\/p>\n\n\n\n<figure class=\"wp-block-image size-full\"><img loading=\"lazy\" decoding=\"async\" width=\"1024\" height=\"682\" src=\"https:\/\/europeannewsroom.com\/wp-content\/uploads\/2023\/09\/Ursula-von-der-Leyen_AFP.jpg\" alt=\"\" class=\"wp-image-157935\" srcset=\"https:\/\/europeannewsroom.com\/wp-content\/uploads\/2023\/09\/Ursula-von-der-Leyen_AFP.jpg 1024w, https:\/\/europeannewsroom.com\/wp-content\/uploads\/2023\/09\/Ursula-von-der-Leyen_AFP-980x653.jpg 980w, https:\/\/europeannewsroom.com\/wp-content\/uploads\/2023\/09\/Ursula-von-der-Leyen_AFP-480x320.jpg 480w\" sizes=\"(min-width: 0px) and (max-width: 480px) 480px, (min-width: 481px) and (max-width: 980px) 980px, (min-width: 981px) 1024px, 100vw\" \/><figcaption class=\"wp-element-caption\">La pr\u00e9sidente de la Commission europ\u00e9enne, Ursula von Der Leyen, assiste \u00e0 la s\u00e9ance d&rsquo;ouverture du Sommet africain sur le climat 2023 au Kenyatta International Convention Centre (KICC) \u00e0 Nairobi, le 5 septembre 2023. (Photo by Luis Tato \/ AFP)<\/figcaption><\/figure>\n\n\n\n<h2 class=\"wp-block-heading\"><strong>L&rsquo;Italie et la Slov\u00e9nie s&rsquo;engagent \u00e0 renforcer leur partenariat avec l&rsquo;Afrique<\/strong><\/h2>\n\n\n\n<p class=\"wp-block-paragraph\">La Slov\u00e9nie, qui sera membre non permanent du Conseil de s\u00e9curit\u00e9 des Nations unies en 2024 et 2025, s\u2019est engag\u00e9e \u00e0 hauteur de 4,7 millions d\u2019euros \u00e0 titre d\u2019aide multilat\u00e9rale pour le climat en 2022, en augmentation de 58% par rapport \u00e0 2021. Ce montant correspond \u00e0 une augmentation de 58&nbsp;% de l&rsquo;aide bilat\u00e9rale par rapport \u00e0 2021. Selon le minist\u00e8re slov\u00e8ne des Affaires \u00e9trang\u00e8res, un partenariat fort avec l&rsquo;Afrique devrait \u00eatre l&rsquo;une des principales priorit\u00e9s de la politique \u00e9trang\u00e8re de l&rsquo;UE, a-t-on appris mercredi.<\/p>\n\n\n\n<p class=\"wp-block-paragraph\">Parall\u00e8lement, l&rsquo;Italie a pr\u00e9sent\u00e9 lors du sommet l&rsquo;initiative mondiale \u00e0 long terme Youth4Climate. Cette communaut\u00e9 d&rsquo;action, dirig\u00e9e conjointement par l&rsquo;Italie et d&rsquo;autres partenaires, dont le Programme des Nations unies pour le d\u00e9veloppement (PNUD), mise sur une plus grande participation des jeunes. \u00ab\u00a0La pr\u00e9sence de l&rsquo;Italie \u00e0 Nairobi est d&rsquo;une grande importance strat\u00e9gique et nous r\u00e9affirmons le r\u00f4le central que joue l&rsquo;Afrique dans la politique \u00e9trang\u00e8re italienne. La proximit\u00e9 g\u00e9ographique et les liens historiques, \u00e9conomiques et culturels lient l&rsquo;Italie au continent africain\u00a0\u00bb, a d\u00e9clar\u00e9 le secr\u00e9taire d&rsquo;\u00c9tat <strong>Claudio Barbaro<\/strong> du minist\u00e8re italien de l&rsquo;environnement et de la s\u00e9curit\u00e9 \u00e9nerg\u00e9tique (Mase). Il \u00e9tait \u00e0 la t\u00eate de la d\u00e9l\u00e9gation italienne au sommet sur le climat de Nairobi. Le pays a approuv\u00e9 des projets multilat\u00e9raux et bilat\u00e9raux d&rsquo;une valeur de plus de 120 millions d&rsquo;euros.<\/p>\n\n\n\n<h2 class=\"wp-block-heading\"><strong>&nbsp;R\u00e9vision g\u00e9n\u00e9rale du financement mondial<\/strong><\/h2>\n\n\n\n<p class=\"wp-block-paragraph\">Les pays africains, confront\u00e9s \u00e0 l&rsquo;augmentation du co\u00fbt de la dette et au manque de ressources financi\u00e8res, ont appel\u00e9 \u00e0 une r\u00e9vision g\u00e9n\u00e9rale de l&rsquo;architecture financi\u00e8re mondiale. Cette situation renforce la pression qui p\u00e8se d\u00e9j\u00e0 sur le Fonds mon\u00e9taire international (FMI) et la Banque mondiale pour qu&rsquo;ils lib\u00e8rent les investissements et le financement climatique.<\/p>\n\n\n\n<p class=\"wp-block-paragraph\">M. Ruto a d\u00e9clar\u00e9 qu&rsquo;il \u00e9tait temps de r\u00e9viser les syst\u00e8mes financiers mondiaux qui \u00ab&nbsp;p\u00e9nalisent constamment les pays africains&nbsp;\u00bb. \u00ab&nbsp;Nous demandons des conditions \u00e9quitables pour nos pays afin qu&rsquo;ils aient acc\u00e8s aux investissements dont ils ont besoin pour exploiter leur potentiel et concr\u00e9tiser les opportunit\u00e9s&nbsp;\u00bb, a-t-il d\u00e9clar\u00e9.<\/p>\n\n\n\n<p class=\"wp-block-paragraph\">Malgr\u00e9 la richesse de ses ressources naturelles, seuls trois pour cent des investissements \u00e9nerg\u00e9tiques mondiaux sont r\u00e9alis\u00e9s en Afrique. La d\u00e9claration finale indique que le continent aura besoin de \u00ab&nbsp;multiplier par dix les capitaux financiers investis dans les \u00e9nergies renouvelables&nbsp;\u00bb au cours des sept prochaines ann\u00e9es. Ce montant de l&rsquo;ordre de 600 milliards de dollars vise \u00e0 atteindre l&rsquo;objectif de faire passer les \u00e9nergies renouvelables de 56 gigawatts (GW) en 2022 \u00e0 au moins 300 GW d&rsquo;ici 2030.<\/p>\n\n\n\n<p class=\"wp-block-paragraph\">Mardi, les \u00c9mirats arabes unis (EAU) ont promis 4,5 milliards de dollars d&rsquo;investissements dans les \u00e9nergies propres en Afrique \u2013 la plus grande promesse jamais faite dans ce contexte. Le pr\u00e9sident de la COP28 et directeur p\u00e9trolier des EAU, <strong>Sultan Al Jaber<\/strong>, a d\u00e9clar\u00e9 que ces fonds permettraient de \u00ab\u00a0lancer un pipeline de projets d&rsquo;\u00e9nergie propre bancables sur ce continent tr\u00e8s important\u00a0\u00bb.<\/p>\n\n\n\n<h2 class=\"wp-block-heading\"><strong>Un continent repr\u00e9sentant des \u00ab&nbsp;opportunit\u00e9s de plusieurs millions de euros&nbsp;\u00bb<\/strong><strong><\/strong><\/h2>\n\n\n\n<p class=\"wp-block-paragraph\">Le sommet doit mettre en \u00e9vidence les \u00ab\u00a0opportunit\u00e9s se chiffrant \u00e0 plusieurs millions d&rsquo;euros\u00a0\u00bb que l&rsquo;Afrique peut tirer de sa participation \u00e0 l&rsquo;action climatique mondiale, a d\u00e9clar\u00e9 <strong>M. Ruto<\/strong>. \u00ab\u00a0La nouvelle Afrique est l\u00e0, et elle est s\u00e9rieuse\u00a0\u00bb, a-t-il d\u00e9clar\u00e9.<\/p>\n\n\n\n<p class=\"wp-block-paragraph\">Le continent dispose de ressources essentielles pour le d\u00e9veloppement des \u00e9nergies renouvelables&nbsp;: notamment 40 pour cent des r\u00e9serves mondiales de cobalt, de mangan\u00e8se et de platine et 60 pour cent des meilleures ressources solaires du monde.<\/p>\n\n\n\n<p class=\"wp-block-paragraph\">\u00ab&nbsp;L&rsquo;Afrique a \u00e0 la fois le potentiel et l&rsquo;ambition d&rsquo;\u00eatre un \u00e9l\u00e9ment essentiel de la solution mondiale au changement climatique&nbsp;\u00bb, indique la d\u00e9claration finale de la r\u00e9union au nom de l&rsquo;Union africaine (UA).<\/p>\n\n\n\n<p class=\"wp-block-paragraph\">La d\u00e9claration ne contient pas seulement des appels \u00e0 la communaut\u00e9 internationale pour \u00ab&nbsp;r\u00e9duire les \u00e9missions&nbsp;\u00bb, mais aussi une liste de demandes g\u00e9n\u00e9rales des gouvernements africains, telles que le d\u00e9veloppement de politiques et d&rsquo;incitations visant \u00e0 \u00ab&nbsp;attirer les investissements locaux, mondiaux et r\u00e9gionaux&nbsp;\u00bb.<\/p>\n\n\n\n<p class=\"wp-block-paragraph\">La difficult\u00e9 est de parvenir \u00e0 un consensus en Afrique, un continent diversifi\u00e9 de 1,4 milliard d&rsquo;habitants. Certains gouvernements s&rsquo;engagent pour un avenir bas\u00e9 sur les \u00e9nergies renouvelables, tandis que d&rsquo;autres d\u00e9fendent leurs r\u00e9serves de combustibles fossiles. Les chefs d&rsquo;\u00c9tat et de gouvernement ont toutefois \u00ab\u00a0adopt\u00e9 la d\u00e9claration \u00e0 l&rsquo;unanimit\u00e9\u00a0\u00bb, a d\u00e9clar\u00e9 le chef de la Commission de l&rsquo;UA, <strong>Moussa Faki Mahamat<\/strong>.<\/p>\n\n\n\n<p class=\"wp-block-paragraph\">Avec la d\u00e9claration de Nairobi, l&rsquo;Afrique entend s&rsquo;exprimer d&rsquo;une seule voix \u00e0 la veille de diff\u00e9rents forums tels que le sommet sur le climat COP28 \u00e0 Duba\u00ef ou l&rsquo;Assembl\u00e9e g\u00e9n\u00e9rale des Nations unies.<\/p>\n\n\n\n<p class=\"wp-block-paragraph\"><\/p>\n\n\n\n<p class=\"wp-block-paragraph\"><em>Cet article est publi\u00e9 hebdomadaire. Le contenu est bas\u00e9 sur des nouvelles des agences participantes au sein de la enr.<\/em><\/p>\n","protected":false},"excerpt":{"rendered":"<p>Plus d&rsquo;investissements et moins de dettes, au nom du climat : ces demandes ont \u00e9t\u00e9 adress\u00e9es aux pays riches lors du premier sommet africain sur le climat tenu au Kenya. Le continent est de plus en plus expos\u00e9 aux effets croissants du changement climatique. Mais l&rsquo;Afrique n&rsquo;est pas une victime, ont soulign\u00e9 les chefs d&rsquo;\u00c9tat. Longtemps ignor\u00e9e, elle doit au contraire \u00eatre un alli\u00e9 dans la lutte contre le r\u00e9chauffement climatique.<\/p>\n","protected":false},"author":119,"featured_media":157919,"comment_status":"closed","ping_status":"closed","sticky":false,"template":"","format":"standard","meta":{"_acf_changed":false,"_et_pb_use_builder":"","_et_pb_old_content":"","_et_gb_content_width":"","footnotes":""},"categories":[39],"tags":[11270,1903],"class_list":["post-158027","post","type-post","status-publish","format-standard","has-post-thumbnail","hentry","category-key-story","tag-afrique","tag-climat"],"acf":[],"_links":{"self":[{"href":"https:\/\/europeannewsroom.com\/fr\/wp-json\/wp\/v2\/posts\/158027","targetHints":{"allow":["GET"]}}],"collection":[{"href":"https:\/\/europeannewsroom.com\/fr\/wp-json\/wp\/v2\/posts"}],"about":[{"href":"https:\/\/europeannewsroom.com\/fr\/wp-json\/wp\/v2\/types\/post"}],"author":[{"embeddable":true,"href":"https:\/\/europeannewsroom.com\/fr\/wp-json\/wp\/v2\/users\/119"}],"replies":[{"embeddable":true,"href":"https:\/\/europeannewsroom.com\/fr\/wp-json\/wp\/v2\/comments?post=158027"}],"version-history":[{"count":0,"href":"https:\/\/europeannewsroom.com\/fr\/wp-json\/wp\/v2\/posts\/158027\/revisions"}],"wp:featuredmedia":[{"embeddable":true,"href":"https:\/\/europeannewsroom.com\/fr\/wp-json\/wp\/v2\/media\/157919"}],"wp:attachment":[{"href":"https:\/\/europeannewsroom.com\/fr\/wp-json\/wp\/v2\/media?parent=158027"}],"wp:term":[{"taxonomy":"category","embeddable":true,"href":"https:\/\/europeannewsroom.com\/fr\/wp-json\/wp\/v2\/categories?post=158027"},{"taxonomy":"post_tag","embeddable":true,"href":"https:\/\/europeannewsroom.com\/fr\/wp-json\/wp\/v2\/tags?post=158027"}],"curies":[{"name":"wp","href":"https:\/\/api.w.org\/{rel}","templated":true}]}}