{"id":158681,"date":"2023-09-19T08:52:56","date_gmt":"2023-09-19T06:52:56","guid":{"rendered":"https:\/\/europeannewsroom.dpa.com\/?p=158681"},"modified":"2023-09-19T08:53:04","modified_gmt":"2023-09-19T06:53:04","slug":"lue-nenvisage-pas-dinterdire-le-papier-toilette","status":"publish","type":"post","link":"https:\/\/europeannewsroom.com\/fr\/lue-nenvisage-pas-dinterdire-le-papier-toilette\/","title":{"rendered":"L\u2019UE n\u2019envisage pas d\u2019interdire le papier toilette"},"content":{"rendered":"\n<pre class=\"wp-block-preformatted\">Alors que les partis politiques polonais commen\u00e7aient \u00e0 faire campagne avant les \u00e9lections l\u00e9gislatives du <a href=\"https:\/\/www.prezydent.pl\/aktualnosci\/wydarzenia\/wybory-parlamentarne-odbeda-sie-15-pazdziernika-2023-r,73017\">15 octobre prochain<\/a>, les projets environnementaux de l'UE sont devenus un sujet de critiques et de d\u00e9bats. Le parti d'extr\u00eame droite Conf\u00e9d\u00e9ration a ins\u00e9r\u00e9 dans son programme un appel \u00e0 \"<a href=\"https:\/\/perma.cc\/C24A-FRVY\">arr\u00eater les \u00e9co-fous de l'UE<\/a>\", tandis que le parti au pouvoir Droit et Justice (PiS) accusait l'UE de <a href=\"https:\/\/www.politico.eu\/article\/mushroom-cloud-poland-election-campaign-jaroslaw-kaczynski-forest-management\/\">dicter \u00e0 la Pologne la gestion de ses for\u00eats<\/a>.<\/pre>\n\n\n\n<pre class=\"wp-block-preformatted\">L\u2019UE et ses pr\u00e9tendues tentatives de contr\u00f4le de la vie quotidienne des citoyens sont un sujet fr\u00e9quent de d\u00e9sinformation. L'AFP a d\u00e9j\u00e0 d\u00e9menti des fausses all\u00e9gations selon lesquelles Bruxelles aurait<a href=\"https:\/\/europeannewsroom.com\/misinformation-swirls-over-eu-edible-insects\/\"> un projet clandestin visant \u00e0 faire manger des insectes<\/a> aux gens ainsi que des fausses informations concernant la pr\u00e9sidente de la Commission europ\u00e9enne, Ursula von der Leyen (ici).<\/pre>\n\n\n\n<pre class=\"wp-block-preformatted\">Cette fois, des all\u00e9gations infond\u00e9es concernant un projet visant \u00e0 \u00ab interdire \u00bb le papier toilette sont apparues dans les m\u00e9dias traditionnels ainsi que sur les r\u00e9seaux sociaux.<\/pre>\n\n\n\n<pre class=\"wp-block-preformatted\">\"Commen\u00e7ons par une nouvelle id\u00e9e absurde des responsables de l'Union europ\u00e9enne, expliqu\u00e9e par la lutte contre le changement climatique. Eh bien -- ce n'est malheureusement pas une blague -- Bruxelles veut interdire l'utilisation du papier toilette. Premi\u00e8rement, il serait remplac\u00e9 par un substitut, en paille, et finalement compl\u00e8tement supprim\u00e9\", a d\u00e9clar\u00e9 le 16 ao\u00fbt 2023 une pr\u00e9sentatrice de <a href=\"https:\/\/perma.cc\/GL49-5NVZ?type=image\">TVP3 Opole<\/a> en annon\u00e7ant un reportage \u00e0 venir sur la pr\u00e9tendue interdiction. La publication Facebook de la cha\u00eene pr\u00e9sentant un clip vid\u00e9o de la nouvelle a \u00e9t\u00e9 vue plus de 300 000 fois et a suscit\u00e9 plus de 2 400 commentaires. La plupart des commentaires \u00e9taient hostiles \u00e0 l\u2019UE. Tels \u00ab Il est temps de quitter l'Union. R\u00e9f\u00e9rendum \u00bb ou \u00ab La Pologne hors de l'UE \u00bb.\n\n<\/pre>\n\n\n\n<figure class=\"wp-block-image aligncenter is-resized\"><img loading=\"lazy\" decoding=\"async\" src=\"https:\/\/sprawdzam.afp.com\/sites\/default\/files\/styles\/list_xs\/public\/medias\/factchecking\/g2\/2023-09\/51bd5274061dea8eb33e13d986a11e42.jpeg?itok=X0o8AP3h\" alt=\"\" width=\"461\" height=\"427\"\/><figcaption class=\"wp-element-caption\"><em>Screenshot taken on Facebook on August 22, 2023<\/em><\/figcaption><\/figure>\n\n\n\n<pre class=\"wp-block-preformatted\">Le reportage a \u00e9t\u00e9 montr\u00e9 dans le cadre d'un <a href=\"https:\/\/perma.cc\/LTH6-35NS\">programme d'information plus long, Kurier Opolski<\/a>, diffus\u00e9 le m\u00eame jour (\u00e0 1 min 08 s) par TVP3 Opole, une \u00e9manation r\u00e9gionale de la t\u00e9l\u00e9vision publique polonaise TVP. Nous n'en avons pas retrouv\u00e9 trace dans l'\u00e9dition nationale de la TVP.<\/pre>\n\n\n\n<pre class=\"wp-block-preformatted\">Le reportage de TVP3 Opole cite les \"m\u00e9dias europ\u00e9ens\" qui sp\u00e9culent sur une \u00e9ventuelle interdiction du papier toilette et sur son substitut \u00e0 base de baille. Dans un micro-troittoir on demande aux Polonais ce qu'ils pensent du projet de l'UE. Le reportage met \u00e9galement en question la logique d\u2019une pr\u00e9tendue initiative de l\u2019UE visant \u00e0 remplacer le papier toilette par les bidets.<\/pre>\n\n\n\n<pre class=\"wp-block-preformatted\">Contact\u00e9 par l'AFP, le directeur de TVP3 Opole a r\u00e9pondu dans un mail du 7 septembre que sa station \"ne fait aucun commentaire sur cette affaire\".<\/pre>\n\n\n\n<pre class=\"wp-block-preformatted\">Des suggestions trompeuses selon lesquelles l'UE souhaite interdire le papier toilette ou le remplacer par du papier \u00e0 base de paille et les bidets sont apparues dans de nombreux autres articles, par exemple <a href=\"https:\/\/perma.cc\/MF3G-THFB\">ici<\/a>, <a href=\"https:\/\/archive.ph\/RIg38\">ici<\/a>, <a href=\"https:\/\/perma.cc\/U2LM-ZLCY\">ici<\/a> et <a href=\"https:\/\/perma.cc\/VJK5-PB96\">ici<\/a>.<\/pre>\n\n\n\n<pre class=\"wp-block-preformatted\">De nombreux utilisateurs polonais des r\u00e9seaux sociaux ont partag\u00e9 ces affirmations sur Twitter (<a href=\"https:\/\/perma.cc\/HM8N-QT99?type=image\">ici<\/a> et <a href=\"https:\/\/web.archive.org\/web\/20230907135554\/https:\/\/twitter.com\/Slawomir_Ozdyk\/status\/1689359590838644736\">ici<\/a>) et Facebook (<a href=\"https:\/\/perma.cc\/GAN3-JLVM\">ici<\/a> et <a href=\"https:\/\/perma.cc\/XJ9Q-6W57\">ici<\/a>). Certaines affirmations font r\u00e9f\u00e9rence aux m\u00e9dias espagnols comme \u00e9tant la source de l'information.\n<\/pre>\n\n\n\n<figure class=\"wp-block-image aligncenter is-resized\"><img loading=\"lazy\" decoding=\"async\" src=\"https:\/\/sprawdzam.afp.com\/sites\/default\/files\/styles\/list_xs\/public\/medias\/factchecking\/g2\/2023-09\/06185e3163267686778a1e40398b3d97.jpeg?itok=gal98xV0\" alt=\"\" width=\"468\" height=\"635\"\/><figcaption class=\"wp-element-caption\"><em>Screenshot taken on Facebook on August 24, 2023<\/em><\/figcaption><\/figure>\n\n\n\n<pre class=\"wp-block-preformatted\">Des textes publi\u00e9s en slovaque le sugg\u00e9raient \u00e9galement (<a href=\"https:\/\/perma.cc\/7WZE-NPEK\">ici<\/a>, <a href=\"https:\/\/perma.cc\/DW7K-GU7Z\">ici<\/a>), citant \u00e0 nouveau les m\u00e9dias espagnols.\n<\/pre>\n\n\n\n<h2 class=\"wp-block-heading has-text-align-center\">Source des all\u00e9gations ?<\/h2>\n\n\n\n<pre class=\"wp-block-preformatted\">En recherchant des articles dans diff\u00e9rentes langues sur \u00ab l'interdiction \u00bb du papier toilette, nous avons trouv\u00e9 ce qui semblait \u00eatre un article satirique en roumain de la <a href=\"https:\/\/perma.cc\/7N4L-JWZE\">soci\u00e9t\u00e9 de m\u00e9dias Mediafax<\/a> publi\u00e9 le 1er avril 2023, jour du poisson d'avril. Il pr\u00e9sente la date en gros caract\u00e8res en haut de l'article et utilise des citations frauduleuses de personnalit\u00e9s de premier plan, dont notamment d\u2019Ursula von der Leyen, qui aurait d\u00e9clar\u00e9 que le papier toilette serait interdit dans toute l'UE et que des \u00ab toilettes japonaises \u00bb seraient introduites.<\/pre>\n\n\n\n<pre class=\"wp-block-preformatted\">Quelques mois plus tard, des all\u00e9gations apparemment s\u00e9rieuses ont commenc\u00e9 \u00e0 circuler en polonais, selon lesquelles l'UE promouvait le papier toilette fabriqu\u00e9 \u00e0 base de paille et qu'un \"abandon complet du papier toilette n'\u00e9tait pas exclu\". Ces affirmations (par exemple <a href=\"https:\/\/perma.cc\/LP9H-LQGY\">ici<\/a>, <a href=\"https:\/\/archive.ph\/ZPJs7\">ici<\/a> et <a href=\"https:\/\/perma.cc\/A62Y-3S7N\">ici<\/a>) ont \u00e9t\u00e9 publi\u00e9es le 9 ao\u00fbt citant une d\u00e9p\u00eache du correspondant de l'agence de presse polonaise (PAP) en Espagne. L'AFP a obtenu copie d\u2019une d\u00e9p\u00eache de la PAP publi\u00e9e le 9 ao\u00fbt et intitul\u00e9e \"Espagne\/M\u00e9dias : Bruxelles promeut le papier toilette en paille pour lutter contre la crise climatique\". Elle cite un article d'El Economista, un journal \u00e9conomique espagnol fond\u00e9 en 2006 par le journal conservateur El Mundo.<\/pre>\n\n\n\n<pre class=\"wp-block-preformatted\">Cependant, m\u00eame si l'article d'El Economista et la d\u00e9p\u00eache de la PAP \u00e9mettent l'hypoth\u00e8se que les jours du papier toilette traditionnel pourraient \u00eatre compt\u00e9s et font r\u00e9f\u00e9rence \u00e0 des alternatives telles que le papier \u00e0 base de paille ou les bidets, ils ne disent rien sur une interdiction europ\u00e9enne.<\/pre>\n\n\n\n<pre class=\"wp-block-preformatted\">Le texte de la PAP semble faire r\u00e9f\u00e9rence \u00e0 une information d'<a href=\"https:\/\/perma.cc\/4ME3-E2MZ?type=image\">El Economista du 29 juillet<\/a> qui n'est pas sign\u00e9e et fournit tr\u00e8s peu de contexte pour \u00e9tayer ses d\u00e9clarations. Il s\u2019agit plut\u00f4t d\u2019un article promotionnel vantant les vertus d\u2019un bidet produit par une entreprise \u00e9quatorienne. L'article comprend un <a href=\"https:\/\/perma.cc\/VFG2-C8QT?type=image\">tweet<\/a> de l'entreprise faisant la promotion de ses services.<\/pre>\n\n\n\n<pre class=\"wp-block-preformatted\">La seule r\u00e9f\u00e9rence \u00e0 l'UE appara\u00eet \u00e0 la fin de l\u2019article d'El Economista, avec la mention d'un article d'un autre site espagnol, <a href=\"https:\/\/perma.cc\/9ZT6-NR52\">Libre Mercado<\/a>, sur une pr\u00e9tendue initiative de l'UE en faveur du papier toilette \u00e0 base de paille.<\/pre>\n\n\n\n<pre class=\"wp-block-preformatted\">L'article du Libre Mercado ne fait pas non plus mention d'une quelconque \u00ab interdiction \u00bb du papier toilette, bien qu'il pr\u00e9tende de mani\u00e8re trompeuse que l'UE \u00ab fait pression \u00bb pour l'introduction du papier toilette en paille.<\/pre>\n\n\n\n<pre class=\"wp-block-preformatted\">M\u00eame si les fabricants du papier toilette en paille ont re\u00e7u des financements des banques europ\u00e9ennes pour investir dans des projets de d\u00e9veloppement durable, l'UE ne propose pas qu'il remplace d'autres types de papier.<\/pre>\n\n\n\n<h2 class=\"wp-block-heading has-text-align-center\">L&rsquo;UE n&rsquo;a \u00ab\u00a0pas l&rsquo;intention d&rsquo;interdire le papier toilette\u00a0\u00bb<\/h2>\n\n\n\n<pre class=\"wp-block-preformatted\">Interrog\u00e9 sur ces affirmations, un porte-parole de la Commission europ\u00e9enne a d\u00e9clar\u00e9 \u00e0 l'AFP : \"L'Union europ\u00e9enne n'a pas l'intention d'interdire le papier toilette. Et il n'existe aucune proposition, ni actuelle ni en pr\u00e9paration, pour l'interdire \u00e0 l'avenir\".<\/pre>\n\n\n\n<pre class=\"wp-block-preformatted\">Le porte-parole a ajout\u00e9 que m\u00eame si la l\u00e9gislation europ\u00e9enne impose aux producteurs de papier toilette des exigences pour prot\u00e9ger l'environnement en garantissant que leurs produits n'utilisent pas de mat\u00e9riaux provenant de zones de d\u00e9forestation, cela n'\u00e9quivaut pas \u00e0 une interdiction.<\/pre>\n\n\n\n<pre class=\"wp-block-preformatted\">\"Le papier toilette entre effectivement dans le champ d'application du r\u00e8glement sur la d\u00e9forestation. Les produits et leurs mati\u00e8res premi\u00e8res peuvent \u00eatre mis sur le march\u00e9 de l'UE et export\u00e9s depuis celui-ci uniquement s'ils sont produits l\u00e9galement et proviennent de zones sans d\u00e9forestation\", a d\u00e9clar\u00e9 le porte-parole dans un courriel le 24 ao\u00fbt.<\/pre>\n\n\n\n<pre class=\"wp-block-preformatted\">Le <a href=\"https:\/\/eur-lex.europa.eu\/legal-content\/FR\/TXT\/HTML\/?uri=CELEX:32023R1115\">r\u00e8glement<\/a> de l'UE sur la d\u00e9forestation stipule que la consommation de bois et d'autres produits tels que l'huile de palme, le soja, le cacao, le caf\u00e9, le b\u00e9tail et le caoutchouc conduit \u00e0 \u00ab une d\u00e9forestation et une d\u00e9gradation des for\u00eats \u00e0 l'\u00e9chelle mondiale \u00bb. Le papier toilette est fabriqu\u00e9 le plus souvent \u00e0 partir de p\u00e2te de bois.<\/pre>\n\n\n\n<pre class=\"wp-block-preformatted\">L'article 3 de la l\u00e9gislation stipule que tous ces produits ne doivent pas \u00eatre \u00ab&nbsp;mis sur le march\u00e9, ni mis \u00e0 disposition sur le march\u00e9, ni export\u00e9s, sauf s\u2019ils sont \u00abz\u00e9ro d\u00e9forestation\u00bb et s\u2019ils ont \u00e9t\u00e9 produits conform\u00e9ment \u00e0 la l\u00e9gislation pertinente du pays de production&nbsp;\u00bb. <\/pre>\n\n\n\n<pre class=\"wp-block-preformatted\">La l\u00e9gislation ne propose pas d'interdire le papier toilette fabriqu\u00e9 \u00e0 partir de p\u00e2te de bois, ni le papier toilette en g\u00e9n\u00e9ral.<\/pre>\n\n\n\n<pre class=\"wp-block-preformatted\">L'AFP n'a trouv\u00e9 aucune r\u00e9f\u00e9rence \u00e0 une \"interdiction\" de tout type de papier toilette sur le site Internet de <a href=\"https:\/\/european-union.europa.eu\/select-language?destination=\/node\/1\">l'UE<\/a>, ni aucune annonce publique d'un tel projet.<\/pre>\n\n\n\n<h2 class=\"wp-block-heading\">Pas de projet pour le papier toilette \u00e0 base de paille dans l&rsquo;UE<\/h2>\n\n\n\n<pre class=\"wp-block-preformatted\">M\u00eame si la Banque europ\u00e9enne d'investissement (BEI), l'organisme de pr\u00eat de l'UE, et d'autres institutions financi\u00e8res en Europe ont financ\u00e9 une entreprise qui d\u00e9veloppe le papier toilette plus respectueux de l'environnement, ce n'est l\u00e0 qu'un des nombreux projets d'\u00e9conomie circulaire qui ont re\u00e7u un tel soutien. Contrairement \u00e0 de nombreuses all\u00e9gations sur les r\u00e9seaux sociaux, Bruxelles n'a pas propos\u00e9 d'interdire l'utilisation d'autres types de papier toilette.<\/pre>\n\n\n\n<pre class=\"wp-block-preformatted\">Le groupe su\u00e9dois Essity produit du papier toilette \u00e0 base de paille dans l'une de ses usines de Mannheim, en Allemagne, comme il l'a <a href=\"https:\/\/www.essity.com\/media\/press-release\/essity-invests-in-sustainable-alternative-fiber-technology\/21e1f75622ad642b\/\">annonc\u00e9<\/a> en 2019.<\/pre>\n\n\n\n<pre class=\"wp-block-preformatted\">Dans un communiqu\u00e9 de presse de la <a href=\"https:\/\/www.eib.org\/en\/press\/all\/2023-292-the-joint-initiative-on-circular-economy-jice-reaches-eur8-9-billion-and-continues-its-efforts\">BEI<\/a> (<a href=\"https:\/\/perma.cc\/EV2K-ZSAC\">lien archiv\u00e9<\/a>) de juillet 2023, Essity figure parmi les entreprises ayant re\u00e7u le soutien d'un groupe de banques et d'institutions dans le cadre de l'Initiative conjointe sur l'\u00e9conomie circulaire (JICE), \u00e0 laquelle la BEI participe \u00e9galement.<\/pre>\n\n\n\n<pre class=\"wp-block-preformatted\">Selon la BEI et Essity, le financement JICE du projet d'Essity visant \u00e0 produire du papier toilette \u00e0 base de paille dans une usine de Mannheim provenait de la banque allemande KfW, responsable de l'initiative, comme on peut le lire <a href=\"https:\/\/www.ikb-blog.de\/roger-schiliing-werksleiter-mannheim-von-essity-ueber-toilettenpapier-aus-stroh\/\">ici<\/a>. <\/pre>\n\n\n\n<p class=\"wp-block-paragraph\">Par ailleurs, la BEI a annonc\u00e9 en d\u00e9cembre 2021 un<a href=\"https:\/\/www.eib.org\/en\/press\/all\/2021-443-eib-backs-essity-s-rdi-in-comfort-and-sustainability-of-hygiene-and-health-products\"> pr\u00eat de 300 millions d&rsquo;euros<\/a> \u00e0 Essity pour \u00ab la recherche, le d\u00e9veloppement et l&rsquo;innovation \u00bb.<\/p>\n\n\n\n<p class=\"wp-block-paragraph\">La porte-parole de la BEI, Vanessa Paul, a d\u00e9clar\u00e9 \u00e0 l&rsquo;AFP que le pr\u00eat de 300 millions d&rsquo;euros \u00e9tait destin\u00e9 \u00e0 environ 115 projets de recherche, de d\u00e9veloppement et d&rsquo;innovation, dont aucun n&rsquo;\u00e9tait li\u00e9 \u00e0 une quelconque interdiction du papier toilette.<\/p>\n\n\n\n<p class=\"wp-block-paragraph\">Essity a annonc\u00e9 dans <a href=\"https:\/\/perma.cc\/TM5C-T7HL?type=image\">un communiqu\u00e9<\/a> un pr\u00eat de 300 millions d&rsquo;euros pour soutenir \u00ab\u00a0des produits innovants et des investissements dans le d\u00e9veloppement durable dans tous les domaines d&rsquo;activit\u00e9 et segments de produits jusqu&rsquo;en 2024\u00a0\u00bb.<\/p>\n\n\n\n<pre class=\"wp-block-preformatted\">Le porte-parole d'Essity, Karl Stoltz, a d\u00e9clar\u00e9 \u00e0 l'AFP dans un courriel le 1er septembre qu'une partie du financement avait \u00e9t\u00e9 utilis\u00e9e pour d\u00e9velopper la production de produits en papier \u00e0 base de paille ou de fibres alternatives.\n<\/pre>\n\n\n\n<h2 class=\"wp-block-heading has-text-align-center\">La participation aux projets de papier durable reste volontaire<\/h2>\n\n\n\n<pre class=\"wp-block-preformatted\">L'association europ\u00e9enne repr\u00e9sentant l'industrie papeti\u00e8re (<a href=\"https:\/\/www.cepi.org\/about-cepi\/organisation\/\">CEPI<\/a>) a indiqu\u00e9 \u00e0 l'AFP qu'elle n'\u00e9tait \"au courant d'aucune interdiction ni projet d'interdiction ou d'\u00e9limination progressive du papier toilette\".<\/pre>\n\n\n\n<pre class=\"wp-block-preformatted\">\"Aucune des lois d\u00e9j\u00e0 approuv\u00e9es ou en cours d'approbation dans le cadre du 'Green Deal' (Fit-for-55, r\u00e8glement europ\u00e9en sur la d\u00e9forestation, etc.) ne contient une telle politique\", a d\u00e9clar\u00e9 \u00e0 l'AFP Margherita Miceli, responsable de la politique foresti\u00e8re du CEPI dans un e-mail du 23 ao\u00fbt.\n\n\u00ab En effet, le projet mentionn\u00e9 dans le communiqu\u00e9 de presse de la BEI vise \u00e0 encourager les projets d'\u00e9conomie circulaire incluant l'utilisation de sous-produits et de r\u00e9sidus comme mati\u00e8res premi\u00e8res, mais la participation \u00e0 de tels projets est volontaire \u00bb, a-t-elle d\u00e9clar\u00e9.\n\n<strong>Maja CZARNECKA<\/strong>\n<a href=\"https:\/\/sprawdzam.afp.com\/maja-czarnecka\">All articles<\/a>\n\n<strong>AFP Polska<\/strong>\n<a href=\"https:\/\/sprawdzam.afp.com\/afp-pologne\">All articles<\/a>\n\nVous avez un doute sur l'authenticit\u00e9 d'une info, d'une citation ou d'une image ?\nContactez-nous sur WhatsApp !\n<a href=\"https:\/\/api.whatsapp.com\/send?phone=33647087046&amp;text=&amp;source=&amp;data=\"> WhatsApp<\/a>\n\nSuivez-nous\n\n<a href=\"https:\/\/factuel.afp.com\/\">Accueil<\/a>\n<a href=\"https:\/\/factuel.afp.com\/propos\">A propos<\/a>\n<a href=\"https:\/\/factuel.afp.com\/comment-nous-travaillons\">Comment nous travaillons<\/a>\n<a href=\"https:\/\/factuel.afp.com\/regles-editoriales-et-ethiques\">R\u00e8gles \u00e9ditoriales et \u00e9thiques<\/a>\n<a href=\"https:\/\/factuel.afp.com\/notre-equipe\">Notre \u00e9quipe<\/a>\n<a href=\"https:\/\/factuel.afp.com\/manuel-du-fact-checking-lafp\">Manuel du fact-checking<\/a>\n<a href=\"https:\/\/fr.digitalcourses.afp.com\/\">Formations<\/a>\n<a href=\"https:\/\/factuel.afp.com\/objectif-desinfox-2022\">Objectif Desinfox<\/a>\n<a href=\"https:\/\/factuel.afp.com\/contact\">Contact<\/a>\n<a href=\"https:\/\/factuel.afp.com\/corrections\">Corrections<\/a>\n<a href=\"https:\/\/www.afp.com\/fr\/produits-services\/afp-fact-check?utm_source=AFP_Factuel&amp;utm_medium=referral&amp;utm_campaign=ALL-PDT-202212-Factcheck&amp;utm_content=Menu\">Abonnement pour les pros<\/a>\n<a href=\"https:\/\/www.afp.com\/fr\/mentions-legales\">Mentions l\u00e9gales<\/a>\n\nCopyright \u00a9 AFP 2017-2023. Tous droits r\u00e9serv\u00e9s. Les visiteurs peuvent acc\u00e9der \u00e0 ce site, le consulter et utiliser les fonctionnalit\u00e9s de partage propos\u00e9es pour un usage personnel. Sous cette seule r\u00e9serve, toute reproduction, communication au public, distribution de tout ou partie du contenu de ce site, par quelque moyen et \u00e0 quelque fin que ce soit, sans licence sp\u00e9cifique sign\u00e9e avec l\u2019AFP, est interdite. Les \u00e9l\u00e9ments analys\u00e9s dans le cadre de chaque factuel sont pr\u00e9sent\u00e9s ou font l\u2019objet de liens dans la mesure n\u00e9cessaire \u00e0 la bonne compr\u00e9hension de la v\u00e9rification de l\u2019information concern\u00e9e. L\u2019AFP ne d\u00e9tient pas de licence les concernant et d\u00e9cline toute responsabilit\u00e9 \u00e0 leur \u00e9gard. AFP et son logo sont des marques d\u00e9pos\u00e9es.\n\n\n\n\n\n\n\n\n<\/pre>\n","protected":false},"excerpt":{"rendered":"<p>L&rsquo;Union europ\u00e9enne prend des mesures pour encourager la production de papier selon les principes du d\u00e9veloppement durable, mais elle ne propose pas d&rsquo;interdire le papier toilette. Des fausses all\u00e9gations ont circul\u00e9 en polonais en ao\u00fbt 2023 selon lesquelles l&rsquo;UE envisageait d&rsquo;\u00e9liminer progressivement le papier toilette, d&rsquo;abord en le rempla\u00e7ant par un produit \u00e0 base de paille, puis en l&rsquo;interdisant compl\u00e8tement. Un porte-parole de la Commission europ\u00e9enne a toutefois confirm\u00e9 \u00e0 l&rsquo;AFP que l&rsquo;UE n&rsquo;avait \u00ab\u00a0pas l&rsquo;intention d&rsquo;interdire le papier toilette\u00a0\u00bb. L&rsquo;AFP n&rsquo;a trouv\u00e9 aucune annonce d&rsquo;une telle interdiction et les repr\u00e9sentants de l&rsquo;industrie papeti\u00e8re ont d\u00e9clar\u00e9 qu&rsquo;ils n&rsquo;\u00e9taient pas au courant d&rsquo;une telle mesure. Bien que du papier toilette fabriqu\u00e9 \u00e0 base de paille au lieu de p\u00e2te de bois soit d\u00e9sormais sur le march\u00e9, rien n&rsquo;est fait pour obliger les pays de l&rsquo;UE \u00e0 l&rsquo;utiliser ou \u00e0 en interdire d&rsquo;autres types.<\/p>\n","protected":false},"author":21,"featured_media":158760,"comment_status":"closed","ping_status":"closed","sticky":false,"template":"","format":"standard","meta":{"_acf_changed":false,"_et_pb_use_builder":"","_et_pb_old_content":"","_et_gb_content_width":"","footnotes":""},"categories":[829],"tags":[],"class_list":["post-158681","post","type-post","status-publish","format-standard","has-post-thumbnail","hentry","category-fact-check"],"acf":[],"_links":{"self":[{"href":"https:\/\/europeannewsroom.com\/fr\/wp-json\/wp\/v2\/posts\/158681","targetHints":{"allow":["GET"]}}],"collection":[{"href":"https:\/\/europeannewsroom.com\/fr\/wp-json\/wp\/v2\/posts"}],"about":[{"href":"https:\/\/europeannewsroom.com\/fr\/wp-json\/wp\/v2\/types\/post"}],"author":[{"embeddable":true,"href":"https:\/\/europeannewsroom.com\/fr\/wp-json\/wp\/v2\/users\/21"}],"replies":[{"embeddable":true,"href":"https:\/\/europeannewsroom.com\/fr\/wp-json\/wp\/v2\/comments?post=158681"}],"version-history":[{"count":0,"href":"https:\/\/europeannewsroom.com\/fr\/wp-json\/wp\/v2\/posts\/158681\/revisions"}],"wp:featuredmedia":[{"embeddable":true,"href":"https:\/\/europeannewsroom.com\/fr\/wp-json\/wp\/v2\/media\/158760"}],"wp:attachment":[{"href":"https:\/\/europeannewsroom.com\/fr\/wp-json\/wp\/v2\/media?parent=158681"}],"wp:term":[{"taxonomy":"category","embeddable":true,"href":"https:\/\/europeannewsroom.com\/fr\/wp-json\/wp\/v2\/categories?post=158681"},{"taxonomy":"post_tag","embeddable":true,"href":"https:\/\/europeannewsroom.com\/fr\/wp-json\/wp\/v2\/tags?post=158681"}],"curies":[{"name":"wp","href":"https:\/\/api.w.org\/{rel}","templated":true}]}}