{"id":160885,"date":"2023-09-21T07:19:09","date_gmt":"2023-09-21T05:19:09","guid":{"rendered":"https:\/\/europeannewsroom.dpa.com\/?p=160885"},"modified":"2023-09-21T07:19:20","modified_gmt":"2023-09-21T05:19:20","slug":"leurope-en-bref-jourova-invite-la-chine-a-plus-de-clarte-pour-les-entreprises-etrangeres","status":"publish","type":"post","link":"https:\/\/europeannewsroom.com\/fr\/leurope-en-bref-jourova-invite-la-chine-a-plus-de-clarte-pour-les-entreprises-etrangeres\/","title":{"rendered":"L\u2019Europe en bref\u00a0: Jourova invite la Chine \u00e0 plus de clart\u00e9 pour les entreprises \u00e9trang\u00e8res"},"content":{"rendered":"\n<h2 class=\"wp-block-heading\"><strong>En Chine, l\u2019UE appelle \u00e0 plus de \u00ab\u00a0clart\u00e9\u00a0\u00bb pour les entreprises \u00e9trang\u00e8res<\/strong><\/h2>\n\n\n\n<p class=\"wp-block-paragraph\"><strong>P\u00e9kin<\/strong> &#8211; La responsable du num\u00e9rique de la Commission europ\u00e9enne, Vera Jourova, a plaid\u00e9 mardi en Chine pour davantage de \u00ab\u00a0clart\u00e9\u00a0\u00bb des r\u00e9glementations locales, au moment o\u00f9 nombre d&rsquo;entreprises \u00e9trang\u00e8res se plaignent d&rsquo;un \u00ab\u00a0flou\u00a0\u00bb juridique pr\u00e9judiciable \u00e0 leurs activit\u00e9s.<\/p>\n\n\n\n<p class=\"wp-block-paragraph\">\u00ab\u00a0Personne ne critique les lois chinoises, nous voulons simplement qu&rsquo;elles soient claires et qu&rsquo;il soit facile de s&rsquo;y conformer\u00a0\u00bb, a d\u00e9clar\u00e9 \u00e0 P\u00e9kin \u00e0 des journalistes Mme Jourova, par ailleurs vice-pr\u00e9sidente de la Commission europ\u00e9enne charg\u00e9e des valeurs et de la transparence.<\/p>\n\n\n\n<p class=\"wp-block-paragraph\">La responsable dit avoir fait passer le message \u00e0 ses homologues chinois, lors d&rsquo;entretiens lundi notamment avec le vice-Premier ministre, Zhang Guoqing.&nbsp;<\/p>\n\n\n\n<p class=\"wp-block-paragraph\">Les milieux d&rsquo;affaires sont pr\u00e9occup\u00e9s depuis l&rsquo;entr\u00e9e en vigueur en juillet d&rsquo;une nouvelle version de la loi anti-espionnage, dans un contexte de tensions g\u00e9opolitiques avec les Etats-Unis.<\/p>\n\n\n\n<p class=\"wp-block-paragraph\">Le texte renforce sensiblement la marge de man\u0153uvre des autorit\u00e9s contre ce qu&rsquo;elles consid\u00e8rent comme des menaces \u00e0 la s\u00e9curit\u00e9 nationale. (19 septembre 2023)<\/p>\n\n\n\n<h2 class=\"wp-block-heading\"><strong>Catalan, basque et galicien langues officielles de l\u2019UE&nbsp;? Les 27 temporisent<\/strong><\/h2>\n\n\n\n<p class=\"wp-block-paragraph\"><strong>Bruxelles<\/strong>&nbsp;&#8211; Reconna\u00eetre le catalan, le basque et le galicien comme langues officielles de l\u2019UE&nbsp;: cette demande du gouvernement espagnol a \u00e9t\u00e9 d\u00e9battue mardi par les ministres des Affaires europ\u00e9ennes, qui ont soulev\u00e9 des objections et&nbsp;r\u00e9clam\u00e9 plus de temps pour se prononcer.<\/p>\n\n\n\n<p class=\"wp-block-paragraph\">\u00ab\u00a0Le catalan est parl\u00e9 par plus de 10 millions de personnes, ce qui le place au-dessus de beaucoup des langues des repr\u00e9sentants r\u00e9unis autour de la table\u00a0\u00bb, a plaid\u00e9 \u00e0 Bruxelles le ministre espagnol des Affaires \u00e9trang\u00e8res Jos\u00e9 Manuel Albares.<\/p>\n\n\n\n<p class=\"wp-block-paragraph\">L&rsquo;Union europ\u00e9enne compte actuellement 24 langues officielles.<\/p>\n\n\n\n<p class=\"wp-block-paragraph\">Ce statut implique notamment que les documents juridiques de l\u2019UE (trait\u00e9s, r\u00e8glements ou accords internationaux) soient traduits dans ces langues, et qu&rsquo;une interpr\u00e9tation soit disponible pour les sommets et r\u00e9unions minist\u00e9rielles.&nbsp;<\/p>\n\n\n\n<p class=\"wp-block-paragraph\">La requ\u00eate du gouvernement espagnol sortant r\u00e9pond \u00e0 une exigence des ind\u00e9pendantistes catalans. Le Premier ministre socialiste Pedro Sanchez aura besoin d&rsquo;eux pour esp\u00e9rer d\u2019\u00eatre reconduit au pouvoir. (19 septembre 2023)<\/p>\n\n\n\n<h2 class=\"wp-block-heading\"><strong>Un rapport franco-allemand appelle l\u2019UE \u00e0 se r\u00e9former en profondeur avant de s&rsquo;\u00e9largir<\/strong><\/h2>\n\n\n\n<p class=\"wp-block-paragraph\"><strong>Bruxelles<\/strong> &#8211; L&rsquo;Union europ\u00e9enne va devoir se r\u00e9former en profondeur d&rsquo;ici 2030 si elle veut \u00e9viter la paralysie avant son \u00e9largissement \u00e0 d&rsquo;autres pays comme l&rsquo;Ukraine, selon un rapport d&rsquo;experts franco-allemands commandit\u00e9 par Paris et Berlin.<\/p>\n\n\n\n<p class=\"wp-block-paragraph\">\u00ab\u00a0L&rsquo;\u00e9largissement de l\u2019UE est dans notre int\u00e9r\u00eat \u00e0 tous et que nous devons donc commencer d\u00e8s maintenant \u00e0 tout mettre en \u0153uvre pour que l\u2019UE soit pr\u00eate\u00a0\u00bb, a comment\u00e9 mardi la ministre allemande des Affaires europ\u00e9ennes, Anna Luhrmann.<\/p>\n\n\n\n<p class=\"wp-block-paragraph\">Dans ce rapport, pr\u00e9sent\u00e9 mardi \u00e0 Bruxelles aux 27 Etats membres, 12 experts sugg\u00e8rent de simplifier le fonctionnement d&rsquo;une Europe \u00e0 30, voire davantage de membres.<\/p>\n\n\n\n<p class=\"wp-block-paragraph\">L&rsquo;\u00e9largissement figure parmi ses priorit\u00e9s, \u00ab\u00a0mais l\u2019UE n&rsquo;est pas encore pr\u00eate \u00e0 accueillir de nouveaux membres, ni d&rsquo;un point de vue institutionnel ni d&rsquo;un point de vue des politiques\u00a0\u00bb, soulignent les experts.<\/p>\n\n\n\n<p class=\"wp-block-paragraph\">Les experts sugg\u00e8rent de renoncer \u00e0 la r\u00e8gle de l&rsquo;unanimit\u00e9. Celle-ci requiert parfois de laborieux compromis pour certaines d\u00e9cisions, quand elle ne paralyse pas les discussions \u00e0 27. (19 septembre 2023)<\/p>\n\n\n\n<h2 class=\"wp-block-heading\"><strong>Affaire des visas : Bruxelles a demand\u00e9 des \u00ab\u00a0clarifications\u00a0\u00bb \u00e0 la Pologne<\/strong><\/h2>\n\n\n\n<p class=\"wp-block-paragraph\"><strong>Bruxelles<\/strong> &#8211; La Commission europ\u00e9enne a annonc\u00e9 mercredi avoir demand\u00e9 des \u00ab\u00a0clarifications\u00a0\u00bb \u00e0 la Pologne sur des all\u00e9gations \u00ab\u00a0pr\u00e9occupantes\u00a0\u00bb concernant une fraude pr\u00e9sum\u00e9e aux visas qui \u00e9clabousse des membres du gouvernement de Varsovie.<\/p>\n\n\n\n<p class=\"wp-block-paragraph\">La commissaire europ\u00e9enne aux Affaires int\u00e9rieures Ylva Johansson a adress\u00e9 une lettre aux autorit\u00e9s polonaises \u00ab\u00a0pour demander des clarifications\u00a0\u00bb et a r\u00e9clam\u00e9 une r\u00e9ponse d&rsquo;ici le 3 octobre, a pr\u00e9cis\u00e9 une porte-parole de la Commission, Anitta Hipper.<\/p>\n\n\n\n<p class=\"wp-block-paragraph\">Evoquant des \u00ab\u00a0all\u00e9gations tr\u00e8s pr\u00e9occupantes\u00a0\u00bb, cette derni\u00e8re a soulign\u00e9 qu&rsquo;elles suscitaient des \u00ab\u00a0questions concernant le respect du droit europ\u00e9en\u00a0\u00bb.<\/p>\n\n\n\n<p class=\"wp-block-paragraph\">Le minist\u00e8re polonais des Affaires \u00e9trang\u00e8res se trouve depuis plusieurs semaines dans la tourmente apr\u00e8s des r\u00e9v\u00e9lations sur l&rsquo;octroi de visas Schengen \u00e0 des ressortissants du Moyen-Orient et d\u2019Afrique qui auraient vers\u00e9 des dessous-de-table. Plusieurs personnes ont \u00e9t\u00e9 inculp\u00e9es.<\/p>\n\n\n\n<p class=\"wp-block-paragraph\">L&rsquo;Allemagne a \u00e9galement demand\u00e9 \u00e0 la Pologne une \u00ab\u00a0clarification rapide et compl\u00e8te\u00a0\u00bb de ces all\u00e9gations \u00ab\u00a0s\u00e9rieuses\u00a0\u00bb, qualifi\u00e9es d&rsquo;absurdes et rejet\u00e9es par Varsovie. (20 septembre 2023)<\/p>\n\n\n\n<h2 class=\"wp-block-heading\"><strong>Glyphosate : Bruxelles propose de renouveler pour 10 ans l&rsquo;autorisation dans l\u2019UE<\/strong><\/h2>\n\n\n\n<p class=\"wp-block-paragraph\"><strong>Bruxelles<\/strong>&nbsp;&#8211; La Commission europ\u00e9enne a propos\u00e9 mercredi de renouveler pour dix ans l&rsquo;autorisation du glyphosate dans l\u2019UE, sous conditions, apr\u00e8s le rapport d&rsquo;un r\u00e9gulateur estimant que le niveau de risque ne justifiait pas d&rsquo;interdire cet herbicide controvers\u00e9.<\/p>\n\n\n\n<figure class=\"wp-block-image size-full\"><img loading=\"lazy\" decoding=\"async\" width=\"1024\" height=\"681\" src=\"https:\/\/europeannewsroom.com\/wp-content\/uploads\/2023\/09\/000_98M36X.jpg\" alt=\"\" class=\"wp-image-160903\" srcset=\"https:\/\/europeannewsroom.com\/wp-content\/uploads\/2023\/09\/000_98M36X.jpg 1024w, https:\/\/europeannewsroom.com\/wp-content\/uploads\/2023\/09\/000_98M36X-980x652.jpg 980w, https:\/\/europeannewsroom.com\/wp-content\/uploads\/2023\/09\/000_98M36X-480x319.jpg 480w\" sizes=\"(min-width: 0px) and (max-width: 480px) 480px, (min-width: 481px) and (max-width: 980px) 980px, (min-width: 981px) 1024px, 100vw\" \/><figcaption class=\"wp-element-caption\"><em>L&rsquo;agriculteur fran\u00e7ais Nicolas Denieul pulv\u00e9rise l&rsquo;herbicide glyphosate dans un champ de ma\u00efs \u00e0 Piac\u00e9, dans l&rsquo;ouest de la France, le 23 avril 2023 (Photo JEAN-FRANCOIS MONIER \/ AFP)<\/em><\/figcaption><\/figure>\n\n\n\n<p class=\"wp-block-paragraph\">La proposition de l&rsquo;ex\u00e9cutif europ\u00e9en sera examin\u00e9e vendredi par les repr\u00e9sentants des 27 Etats membres, qui devront ensuite la valider \u00e0 une majorit\u00e9 qualifi\u00e9e lors d&rsquo;un vote le 13 octobre.<\/p>\n\n\n\n<p class=\"wp-block-paragraph\">L&rsquo;autorisation actuelle du glyphosate dans l\u2019UE, renouvel\u00e9e en 2017 pour cinq ans, expirait le 15 d\u00e9cembre 2022, mais avait \u00e9t\u00e9 prolong\u00e9e d&rsquo;un an dans l&rsquo;attente d&rsquo;une \u00e9valuation scientifique.<\/p>\n\n\n\n<p class=\"wp-block-paragraph\">D\u00e9but juillet, l&rsquo;Autorit\u00e9 europ\u00e9enne de s\u00e9curit\u00e9 des aliments (EFSA) avait publi\u00e9 son rapport, indiquant ne pas avoir identifi\u00e9 de \u00ab\u00a0domaine de pr\u00e9occupation critique\u00a0\u00bb chez les humains, les animaux et l&rsquo;environnement susceptible d&#8217;emp\u00eacher l&rsquo;autorisation de l&rsquo;herbicide.<\/p>\n\n\n\n<p class=\"wp-block-paragraph\">Ce dernier avait \u00e9t\u00e9 class\u00e9 en 2015 comme \u00ab\u00a0canc\u00e9rog\u00e8ne probable\u00a0\u00bb pour les humains par le Centre international de recherche sur le cancer de l&rsquo;Organisation mondiale de la sant\u00e9. (20 septembre 2023)<\/p>\n\n\n\n<p class=\"wp-block-paragraph\"><em>Cette compilation est une s\u00e9lection \u00e9ditoriale bas\u00e9e sur la couverture Europe de l\u2019AFP. La responsabilit\u00e9 \u00e9ditoriale de cette publication incombe \u00e0 l\u2019AFP. Elle est publi\u00e9e le lundi et le jeudi.<\/em><em><\/em><\/p>\n","protected":false},"excerpt":{"rendered":"<p>L\u2019UE appelle P\u00e9kin \u00e0 rendre plus claires ses lois. L\u2019Espagne voudrait voir ses langues r\u00e9gionales devenir officielles pour l\u2019UE. Pour s\u2019\u00e9largir, l\u2019UE doit d\u2019abord se r\u00e9former. L\u2019UE demande \u00e0 Varsovie de clarifier une affaire de visas vendus en fraude. Bruxelles propose d\u2019autoriser le glyphosate pour une d\u00e9cennie.   <\/p>\n","protected":false},"author":21,"featured_media":160887,"comment_status":"closed","ping_status":"closed","sticky":false,"template":"","format":"standard","meta":{"_acf_changed":false,"_et_pb_use_builder":"","_et_pb_old_content":"","_et_gb_content_width":"","footnotes":""},"categories":[45],"tags":[2187,1901,555,2665,2813],"class_list":["post-160885","post","type-post","status-publish","format-standard","has-post-thumbnail","hentry","category-europe-in-brief","tag-agriculture-3","tag-chine","tag-espagne","tag-pologne","tag-visas"],"acf":[],"_links":{"self":[{"href":"https:\/\/europeannewsroom.com\/fr\/wp-json\/wp\/v2\/posts\/160885","targetHints":{"allow":["GET"]}}],"collection":[{"href":"https:\/\/europeannewsroom.com\/fr\/wp-json\/wp\/v2\/posts"}],"about":[{"href":"https:\/\/europeannewsroom.com\/fr\/wp-json\/wp\/v2\/types\/post"}],"author":[{"embeddable":true,"href":"https:\/\/europeannewsroom.com\/fr\/wp-json\/wp\/v2\/users\/21"}],"replies":[{"embeddable":true,"href":"https:\/\/europeannewsroom.com\/fr\/wp-json\/wp\/v2\/comments?post=160885"}],"version-history":[{"count":0,"href":"https:\/\/europeannewsroom.com\/fr\/wp-json\/wp\/v2\/posts\/160885\/revisions"}],"wp:featuredmedia":[{"embeddable":true,"href":"https:\/\/europeannewsroom.com\/fr\/wp-json\/wp\/v2\/media\/160887"}],"wp:attachment":[{"href":"https:\/\/europeannewsroom.com\/fr\/wp-json\/wp\/v2\/media?parent=160885"}],"wp:term":[{"taxonomy":"category","embeddable":true,"href":"https:\/\/europeannewsroom.com\/fr\/wp-json\/wp\/v2\/categories?post=160885"},{"taxonomy":"post_tag","embeddable":true,"href":"https:\/\/europeannewsroom.com\/fr\/wp-json\/wp\/v2\/tags?post=160885"}],"curies":[{"name":"wp","href":"https:\/\/api.w.org\/{rel}","templated":true}]}}