{"id":161567,"date":"2023-09-26T09:00:00","date_gmt":"2023-09-26T07:00:00","guid":{"rendered":"https:\/\/europeannewsroom.dpa.com\/?p=161567"},"modified":"2023-09-25T10:30:43","modified_gmt":"2023-09-25T08:30:43","slug":"ursula-von-der-leyen-na-pas-menace-les-opposants-au-portefeuille-didentite-numerique","status":"publish","type":"post","link":"https:\/\/europeannewsroom.com\/fr\/ursula-von-der-leyen-na-pas-menace-les-opposants-au-portefeuille-didentite-numerique\/","title":{"rendered":"Ursula von der Leyen n&rsquo;a pas menac\u00e9 les opposants au portefeuille d&rsquo;identit\u00e9 num\u00e9rique"},"content":{"rendered":"\n<p class=\"wp-block-paragraph\">La pr\u00e9sidente de la Commission europ\u00e9enne, Ursula von der Leyen, aurait-elle menac\u00e9 d&rsquo;exclure de la soci\u00e9t\u00e9 les citoyens qui s&rsquo;opposeraient au projet d&rsquo;\u00ab identit\u00e9 num\u00e9rique \u00bb soi-disant pilot\u00e9 par le Forum \u00e9conomique mondial (WEF) ? C&rsquo;est en tout cas ce qu&rsquo;<a rel=\"noreferrer noopener\" href=\"https:\/\/archive.ph\/TSE4K\" target=\"_blank\">affirment<\/a> de <a rel=\"noreferrer noopener\" href=\"https:\/\/archive.ph\/oFLBn\" target=\"_blank\">nombreux internautes<\/a> sur les r\u00e9seaux sociaux. Selon eux, la cheffe de l&rsquo;ex\u00e9cutif europ\u00e9en aurait \u00e9mis un avertissement en ce sens lors du <a rel=\"noreferrer noopener\" href=\"https:\/\/www.g20.org\/en\/g20-india-2023\/new-delhi-summit\/\" target=\"_blank\">sommet du G20<\/a>, qui s&rsquo;est tenu du 9 au 10 septembre dernier en Inde.<\/p>\n\n\n\n<p class=\"wp-block-paragraph\">Mais cette rumeur, <a rel=\"noreferrer noopener\" href=\"https:\/\/archive.ph\/IVxGx\" target=\"_blank\">partag\u00e9e<\/a> en plusieurs <a rel=\"noreferrer noopener\" href=\"https:\/\/archive.ph\/TUaTr\" target=\"_blank\">langues<\/a> et sur de <a rel=\"noreferrer noopener\" href=\"https:\/\/archive.ph\/JB2z8\" target=\"_blank\">nombreux blogs<\/a>, est-elle fond\u00e9e ?<\/p>\n\n\n\n<h2 class=\"wp-block-heading\"><strong>\u00c9valuation<\/strong><\/h2>\n\n\n\n<p class=\"wp-block-paragraph\">Non, cette all\u00e9gation provient d&rsquo;un site web bien connu pour fabriquer et r\u00e9pandre de fausses informations.&nbsp;Dans ce cas-ci, les propos de la pr\u00e9sidente de la Commission europ\u00e9enne sur la transition num\u00e9rique et l&rsquo;intelligence artificielle ont \u00e9t\u00e9 volontairement d\u00e9form\u00e9s.<\/p>\n\n\n\n<h2 class=\"wp-block-heading\"><strong>Faits<\/strong><\/h2>\n\n\n\n<p class=\"wp-block-paragraph\">Les publications partag\u00e9es sur les r\u00e9seaux sociaux se fondent sur un&nbsp;<a rel=\"noreferrer noopener\" href=\"https:\/\/archive.ph\/FDUMo\" target=\"_blank\">article publi\u00e9 le 11 septembre 2023<\/a>&nbsp;sur le site&nbsp;<a rel=\"noreferrer noopener\" href=\"https:\/\/www.conspiracywatch.info\/notice\/the-peoples-voice\" target=\"_blank\">The People&rsquo;s Voice<\/a>, bien connu pour cr\u00e9er des&nbsp;<a rel=\"noreferrer noopener\" href=\"https:\/\/www.conspiracywatch.info\/notice\/the-peoples-voice\" target=\"_blank\">contenus trompeurs<\/a>. Les \u00e9lites et organisations mondiales telles que&nbsp;<a rel=\"noreferrer noopener\" href=\"https:\/\/dpa-factchecking.com\/belgium\/230830-99-16332\/\" target=\"_blank\">Bill Gates<\/a>, les Nations unies ou encore le&nbsp;<a rel=\"noreferrer noopener\" href=\"https:\/\/dpa-factchecking.com\/belgium\/230307-99-861604\/\" target=\"_blank\">WEF<\/a>&nbsp;et son fondateur Klaus Schwab constituent ses cibles privil\u00e9gi\u00e9es.<\/p>\n\n\n\n<p class=\"wp-block-paragraph\">Selon ce nouvel article, la pr\u00e9sidente de la Commission europ\u00e9enne aurait averti son auditoire lors du dernier sommet du G20 : celles et ceux qui refuseraient le projet d&rsquo;identit\u00e9 num\u00e9rique du WEF seraient exclus de la soci\u00e9t\u00e9.<\/p>\n\n\n\n<p class=\"wp-block-paragraph\">Mais cette affirmation, uniquement pr\u00e9sente dans le titre et le chapeau de l&rsquo;article (une m\u00e9thode \u00e9prouv\u00e9e pour g\u00e9n\u00e9rer des clics), n&rsquo;est \u00e9tay\u00e9e par aucun argument dans le corps du texte.<\/p>\n\n\n\n<p class=\"wp-block-paragraph\"><strong>Infrastructure publique num\u00e9rique<\/strong><\/p>\n\n\n\n<p class=\"wp-block-paragraph\">Comme maigre preuve, l&rsquo;article renvoie \u00e0\u00a0<a rel=\"noreferrer noopener\" href=\"https:\/\/twitter.com\/vonderleyen\/status\/1700760352437178427\" target=\"_blank\">un post d&rsquo;Ursula von der Leyen<\/a>, publi\u00e9 sur la plateforme X (ancien Twitter) le 10\u00a0septembre 2023, au moment du G20. Dans celui-ci, la cheffe de l&rsquo;ex\u00e9cutif europ\u00e9en dit bien : \u00ab l&rsquo;avenir est num\u00e9rique \u00bb, mais ne fait \u00e0 aucun moment r\u00e9f\u00e9rence au WEF.<\/p>\n\n\n\n<p class=\"wp-block-paragraph\">Lors de sa prise de parole \u00e0 la session \u00ab One Future \u00bb du G20, Ursula von der Leyen s&rsquo;est content\u00e9e d&rsquo;exposer les d\u00e9fis de la transition num\u00e9rique et la\u00a0<a rel=\"noreferrer noopener\" href=\"https:\/\/www.consilium.europa.eu\/fr\/meetings\/international-summit\/2023\/09\/09-10\/#:~:text=l%27UE%20(informations%20g%C3%A9n%C3%A9rales)-,Transition%20num%C3%A9rique,-Les%20dirigeants%20du\" target=\"_blank\">vision europ\u00e9enne<\/a> en la mati\u00e8re. Dans son allocution (retranscrite\u00a0<a rel=\"noreferrer noopener\" href=\"https:\/\/ec.europa.eu\/commission\/presscorner\/detail\/en\/statement_23_4424\" target=\"_blank\">ici<\/a>), elle \u00e9voque la n\u00e9cessit\u00e9 de r\u00e9guler l&rsquo;intelligence artificielle et encourage le d\u00e9ploiement d&rsquo;une\u00a0<a rel=\"noreferrer noopener\" href=\"https:\/\/apolitical.co\/solution-articles\/fr\/comment-les-infrastructures-publiques-numeriques-peuvent-catalyser-le-developpement\" target=\"_blank\">infrastructure publique num\u00e9rique<\/a>\u00a0\u00ab interop\u00e9rable, ouverte \u00e0 tous et fiable \u00bb. A ses yeux, le\u00a0<a rel=\"noreferrer noopener\" href=\"https:\/\/www.consilium.europa.eu\/fr\/policies\/coronavirus\/eu-digital-covid-certificate\/\" target=\"_blank\">certificat Covid europ\u00e9en<\/a> est un bon exemple.<\/p>\n\n\n\n<p class=\"wp-block-paragraph\">Mais nulle part, la pr\u00e9sidente de la Commission europ\u00e9enne ne mentionne d&rsquo;\u00e9ventuelles sanctions \u00e0 l&rsquo;\u00e9gard de celles et ceux qui refuseraient d&rsquo;entrer dans cette infrastructure num\u00e9rique.<\/p>\n\n\n\n<p class=\"wp-block-paragraph\">Il en va de m\u00eame pour le Forum \u00e9conomique mondial, qui <a rel=\"noreferrer noopener\" href=\"https:\/\/www.weforum.org\/agenda\/2021\/01\/davos-agenda-digital-identity-frameworks\/\" target=\"_blank\">promeut les syst\u00e8mes d&rsquo;identit\u00e9 num\u00e9rique<\/a> comme outils de croissance \u00e9conomique, mais ne dispose d&rsquo;aucune comp\u00e9tence pour les rendre obligatoires.<\/p>\n\n\n\n<p class=\"wp-block-paragraph\"><strong>Protection de la vie priv\u00e9e<\/strong><\/p>\n\n\n\n<p class=\"wp-block-paragraph\">Dans l&rsquo;article de The People&rsquo;s Voice, un lien renvoie vers une&nbsp;<a rel=\"noreferrer noopener\" href=\"https:\/\/reclaimthenet.org\/civil-liberties-groups-push-back-against-eu-digital-id-proposals\" target=\"_blank\">page web<\/a>&nbsp;appelant \u00e0 la vigilance \u00e0 propos du projet de&nbsp;<a rel=\"noreferrer noopener\" href=\"https:\/\/commission.europa.eu\/strategy-and-policy\/priorities-2019-2024\/europe-fit-digital-age\/european-digital-identity_fr\" target=\"_blank\">portefeuille d&rsquo;identit\u00e9 num\u00e9rique europ\u00e9en<\/a>.<\/p>\n\n\n\n<p class=\"wp-block-paragraph\">Annonc\u00e9 par la Commission europ\u00e9enne en 2021, ce portefeuille permettrait aux ressortissants de l&rsquo;UE de rassembler dans leur smartphone&nbsp;<a rel=\"noreferrer noopener\" href=\"https:\/\/www.rtbf.be\/article\/a-quoi-va-vous-servir-le-futur-portefeuille-europeen-d-identite-numerique-11009500\" target=\"_blank\">un ensemble de documents num\u00e9riques<\/a>, allant de leur carte d&rsquo;identit\u00e9 \u00e0 leur permis de conduire, en passant par diverses attestations officielles comme leur certificat de naissance, \u00e0 pr\u00e9senter si n\u00e9cessaire lors d&rsquo;op\u00e9rations administratives.<\/p>\n\n\n\n<p class=\"wp-block-paragraph\">Ce projet, <a rel=\"noreferrer noopener\" href=\"https:\/\/www.euractiv.fr\/section\/tech\/news\/portefeuille-numerique-le-dossier-progresse-mais-nest-pas-encore-boucle\/\" target=\"_blank\">encore en discussion<\/a>, ne fait toutefois pas l&rsquo;unanimit\u00e9. Certains craignent qu&rsquo;il ne&nbsp;<a rel=\"noreferrer noopener\" href=\"https:\/\/www.lesoir.be\/439111\/article\/2022-04-30\/carta-academica-pourquoi-un-portefeuille-numerique-europeen-marche-forcee\" target=\"_blank\">compromette<\/a> la s\u00e9curit\u00e9 des donn\u00e9es personnelles et la vie priv\u00e9e des citoyens, en d\u00e9l\u00e9guant \u00e0 des entreprises priv\u00e9es la d\u00e9livrance des identit\u00e9s num\u00e9riques.&nbsp;D&rsquo;autres demandent aux d\u00e9cideurs de veiller \u00e0 ce que l&rsquo;adoption de ce dispositif reste volontaire et non obligatoire.<\/p>\n\n\n\n<p class=\"wp-block-paragraph\">En conclusion, l&rsquo;article partag\u00e9 sur les r\u00e9seaux sociaux n&rsquo;est fond\u00e9 sur aucune preuve tangible. Mais en attribuant de fausses d\u00e9clarations \u00e0 Ursula von der Leyen, il attise les craintes et d\u00e9sinforme le public. <\/p>\n\n\n\n<h2 class=\"wp-block-heading\">Liens<\/h2>\n\n\n\n<p class=\"wp-block-paragraph\">Publications Facebook&nbsp;<a rel=\"noreferrer noopener\" href=\"https:\/\/www.facebook.com\/PERLOU55\/posts\/pfbid02dbHTvedYDxDn1zgSzgUcmirHQaZbQ2gpz7vhh3D3ekMi2BAsVngYtZCrXDL9F3CLl\" target=\"_blank\">I<\/a>,&nbsp;<a rel=\"noreferrer noopener\" href=\"https:\/\/www.facebook.com\/pascal.blocher.39\/posts\/pfbid02o877gZ6hdbQT6wWLxCr5vVTrwF1Sd6ayN19bNdExcmYTMDoUN9NtcqG4zqTLsSDRl\" target=\"_blank\">II<\/a>,&nbsp;<a rel=\"noreferrer noopener\" href=\"https:\/\/www.facebook.com\/kaysmithscw\/posts\/pfbid029XHmtiSGrggqR6TLXYfL5eSVneRoPe6z19S4jHTiyYuqNP5aWXptwcFfNApfVUofl\" target=\"_blank\">III<\/a>, I<a rel=\"noreferrer noopener\" href=\"https:\/\/www.facebook.com\/permalink.php?story_fbid=pfbid0wN1YsR5XmZXGyVJ3x9tQJP8D1RoASGJCAP1SVB5U7CDj71KRn3yVDdYnrSXewWPfl&amp;id=100074385601025\" target=\"_blank\">V<\/a>&nbsp;(versions archiv\u00e9es&nbsp;<a rel=\"noreferrer noopener\" href=\"https:\/\/archive.ph\/TSE4K\" target=\"_blank\">I<\/a>,&nbsp;<a rel=\"noreferrer noopener\" href=\"https:\/\/archive.ph\/oFLBn\" target=\"_blank\">II<\/a>,&nbsp;<a rel=\"noreferrer noopener\" href=\"https:\/\/archive.ph\/IVxGx\" target=\"_blank\">III<\/a>, I<a rel=\"noreferrer noopener\" href=\"https:\/\/archive.ph\/TUaTr\" target=\"_blank\">V<\/a>)<\/p>\n\n\n\n<p class=\"wp-block-paragraph\"><a rel=\"noreferrer noopener\" href=\"https:\/\/www.g20.org\/en\/g20-india-2023\/new-delhi-summit\/\" target=\"_blank\">A propos des intervenants au G20<\/a>&nbsp;(<a rel=\"noreferrer noopener\" href=\"https:\/\/archive.ph\/Jgrfu\" target=\"_blank\">version archiv\u00e9e<\/a>)<\/p>\n\n\n\n<p class=\"wp-block-paragraph\"><a rel=\"noreferrer noopener\" href=\"https:\/\/unwiderlegbarefakt.wixsite.com\/wahrheitsiegt\/post\/eu-chef-b%C3%BCrger-ohne-wef-ids-werden-von-der-gesellschaft-ausgeschlossen\" target=\"_blank\">Article publi\u00e9 sur le blog Wahrheit siegt<\/a>&nbsp;(<a rel=\"noreferrer noopener\" href=\"https:\/\/archive.ph\/JB2z8\" target=\"_blank\">version archiv\u00e9e<\/a>)<\/p>\n\n\n\n<p class=\"wp-block-paragraph\"><a href=\"https:\/\/thepeoplesvoice.tv\/eu-chief-says-public-who-refuse-wef-digital-ids-will-be-excluded-from-society\/\" target=\"_blank\" rel=\"noreferrer noopener\">Article de The People&rsquo;s Voice<\/a>&nbsp;(<a href=\"https:\/\/archive.ph\/FDUMo\" target=\"_blank\" rel=\"noreferrer noopener\">version archiv\u00e9e<\/a>)<\/p>\n\n\n\n<p class=\"wp-block-paragraph\"><a href=\"https:\/\/www.conspiracywatch.info\/notice\/the-peoples-voice\" target=\"_blank\" rel=\"noreferrer noopener\">A propos de The People&rsquo;s Voice &#8211; Conspiracy Watch&nbsp;<\/a>(<a href=\"https:\/\/archive.ph\/J8Mht\" target=\"_blank\" rel=\"noreferrer noopener\">version archiv\u00e9e<\/a>)<\/p>\n\n\n\n<p class=\"wp-block-paragraph\">Fact-checks de la dpa&nbsp;<a href=\"https:\/\/dpa-factchecking.com\/belgium\/230830-99-16332\/\" target=\"_blank\" rel=\"noreferrer noopener\">I<\/a>,&nbsp;<a href=\"https:\/\/dpa-factchecking.com\/belgium\/230307-99-861604\/\" target=\"_blank\" rel=\"noreferrer noopener\">II<\/a><\/p>\n\n\n\n<p class=\"wp-block-paragraph\"><a href=\"https:\/\/twitter.com\/vonderleyen\/status\/1700760352437178427\" target=\"_blank\" rel=\"noreferrer noopener\">Publication d&rsquo;Ursula von der Leyen sur X<\/a>&nbsp;(<a href=\"https:\/\/archive.ph\/dQlT1\" target=\"_blank\" rel=\"noreferrer noopener\">version archiv\u00e9e<\/a>)<\/p>\n\n\n\n<p class=\"wp-block-paragraph\"><a href=\"https:\/\/www.consilium.europa.eu\/fr\/meetings\/international-summit\/2023\/09\/09-10\/#:~:text=l%27UE%20(informations%20g%C3%A9n%C3%A9rales)-,Transition%20num%C3%A9rique,-Les%20dirigeants%20du\" target=\"_blank\" rel=\"noreferrer noopener\">A propos des engagements europ\u00e9ens sur la transition num\u00e9rique<\/a>&nbsp;(<a href=\"https:\/\/archive.ph\/d0VQd\" target=\"_blank\" rel=\"noreferrer noopener\">version archiv\u00e9e<\/a>)<\/p>\n\n\n\n<p class=\"wp-block-paragraph\"><a href=\"https:\/\/ec.europa.eu\/commission\/presscorner\/detail\/en\/statement_23_4424\" target=\"_blank\" rel=\"noreferrer noopener\">Transcription de la d\u00e9claration d&rsquo;Ursula von der Leyen<\/a>&nbsp;(<a href=\"https:\/\/archive.ph\/ewwHs\" target=\"_blank\" rel=\"noreferrer noopener\">version archiv\u00e9e<\/a>)<\/p>\n\n\n\n<p class=\"wp-block-paragraph\"><a rel=\"noreferrer noopener\" href=\"https:\/\/apolitical.co\/solution-articles\/fr\/comment-les-infrastructures-publiques-numeriques-peuvent-catalyser-le-developpement\" target=\"_blank\">A propos de l&rsquo;infrastructure publique num\u00e9rique<\/a>&nbsp;(<a rel=\"noreferrer noopener\" href=\"https:\/\/archive.ph\/56QCE\" target=\"_blank\">version archiv\u00e9e<\/a>)<\/p>\n\n\n\n<p class=\"wp-block-paragraph\"><a rel=\"noreferrer noopener\" href=\"https:\/\/www.consilium.europa.eu\/fr\/policies\/coronavirus\/eu-digital-covid-certificate\/\" target=\"_blank\">A propos du certificat Covid num\u00e9rique de l&rsquo;UE<\/a>&nbsp;(<a rel=\"noreferrer noopener\" href=\"https:\/\/archive.ph\/hz7Kh\" target=\"_blank\">version archiv\u00e9e<\/a>)<\/p>\n\n\n\n<p class=\"wp-block-paragraph\"><a href=\"https:\/\/www.weforum.org\/agenda\/2021\/01\/davos-agenda-digital-identity-frameworks\/\">A propos du WEF<\/a> (<a href=\"https:\/\/archive.ph\/iNOkS\" target=\"_blank\" rel=\"noreferrer noopener\">version archiv\u00e9e<\/a>)<\/p>\n\n\n\n<p class=\"wp-block-paragraph\"><a href=\"https:\/\/reclaimthenet.org\/civil-liberties-groups-push-back-against-eu-digital-id-proposals\" target=\"_blank\" rel=\"noreferrer noopener\">Page web \u00ab\u00a0Reclaim the net\u00a0\u00bb<\/a>&nbsp;(<a href=\"https:\/\/archive.ph\/XT2kJ\" target=\"_blank\" rel=\"noreferrer noopener\">version archiv\u00e9e<\/a>)<\/p>\n\n\n\n<p class=\"wp-block-paragraph\"><a href=\"https:\/\/commission.europa.eu\/strategy-and-policy\/priorities-2019-2024\/europe-fit-digital-age\/european-digital-identity_fr\" target=\"_blank\" rel=\"noreferrer noopener\">A propos du portefeuille d&rsquo;identit\u00e9 num\u00e9rique europ\u00e9en<\/a>&nbsp;(<a href=\"https:\/\/archive.ph\/0y21J\" target=\"_blank\" rel=\"noreferrer noopener\">version archiv\u00e9e<\/a>)<\/p>\n\n\n\n<p class=\"wp-block-paragraph\"><a rel=\"noreferrer noopener\" href=\"https:\/\/www.rtbf.be\/article\/a-quoi-va-vous-servir-le-futur-portefeuille-europeen-d-identite-numerique-11009500\" target=\"_blank\">A quoi servira ce portefeuille ? &#8211; Article RTBF<\/a>&nbsp;(<a rel=\"noreferrer noopener\" href=\"https:\/\/archive.ph\/d6Kh5\" target=\"_blank\">version archiv\u00e9e<\/a>)<\/p>\n\n\n\n<p class=\"wp-block-paragraph\"><a href=\"https:\/\/www.euractiv.fr\/section\/tech\/news\/portefeuille-numerique-le-dossier-progresse-mais-nest-pas-encore-boucle\/\" target=\"_blank\" rel=\"noreferrer noopener\">A propos des discussions en cours &#8211; Article Euractiv<\/a> (<a href=\"https:\/\/archive.ph\/aOqH1\" target=\"_blank\" rel=\"noreferrer noopener\">version archiv\u00e9e<\/a>)<\/p>\n\n\n\n<p class=\"wp-block-paragraph\"><a rel=\"noreferrer noopener\" href=\"https:\/\/www.lesoir.be\/439111\/article\/2022-04-30\/carta-academica-pourquoi-un-portefeuille-numerique-europeen-marche-forcee\" target=\"_blank\">A propos des critiques \u00e9mises &#8211; Carte blanche Le Soir\u00a0<\/a>(<a rel=\"noreferrer noopener\" href=\"https:\/\/web.archive.org\/web\/20230922095338\/https:\/\/www.lesoir.be\/439111\/article\/2022-04-30\/carta-academica-pourquoi-un-portefeuille-numerique-europeen-marche-forcee\" target=\"_blank\">version archiv\u00e9e<\/a>)<\/p>\n\n\n\n<h3 class=\"wp-block-heading\">\u00c0 propos des fact-checks de la dpa<\/h3>\n\n\n\n<p class=\"wp-block-paragraph\">Vous trouverez d\u2019autres fact-checks de la dpa sur la page&nbsp;<a href=\"https:\/\/dpa-factchecking.com\/\">dpa-factchecking.com<\/a>. Nous vous informons&nbsp;<a href=\"https:\/\/dpa-factchecking.com\/about\/belgium\/#francaise\">ici<\/a>&nbsp;sur les principes de notre travail.<\/p>\n\n\n\n<p class=\"wp-block-paragraph\">Si vous avez des objections ou des remarques, merci de les envoyer \u00e0 l\u2019adresse&nbsp;<a href=\"mailto:factcheck-belgium@dpa.com\">factcheck-belgium@dpa.com<\/a>.<\/p>\n","protected":false},"excerpt":{"rendered":"<p>Le projet de portefeuille d&rsquo;identit\u00e9 num\u00e9rique de la Commission europ\u00e9enne est loin de faire l&rsquo;unanimit\u00e9. Mais certains sites web en profitent pour attiser les craintes avec des titres mensongers.   <\/p>\n","protected":false},"author":128,"featured_media":157530,"comment_status":"closed","ping_status":"closed","sticky":false,"template":"","format":"standard","meta":{"_acf_changed":false,"_et_pb_use_builder":"","_et_pb_old_content":"","_et_gb_content_width":"","footnotes":""},"categories":[829],"tags":[8481,4111,521],"class_list":["post-161567","post","type-post","status-publish","format-standard","has-post-thumbnail","hentry","category-fact-check","tag-digitalisation","tag-politique","tag-ue-2"],"acf":[],"_links":{"self":[{"href":"https:\/\/europeannewsroom.com\/fr\/wp-json\/wp\/v2\/posts\/161567","targetHints":{"allow":["GET"]}}],"collection":[{"href":"https:\/\/europeannewsroom.com\/fr\/wp-json\/wp\/v2\/posts"}],"about":[{"href":"https:\/\/europeannewsroom.com\/fr\/wp-json\/wp\/v2\/types\/post"}],"author":[{"embeddable":true,"href":"https:\/\/europeannewsroom.com\/fr\/wp-json\/wp\/v2\/users\/128"}],"replies":[{"embeddable":true,"href":"https:\/\/europeannewsroom.com\/fr\/wp-json\/wp\/v2\/comments?post=161567"}],"version-history":[{"count":0,"href":"https:\/\/europeannewsroom.com\/fr\/wp-json\/wp\/v2\/posts\/161567\/revisions"}],"wp:featuredmedia":[{"embeddable":true,"href":"https:\/\/europeannewsroom.com\/fr\/wp-json\/wp\/v2\/media\/157530"}],"wp:attachment":[{"href":"https:\/\/europeannewsroom.com\/fr\/wp-json\/wp\/v2\/media?parent=161567"}],"wp:term":[{"taxonomy":"category","embeddable":true,"href":"https:\/\/europeannewsroom.com\/fr\/wp-json\/wp\/v2\/categories?post=161567"},{"taxonomy":"post_tag","embeddable":true,"href":"https:\/\/europeannewsroom.com\/fr\/wp-json\/wp\/v2\/tags?post=161567"}],"curies":[{"name":"wp","href":"https:\/\/api.w.org\/{rel}","templated":true}]}}