{"id":161575,"date":"2023-09-22T14:57:15","date_gmt":"2023-09-22T12:57:15","guid":{"rendered":"https:\/\/europeannewsroom.dpa.com\/?p=161575"},"modified":"2023-09-22T14:57:17","modified_gmt":"2023-09-22T12:57:17","slug":"des-problemes-sur-le-marche-interieur-de-lue-apres-la-fin-de-linterdiction-dimportation-de-cereales-ukrainiennes","status":"publish","type":"post","link":"https:\/\/europeannewsroom.com\/fr\/des-problemes-sur-le-marche-interieur-de-lue-apres-la-fin-de-linterdiction-dimportation-de-cereales-ukrainiennes\/","title":{"rendered":"Des probl\u00e8mes sur le march\u00e9 int\u00e9rieur de l\u2019UE apr\u00e8s la fin de l\u2019interdiction d\u2019importation de c\u00e9r\u00e9ales ukrainiennes\u00a0?"},"content":{"rendered":"\n<p class=\"wp-block-paragraph\">Le 15&nbsp;septembre, la Commission europ\u00e9enne a d\u00e9cid\u00e9 de ne pas prolonger l\u2019interdiction d\u2019importation de c\u00e9r\u00e9ales ukrainiennes \u2013 notamment de bl\u00e9, de ma\u00efs, de tournesol et de colza \u2013 qui s\u2019appliquait aux voisins de l\u2019Ukraine membres de l\u2019UE&nbsp;: la Pologne, la Hongrie, la Slovaquie, la Roumanie et la Bulgarie.<\/p>\n\n\n\n<p class=\"wp-block-paragraph\">Le lendemain, la Pologne, la Hongrie et la Slovaquie ont d\u00e9cid\u00e9 de leur propre initiative d\u2019interdire les importations de c\u00e9r\u00e9ales et d\u2019autres marchandises ukrainiennes. Leur justification&nbsp;: leurs agriculteurs doivent \u00eatre prot\u00e9g\u00e9s de la concurrence des importations ukrainiennes, qui ont consid\u00e9rablement augment\u00e9.<\/p>\n\n\n\n<p class=\"wp-block-paragraph\">L\u2019Ukraine et la Commission europ\u00e9enne ont demand\u00e9 aux trois \u00c9tats de renoncer \u00e0 cette extension unilat\u00e9rale de l\u2019embargo. La Commission examine les mesures prises par les trois \u00c9tats de l\u2019UE, a d\u00e9clar\u00e9 une porte-parole.<\/p>\n\n\n\n<p class=\"wp-block-paragraph\">Entre-temps, Kiev a d\u00e9pos\u00e9 une plainte contre ces trois pays aupr\u00e8s de l\u2019Organisation mondiale du commerce (OMC). Le commissaire europ\u00e9en polonais \u00e0 l\u2019Agriculture, <strong>Janusz Wojciechowski<\/strong>, a d\u00e9clar\u00e9 qu\u2019il \u00e9tait \u00ab&nbsp;plut\u00f4t surpris que l\u2019Ukraine ait choisi cette voie&nbsp;\u00bb, \u00e9tant donn\u00e9 que les volumes d\u2019exportation ont fortement augment\u00e9 ces derniers mois malgr\u00e9 les restrictions.<\/p>\n\n\n\n<p class=\"wp-block-paragraph\">\u00ab&nbsp;Pour nous, il est important de prouver que les \u00c9tats membres ne peuvent pas interdire individuellement les importations de marchandises ukrainiennes&nbsp;\u00bb, a d\u00e9clar\u00e9 <strong>Julia Swyrydenko<\/strong>, premi\u00e8re vice-Premi\u00e8re ministre et ministre de l\u2019\u00c9conomie de l\u2019Ukraine. Dans un discours prononc\u00e9 devant l\u2019Assembl\u00e9e g\u00e9n\u00e9rale des Nations unies, le pr\u00e9sident ukrainien <strong>Volodymyr Zelensky<\/strong> a d\u00e9clar\u00e9 que le \u00ab&nbsp;th\u00e9\u00e2tre politique&nbsp;\u00bb autour des importations de c\u00e9r\u00e9ales ne ferait qu\u2019aider Moscou.<\/p>\n\n\n\n<h2 class=\"wp-block-heading\">La \u00ab\u00a0solidarit\u00e9 \u00e0 temps partiel\u00a0\u00bb ne fonctionne pas, l\u2019unit\u00e9 doit pr\u00e9valoir sur le march\u00e9 int\u00e9rieur<\/h2>\n\n\n\n<p class=\"wp-block-paragraph\">Lundi, les ministres de l\u2019Agriculture de l\u2019UE ont tenu une r\u00e9union du conseil Agriculture et P\u00eache. Certains se sont montr\u00e9s constern\u00e9s par les interdictions arbitraires d\u00e9cid\u00e9es par Varsovie, Bratislava et Budapest, d\u2019autres ont affich\u00e9 une certaine compr\u00e9hension face \u00e0 leur d\u00e9cision.<\/p>\n\n\n\n<p class=\"wp-block-paragraph\">\u00ab\u00a0Lorsqu\u2019un \u00c9tat membre prend des mesures restrictives unilat\u00e9rales, je consid\u00e8re qu\u2019il s\u2019agit non seulement d\u2019une erreur, mais aussi d\u2019une violation du droit communautaire et, de toute \u00e9vidence, des principes du march\u00e9 int\u00e9rieur\u00a0\u00bb, a d\u00e9clar\u00e9 le ministre espagnol de l\u2019Agriculture, <strong>Luis Planas<\/strong>, qui pr\u00e9sidait la r\u00e9union. Il a rappel\u00e9 que les 27 de l\u2019UE avaient d\u00e9fendu la n\u00e9cessit\u00e9 de maintenir l\u2019unit\u00e9 pour d\u00e9fendre l\u2019Ukraine quant \u00e0 des interdictions \u00ab\u00a0unilat\u00e9rales\u00a0\u00bb des importations de c\u00e9r\u00e9ales et avaient appel\u00e9 \u00e0 prendre des mesures \u00ab\u00a0par consensus\u00a0\u00bb.<\/p>\n\n\n\n<p class=\"wp-block-paragraph\">La ministre slov\u00e8ne de l\u2019Agriculture, <strong>Irena \u0160inko<\/strong>, s\u2019est elle aussi dite pr\u00e9occup\u00e9e par les mesures unilat\u00e9rales et a soulign\u00e9 l\u2019importance d\u2019une approche europ\u00e9enne unifi\u00e9e. Le ministre allemand de l\u2019Agriculture, <strong>Cem \u00d6zdemir<\/strong>, a critiqu\u00e9 la d\u00e9marche des gouvernements de Varsovie, Budapest et Bratislava, la qualifiant de \u00ab&nbsp;solidarit\u00e9 \u00e0 temps partiel&nbsp;\u00bb avec l\u2019Ukraine. \u00ab&nbsp;Je ne vois pas non plus comment cela pourrait \u00eatre compatible avec le droit europ\u00e9en&nbsp;\u00bb, a-t-il ajout\u00e9, pr\u00e9cisant que selon ses informations, le march\u00e9 s\u2019accommodait bien des c\u00e9r\u00e9ales ukrainiennes.<\/p>\n\n\n\n<p class=\"wp-block-paragraph\">Son homologue autrichien, <strong>Norbert Totschnig<\/strong>, a appel\u00e9 l\u2019UE \u00e0 garantir le fonctionnement du march\u00e9 int\u00e9rieur. Il a soulign\u00e9 la solidarit\u00e9 avec l\u2019Ukraine tout en faisant preuve de compr\u00e9hension envers les pays voisins. L\u2019infrastructure devrait \u00eatre d\u00e9velopp\u00e9e afin que les c\u00e9r\u00e9ales ukrainiennes soient achemin\u00e9es l\u00e0 o\u00f9 elles sont le plus n\u00e9cessaires, par exemple dans les pays du Proche-Orient et d\u2019Afrique, a d\u00e9clar\u00e9 M.\u00a0Totschnig.<\/p>\n\n\n\n<figure class=\"wp-block-image size-full\"><img loading=\"lazy\" decoding=\"async\" width=\"1920\" height=\"1280\" src=\"https:\/\/europeannewsroom.com\/wp-content\/uploads\/2022\/08\/urnnewsmldpa.com20090101apc624f971462b4d828d78e54a68a759bd-v1005-s2048.jpeg\" alt=\"\" class=\"wp-image-29189\"\/><figcaption class=\"wp-element-caption\">Les difficult\u00e9s d&rsquo;exportation de l&rsquo;Ukraine ont suscit\u00e9 des inqui\u00e9tudes dans le monde entier concernant l&rsquo;approvisionnement en c\u00e9r\u00e9ales. L&rsquo;UE a renforc\u00e9 les \u00ab voies de solidarit\u00e9 \u00bb. Photo: AP\/dpa<\/figcaption><\/figure>\n\n\n\n<h2 class=\"wp-block-heading\">Inqui\u00e9tude quant \u00e0 l\u2019approvisionnement mondial en c\u00e9r\u00e9ales<\/h2>\n\n\n\n<p class=\"wp-block-paragraph\">L\u2019Ukraine, un important producteur de c\u00e9r\u00e9ales, a des difficult\u00e9s \u00e0 exporter ses denr\u00e9es alimentaires en raison du blocus russe des ports ukrainiens de la mer Noire, ce qui a suscit\u00e9 dans le monde entier des inqui\u00e9tudes quant \u00e0 l\u2019approvisionnement en c\u00e9r\u00e9ales. En cons\u00e9quence, l\u2019UE est devenue une voie de transit et une destination d\u2019exportation importante pour les c\u00e9r\u00e9ales ukrainiennes destin\u00e9es \u00e0 l\u2019Afrique et au Moyen-Orient. Mi-juillet, la Russie a d\u00e9nonc\u00e9 l\u2019accord sur les c\u00e9r\u00e9ales de la mer Noire, qui permettait auparavant \u00e0 l\u2019Ukraine d\u2019exporter des c\u00e9r\u00e9ales via les ports de la mer Noire, et a intensifi\u00e9 ses attaques contre les installations d\u2019exportation ukrainiennes.<\/p>\n\n\n\n<p class=\"wp-block-paragraph\">L\u2019UE a renforc\u00e9 d\u2019autres voies dites de solidarit\u00e9, des routes terrestres et fluviales par lesquelles plus de 44&nbsp;millions de tonnes de c\u00e9r\u00e9ales ont \u00e9t\u00e9 export\u00e9es d\u2019Ukraine apr\u00e8s l\u2019invasion russe.<\/p>\n\n\n\n<p class=\"wp-block-paragraph\">Le Premier ministre croate <strong>Andrej Plenkovi\u0107<\/strong> a d\u00e9clar\u00e9 qu\u2019un message clair avait \u00e9t\u00e9 transmis aux dirigeants ukrainiens, \u00e0 savoir que la Croatie souhaite \u00eatre un pays de transit et non se retrouver inond\u00e9e de c\u00e9r\u00e9ales bon march\u00e9, ce qui pourrait poser des probl\u00e8mes aux agriculteurs locaux. Au d\u00e9but du mois, des responsables ukrainiens ont confirm\u00e9 que des c\u00e9r\u00e9ales ukrainiennes \u00e9taient exp\u00e9di\u00e9es via les ports croates du Danube et de l\u2019Adriatique. \u00ab&nbsp;Bien qu\u2019il s\u2019agisse d\u2019une route commerciale de niche, elle jouit d\u00e9j\u00e0 d\u2019une grande popularit\u00e9&nbsp;\u00bb, a d\u00e9clar\u00e9 Julia Swyrydenko.<\/p>\n\n\n\n<h2 class=\"wp-block-heading\">Mesures, protestations, peur et c\u00e9r\u00e9ales<\/h2>\n\n\n\n<p class=\"wp-block-paragraph\">La mesure europ\u00e9enne d\u2019interdiction temporaire des importations a d\u2019abord \u00e9t\u00e9 introduite en avril, puis prolong\u00e9e en juin jusqu\u2019\u00e0 la mi-septembre. Face \u00e0 l\u2019effondrement des prix sur les march\u00e9s locaux et \u00e0 la col\u00e8re des agriculteurs europ\u00e9ens, l\u2019interdiction a \u00e9t\u00e9 mise en place en r\u00e9action aux goulets d\u2019\u00e9tranglement logistiques et \u00e0 l\u2019accumulation de bl\u00e9 qui ont entra\u00een\u00e9 des distorsions du march\u00e9 dans les cinq pays d\u2019Europe de l\u2019Est.<\/p>\n\n\n\n<p class=\"wp-block-paragraph\">Selon la Commission europ\u00e9enne, ces distorsions ont d\u00e9sormais \u00ab&nbsp;disparu&nbsp;\u00bb, de sorte que les restrictions temporaires introduites pr\u00e9c\u00e9demment ne sont \u00ab&nbsp;plus n\u00e9cessaires&nbsp;\u00bb. Cette d\u00e9cision a \u00e9t\u00e9 prise apr\u00e8s que Kiev a accept\u00e9 de mettre en place dans un d\u00e9lai de 30 jours des mesures telles qu\u2019un syst\u00e8me de licences d\u2019exportation afin \u00ab&nbsp;d\u2019\u00e9viter une hausse soudaine des prix des c\u00e9r\u00e9ales&nbsp;\u00bb, selon la Commission.<\/p>\n\n\n\n<p class=\"wp-block-paragraph\">Le ministre ukrainien de la Politique agricole et de l\u2019Alimentation, <strong>Mykola Solsky<\/strong>, s\u2019est exprim\u00e9 par vid\u00e9oconf\u00e9rence lors de la r\u00e9union de l\u2019UE sur l\u2019agriculture\u00a0: \u00ab\u00a0Nous pensons que ce plan d\u2019action satisfera toutes les parties. Et que les trois pays qui s\u2019opposent actuellement aux exportations agricoles ukrainiennes se rallieront aussi \u00e0 ce plan. Nous avons tous le m\u00eame objectif, \u00e0 savoir la victoire dans cette terrible guerre. Et \u00e0 cette fin, nous devons nous comprendre et nous soutenir mutuellement.\u00a0\u00bb<\/p>\n\n\n\n<figure class=\"wp-block-image size-full\"><img loading=\"lazy\" decoding=\"async\" width=\"1920\" height=\"1281\" src=\"https:\/\/europeannewsroom.com\/wp-content\/uploads\/2022\/08\/urnnewsmldpa.com20090101220810-99-340272-v2-s2048.jpeg\" alt=\"\" class=\"wp-image-28315\"\/><figcaption class=\"wp-element-caption\">Le Premier ministre polonais Mateusz Morawiecki. Les \u00e9lections en Pologne sont pr\u00e9vues pour la mi-octobre. Photo : Geert Vanden Wijngaert\/AP\/dpa<\/figcaption><\/figure>\n\n\n\n<p class=\"wp-block-paragraph\">D\u00e8s l\u2019expiration de l\u2019interdiction de l\u2019UE, la Hongrie a annonc\u00e9 la fermeture de sa fronti\u00e8re \u00e0 24 produits ukrainiens, contre 4 auparavant.<\/p>\n\n\n\n<p class=\"wp-block-paragraph\">Le gouvernement polonais populiste de droite du parti Droit et Justice (PiS) a suivi cet exemple en prolongeant l\u2019embargo sur les c\u00e9r\u00e9ales ukrainiennes. Le sujet est particuli\u00e8rement sensible \u00e0 l\u2019approche des \u00e9lections du mois prochain, \u00e9tant donn\u00e9 que le gouvernement actuel b\u00e9n\u00e9ficie d\u2019un fort soutien dans les r\u00e9gions agricoles et qu\u2019un diff\u00e9rend a \u00e9clat\u00e9 entre Varsovie et Kiev. \u00ab&nbsp;Je mets en garde les autorit\u00e9s ukrainiennes&nbsp;: si le conflit s\u2019aggrave, nous \u00e9tendrons l\u2019interdiction d\u2019importation sur le territoire polonais \u00e0 d\u2019autres produits&nbsp;\u00bb, a d\u00e9clar\u00e9 le Premier ministre polonais <strong>Mateusz Morawiecki<\/strong>.<\/p>\n\n\n\n<p class=\"wp-block-paragraph\">Il a toutefois assur\u00e9 que la Pologne, un alli\u00e9 important de l\u2019Ukraine, continuerait \u00e0 aider son voisin, mais \u00ab&nbsp;pas au prix d\u2019une d\u00e9stabilisation du march\u00e9 polonais&nbsp;\u00bb. Apr\u00e8s la confusion initiale provoqu\u00e9e mercredi par les d\u00e9clarations du Premier ministre sur les livraisons d\u2019armes, un porte-parole du gouvernement a d\u00e9clar\u00e9 jeudi&nbsp;: \u00ab&nbsp;En ce qui concerne les questions relatives aux livraisons d\u2019armes, je voudrais vous informer que la Pologne n\u2019effectue que des livraisons de munitions et d\u2019\u00e9quipements militaires convenues au pr\u00e9alable. Y compris celles qui d\u00e9coulent de contrats sign\u00e9s avec l\u2019Ukraine.&nbsp;\u00bb<\/p>\n\n\n\n<p class=\"wp-block-paragraph\">La Slovaquie aussi avait annonc\u00e9 dans un premier temps qu\u2019elle interdirait l\u2019importation de quatre mati\u00e8res premi\u00e8res, dont le bl\u00e9, d\u2019ici la fin de l\u2019ann\u00e9e. \u00ab&nbsp;Notre position est de prendre des mesures ind\u00e9pendantes jusqu\u2019\u00e0 ce que le syst\u00e8me de garantie de l\u2019Ukraine ait \u00e9t\u00e9 \u00e9valu\u00e9 et que nous ayons l\u2019assurance que les importations sont sous contr\u00f4le&nbsp;\u00bb, a d\u00e9clar\u00e9 le ministre slovaque de l\u2019Agriculture, <strong>Jozef B\u00edre\u0161<\/strong>. Il a ajout\u00e9 qu\u2019avant de lever l\u2019embargo, la Commission europ\u00e9enne aurait d\u00fb instaurer une p\u00e9riode de transition afin de tester l\u2019efficacit\u00e9 du syst\u00e8me et de voir s\u2019il emp\u00eachait les importations incontr\u00f4l\u00e9es.<\/p>\n\n\n\n<p class=\"wp-block-paragraph\">Le ministre a toutefois indiqu\u00e9 que, malgr\u00e9 la nouvelle situation, le soutien \u00e0 l\u2019Ukraine et au transit de ses c\u00e9r\u00e9ales vers les march\u00e9s mondiaux demeurait. Jeudi, l\u2019Ukraine et la Slovaquie ont convenu de mettre en place un syst\u00e8me de licences pour le commerce des c\u00e9r\u00e9ales, de sorte que l\u2019embargo pourra \u00eatre lev\u00e9 d\u00e8s que ce syst\u00e8me sera en place. Le 30\u00a0septembre, des \u00e9lections l\u00e9gislatives anticip\u00e9es doivent avoir lieu en Slovaquie pour \u00e9lire les membres du Conseil national.<\/p>\n\n\n\n<blockquote class=\"wp-block-quote is-layout-flow wp-block-quote-is-layout-flow\">\n<p class=\"wp-block-paragraph\">Les usines de transformation importent d\u2019Ukraine des c\u00e9r\u00e9ales moins ch\u00e8res alors que nos co\u00fbts ont tripl\u00e9 depuis le d\u00e9but de la guerre.<\/p>\n<cite>L\u2019agriculteur <strong>Yasen Nakov<\/strong> lors d\u2019une manifestation de protestation en Bulgarie<\/cite><\/blockquote>\n\n\n\n<p class=\"wp-block-paragraph\">La Bulgarie se d\u00e9marque de ses voisins r\u00e9gionaux&nbsp;: nombre de ses producteurs d\u2019huile de tournesol se sont plaints d\u2019une grave p\u00e9nurie de semences et de prix \u00e9lev\u00e9s depuis le d\u00e9but de l\u2019embargo. Les agriculteurs du pays sont toutefois m\u00e9contents de la d\u00e9cision de leur gouvernement de ne pas renouveler l\u2019interdiction. \u00ab&nbsp;Les usines de transformation importent d\u2019Ukraine des c\u00e9r\u00e9ales moins ch\u00e8res alors que nos co\u00fbts ont tripl\u00e9 depuis le d\u00e9but de la guerre&nbsp;\u00bb, a d\u00e9clar\u00e9 l\u2019agriculteur <strong>Yasen Nakov<\/strong> lors d\u2019une manifestation de protestation.<\/p>\n\n\n\n<p class=\"wp-block-paragraph\">Les associations d\u2019agriculteurs ont pr\u00e9sent\u00e9 une liste de cinq revendications. Le 20&nbsp;septembre, un accord a \u00e9t\u00e9 trouv\u00e9 par lequel le gouvernement s\u2019est engag\u00e9 \u00e0 interdire l\u2019importation de graines de tournesol ukrainiennes jusqu\u2019\u00e0 ce que des quotas d\u2019importation aient \u00e9t\u00e9 convenus. Le cabinet a \u00e9galement approuv\u00e9 l\u2019introduction d\u2019un syst\u00e8me de licences pour l\u2019importation de bl\u00e9, de ma\u00efs et de colza afin de r\u00e9duire les d\u00e9lais de paiement des subventions agricoles et de diminuer la charge administrative pour les agriculteurs.<\/p>\n\n\n\n<p class=\"wp-block-paragraph\">En Roumanie, pays par lequel transitent les plus grandes quantit\u00e9s de c\u00e9r\u00e9ales ukrainiennes export\u00e9es, les organisations agricoles ont suspendu leurs manifestations pendant 30 jours, le temps que l&rsquo;Ukraine mette en \u0153uvre les mesures convenues avec Bruxelles en \u00e9change de la lev\u00e9e de l&rsquo;interdiction d&rsquo;importation.<\/p>\n\n\n\n<p class=\"wp-block-paragraph\">Le ministre de l&rsquo;Agriculture, <strong>Florin Barbu<\/strong>, a assur\u00e9 aux associations d&rsquo;agriculteurs que rien ne serait import\u00e9 d&rsquo;Ukraine pendant cette p\u00e9riode de 30 jours. Bucarest a accept\u00e9 que les licences d&rsquo;importation de c\u00e9r\u00e9ales ne soient accord\u00e9es qu&rsquo;aux agriculteurs et transformateurs roumains. Le gouvernement a soulign\u00e9 que sans les autorisations n\u00e9cessaires, aucune c\u00e9r\u00e9ale ne pourrait franchir la fronti\u00e8re. Si ces exigences ne sont pas respect\u00e9es, la Roumanie prendra \u00e0 son tour la mesure unilat\u00e9rale d&rsquo;interdire les importations en provenance d&rsquo;Ukraine, tandis que les agriculteurs ont promis qu&rsquo;ils r\u00e9agiraient \u00ab\u00a0par des protestations \u00e0 grande \u00e9chelle\u00a0\u00bb.<\/p>\n\n\n\n<p class=\"wp-block-paragraph\"><\/p>\n\n\n\n<p class=\"wp-block-paragraph\"><em>Cet article est publi\u00e9 hebdomadaire. Le contenu est bas\u00e9 sur des nouvelles des agences participantes au sein de la enr.<\/em><\/p>\n","protected":false},"excerpt":{"rendered":"<p>Le 15 septembre, l\u2019interdiction temporaire d\u2019importer des c\u00e9r\u00e9ales ukrainiennes a pris fin pour les cinq voisins europ\u00e9ens de l\u2019Ukraine. La Hongrie, la Slovaquie et la Pologne \u2013 dans ces deux derniers pays, des \u00e9lections l\u00e9gislatives sont pr\u00e9vues dans les semaines \u00e0 venir \u2013 ont prolong\u00e9 de leur propre chef leur interdiction d\u2019importation, au grand dam de l\u2019UE. L\u2019Ukraine a d\u00e9pos\u00e9 une plainte aupr\u00e8s de l\u2019Organisation mondiale du commerce.<\/p>\n","protected":false},"author":119,"featured_media":160189,"comment_status":"closed","ping_status":"closed","sticky":false,"template":"","format":"standard","meta":{"_acf_changed":false,"_et_pb_use_builder":"","_et_pb_old_content":"","_et_gb_content_width":"","footnotes":""},"categories":[39],"tags":[2187,11420,3037,1777,2665,11419,2963,11421,521,523],"class_list":["post-161575","post","type-post","status-publish","format-standard","has-post-thumbnail","hentry","category-key-story","tag-agriculture-3","tag-bulgarie","tag-cereales-2","tag-hongrie","tag-pologne","tag-romanie","tag-roumanie","tag-slovaquie","tag-ue-2","tag-ukraine-3"],"acf":[],"_links":{"self":[{"href":"https:\/\/europeannewsroom.com\/fr\/wp-json\/wp\/v2\/posts\/161575","targetHints":{"allow":["GET"]}}],"collection":[{"href":"https:\/\/europeannewsroom.com\/fr\/wp-json\/wp\/v2\/posts"}],"about":[{"href":"https:\/\/europeannewsroom.com\/fr\/wp-json\/wp\/v2\/types\/post"}],"author":[{"embeddable":true,"href":"https:\/\/europeannewsroom.com\/fr\/wp-json\/wp\/v2\/users\/119"}],"replies":[{"embeddable":true,"href":"https:\/\/europeannewsroom.com\/fr\/wp-json\/wp\/v2\/comments?post=161575"}],"version-history":[{"count":0,"href":"https:\/\/europeannewsroom.com\/fr\/wp-json\/wp\/v2\/posts\/161575\/revisions"}],"wp:featuredmedia":[{"embeddable":true,"href":"https:\/\/europeannewsroom.com\/fr\/wp-json\/wp\/v2\/media\/160189"}],"wp:attachment":[{"href":"https:\/\/europeannewsroom.com\/fr\/wp-json\/wp\/v2\/media?parent=161575"}],"wp:term":[{"taxonomy":"category","embeddable":true,"href":"https:\/\/europeannewsroom.com\/fr\/wp-json\/wp\/v2\/categories?post=161575"},{"taxonomy":"post_tag","embeddable":true,"href":"https:\/\/europeannewsroom.com\/fr\/wp-json\/wp\/v2\/tags?post=161575"}],"curies":[{"name":"wp","href":"https:\/\/api.w.org\/{rel}","templated":true}]}}