{"id":1704352,"date":"2025-10-15T15:51:46","date_gmt":"2025-10-15T13:51:46","guid":{"rendered":"https:\/\/europeannewsroom.com\/?p=1704352"},"modified":"2025-10-15T15:51:51","modified_gmt":"2025-10-15T13:51:51","slug":"il-est-temps-pour-la-serbie-detre-concrete-dans-sa-volonte-de-rejoindre-lue-von-der-leyen","status":"publish","type":"post","link":"https:\/\/europeannewsroom.com\/fr\/il-est-temps-pour-la-serbie-detre-concrete-dans-sa-volonte-de-rejoindre-lue-von-der-leyen\/","title":{"rendered":"\u00ab\u00a0Il est temps pour la Serbie d&rsquo;\u00eatre concr\u00e8te\u00a0\u00bb dans sa volont\u00e9 de rejoindre l&rsquo;UE (von der Leyen)"},"content":{"rendered":"\n<p class=\"wp-block-paragraph\">Belgrade &#8211; \u00ab&nbsp;M. le pr\u00e9sident, il est temps pour la Serbie d&rsquo;\u00eatre concr\u00e8te&nbsp;\u00bb dans sa volont\u00e9 de rejoindre l&rsquo;Union europ\u00e9enne, a d\u00e9clar\u00e9 mercredi la pr\u00e9sidente de la Commission europ\u00e9enne Ursula von der Leyen, lors d&rsquo;une conf\u00e9rence de presse commune avec le pr\u00e9sident serbe Aleksandar Vucic.<\/p>\n\n\n\n<p class=\"wp-block-paragraph\">\u00ab&nbsp;Nous devons voir des efforts sur le plan de l&rsquo;\u00c9tat de droit, les r\u00e9formes \u00e9lectorales et la libert\u00e9 de la presse&nbsp;\u00bb, ainsi qu&rsquo;un \u00ab&nbsp;meilleur alignement sur notre diplomatie, dont les sanctions contre la Russie&nbsp;\u00bb, a ajout\u00e9 Mme von der Leyen, des sanctions que la Serbie, candidate depuis 2012 \u00e0 l&rsquo;adh\u00e9sion \u00e0 l\u2019UE, n&rsquo;a jamais impos\u00e9es \u00e0 Moscou.<\/p>\n\n\n\n<p class=\"wp-block-paragraph\">\u00ab\u00a0L&rsquo;adh\u00e9sion \u00e0 l&rsquo;Union europ\u00e9enne est un engagement strat\u00e9gique et la priorit\u00e9 de notre politique \u00e9trang\u00e8re\u00a0\u00bb, a r\u00e9pondu le pr\u00e9sident Vucic, qui man\u0153uvre depuis des ann\u00e9es sur une fine ligne de cr\u00eate diplomatique entre l\u2019UE et ses liens forts avec la Russie mais aussi la Chine, qui a notamment investi dans des mines serbes.&nbsp;(15 octobre 2025)<\/p>\n","protected":false},"excerpt":{"rendered":"<p>La pr\u00e9sidente de la Commission europ\u00e9enne, en visite \u00e0 Belgrade, a demand\u00e9 au le chef de l\u2019Etat serbe de fournir des efforts en faveur de l\u2019Etat de droit et de la libert\u00e9 de la presse, ainsi que de suivre la diplomatie de l\u2019UE en mati\u00e8re de sanctions contre la Russie. <\/p>\n","protected":false},"author":21,"featured_media":1704376,"comment_status":"closed","ping_status":"closed","sticky":false,"template":"","format":"standard","meta":{"_acf_changed":false,"_et_pb_use_builder":"","_et_pb_old_content":"","_et_gb_content_width":"","footnotes":""},"categories":[45],"tags":[1899,14468,21940],"class_list":["post-1704352","post","type-post","status-publish","format-standard","has-post-thumbnail","hentry","category-europe-in-brief","tag-diplomatie-2","tag-elargissement-2","tag-serbvie"],"acf":[],"_links":{"self":[{"href":"https:\/\/europeannewsroom.com\/fr\/wp-json\/wp\/v2\/posts\/1704352","targetHints":{"allow":["GET"]}}],"collection":[{"href":"https:\/\/europeannewsroom.com\/fr\/wp-json\/wp\/v2\/posts"}],"about":[{"href":"https:\/\/europeannewsroom.com\/fr\/wp-json\/wp\/v2\/types\/post"}],"author":[{"embeddable":true,"href":"https:\/\/europeannewsroom.com\/fr\/wp-json\/wp\/v2\/users\/21"}],"replies":[{"embeddable":true,"href":"https:\/\/europeannewsroom.com\/fr\/wp-json\/wp\/v2\/comments?post=1704352"}],"version-history":[{"count":0,"href":"https:\/\/europeannewsroom.com\/fr\/wp-json\/wp\/v2\/posts\/1704352\/revisions"}],"wp:featuredmedia":[{"embeddable":true,"href":"https:\/\/europeannewsroom.com\/fr\/wp-json\/wp\/v2\/media\/1704376"}],"wp:attachment":[{"href":"https:\/\/europeannewsroom.com\/fr\/wp-json\/wp\/v2\/media?parent=1704352"}],"wp:term":[{"taxonomy":"category","embeddable":true,"href":"https:\/\/europeannewsroom.com\/fr\/wp-json\/wp\/v2\/categories?post=1704352"},{"taxonomy":"post_tag","embeddable":true,"href":"https:\/\/europeannewsroom.com\/fr\/wp-json\/wp\/v2\/tags?post=1704352"}],"curies":[{"name":"wp","href":"https:\/\/api.w.org\/{rel}","templated":true}]}}