{"id":1714762,"date":"2025-10-17T17:15:50","date_gmt":"2025-10-17T15:15:50","guid":{"rendered":"https:\/\/europeannewsroom.com\/?p=1714762"},"modified":"2025-10-17T17:38:24","modified_gmt":"2025-10-17T15:38:24","slug":"ineligibilite-seule-une-condamnation-definitive-met-fin-au-mandat-dun-depute-europeen-tranche-le-conseil-detat-francais","status":"publish","type":"post","link":"https:\/\/europeannewsroom.com\/fr\/ineligibilite-seule-une-condamnation-definitive-met-fin-au-mandat-dun-depute-europeen-tranche-le-conseil-detat-francais\/","title":{"rendered":"In\u00e9ligibilit\u00e9 : seule une condamnation d\u00e9finitive met fin au mandat d&rsquo;un d\u00e9put\u00e9 europ\u00e9en, tranche le Conseil d&rsquo;Etat fran\u00e7ais"},"content":{"rendered":"\n<p class=\"wp-block-paragraph\">Paris \u2013 \u00ab&nbsp;Le Conseil d&rsquo;Etat juge aujourd&rsquo;hui que Nicolas Bay et Catherine Griset conservent leurs mandats de d\u00e9put\u00e9 europ\u00e9en, malgr\u00e9 leurs condamnations \u00e0 une peine d\u2019in\u00e9ligibilit\u00e9 avec ex\u00e9cution provisoire par le tribunal judiciaire de Paris le 31 mars dernier&nbsp;\u00bb, expose la plus haute juridiction administrative dans un communiqu\u00e9.<\/p>\n\n\n\n<p class=\"wp-block-paragraph\">Les deux parlementaires europ\u00e9ens fran\u00e7ais avaient \u00e9t\u00e9 condamn\u00e9s, y compris \u00e0 des peines d\u2019in\u00e9ligibilit\u00e9, dans le dossier des assistants parlementaires du Front National, devenu Rassemblement National. La cheffe de file du parti, Marine Le Pen, a \u00e9galement \u00e9t\u00e9 condamn\u00e9e. Ils \u00e9taient accus\u00e9s de d\u00e9tournement de fonds publics pour avoir r\u00e9mun\u00e9r\u00e9 des salari\u00e9s du parti avec l\u2019argent du parlement europ\u00e9en.<\/p>\n\n\n\n<p class=\"wp-block-paragraph\">\u00ab&nbsp;En application du droit national et du droit de l&rsquo;Union europ\u00e9enne, la d\u00e9ch\u00e9ance du mandat d\u2019un repr\u00e9sentant au Parlement europ\u00e9en par une condamnation \u00e0 une peine d&rsquo;in\u00e9ligibilit\u00e9 ne peut r\u00e9sulter que d&rsquo;une condamnation devenue d\u00e9finitive, ce qui n&rsquo;est pas le cas pour M. Bay et Mme Griset qui ont fait appel de leurs condamnations&nbsp;\u00bb, explique le Conseil d\u2019Etat. &nbsp;(17 octobre 2025)<\/p>\n","protected":false},"excerpt":{"rendered":"<p>Seule une condamnation d\u00e9finitive met fin au mandat d&rsquo;un d\u00e9put\u00e9 europ\u00e9en, a tranch\u00e9 vendredi le Conseil d&rsquo;Etat qui a rejet\u00e9 un recours demandant un d\u00e9cret du Premier ministre pour mettre fin aux mandats de deux eurod\u00e9put\u00e9s qui ont fait appel de leur condamnation dans le proc\u00e8s du Rassemblement national (extr\u00eame droite).<\/p>\n","protected":false},"author":21,"featured_media":1714763,"comment_status":"closed","ping_status":"closed","sticky":false,"template":"","format":"standard","meta":{"_acf_changed":false,"_et_pb_use_builder":"","_et_pb_old_content":"","_et_gb_content_width":"","footnotes":""},"categories":[45],"tags":[2667,9770],"class_list":["post-1714762","post","type-post","status-publish","format-standard","has-post-thumbnail","hentry","category-europe-in-brief","tag-justice-3","tag-parlement-2"],"acf":[],"_links":{"self":[{"href":"https:\/\/europeannewsroom.com\/fr\/wp-json\/wp\/v2\/posts\/1714762","targetHints":{"allow":["GET"]}}],"collection":[{"href":"https:\/\/europeannewsroom.com\/fr\/wp-json\/wp\/v2\/posts"}],"about":[{"href":"https:\/\/europeannewsroom.com\/fr\/wp-json\/wp\/v2\/types\/post"}],"author":[{"embeddable":true,"href":"https:\/\/europeannewsroom.com\/fr\/wp-json\/wp\/v2\/users\/21"}],"replies":[{"embeddable":true,"href":"https:\/\/europeannewsroom.com\/fr\/wp-json\/wp\/v2\/comments?post=1714762"}],"version-history":[{"count":0,"href":"https:\/\/europeannewsroom.com\/fr\/wp-json\/wp\/v2\/posts\/1714762\/revisions"}],"wp:featuredmedia":[{"embeddable":true,"href":"https:\/\/europeannewsroom.com\/fr\/wp-json\/wp\/v2\/media\/1714763"}],"wp:attachment":[{"href":"https:\/\/europeannewsroom.com\/fr\/wp-json\/wp\/v2\/media?parent=1714762"}],"wp:term":[{"taxonomy":"category","embeddable":true,"href":"https:\/\/europeannewsroom.com\/fr\/wp-json\/wp\/v2\/categories?post=1714762"},{"taxonomy":"post_tag","embeddable":true,"href":"https:\/\/europeannewsroom.com\/fr\/wp-json\/wp\/v2\/tags?post=1714762"}],"curies":[{"name":"wp","href":"https:\/\/api.w.org\/{rel}","templated":true}]}}