{"id":1723667,"date":"2025-10-21T15:37:36","date_gmt":"2025-10-21T13:37:36","guid":{"rendered":"https:\/\/europeannewsroom.com\/?p=1723667"},"modified":"2025-10-21T15:37:40","modified_gmt":"2025-10-21T13:37:40","slug":"les-eurodeputes-adoptent-une-reforme-du-permis-de-conduire","status":"publish","type":"post","link":"https:\/\/europeannewsroom.com\/fr\/les-eurodeputes-adoptent-une-reforme-du-permis-de-conduire\/","title":{"rendered":"Les eurod\u00e9put\u00e9s adoptent une r\u00e9forme du permis de conduire"},"content":{"rendered":"\n<p class=\"wp-block-paragraph\">Parlement europ\u00e9en (Strasbourg, France) &#8211; Les eurod\u00e9put\u00e9s ont d\u00e9finitivement adopt\u00e9 mardi une r\u00e9forme des permis de conduire qui doit emp\u00eacher des automobilistes d&rsquo;\u00e9chapper \u00e0 un retrait de permis \u00e0 l&rsquo;\u00e9tranger et favorisera la d\u00e9tention de permis d\u00e9mat\u00e9rialis\u00e9s.<\/p>\n\n\n\n<p class=\"wp-block-paragraph\">Elle instaure des r\u00e8gles plus strictes pour le renouvellement des permis, des exigences accrues pour leur obtention et favorise le partage d&rsquo;informations entre Etats, pour \u00e9viter que les auteurs d&rsquo;infractions routi\u00e8res graves \u00e0 l&rsquo;\u00e9tranger \u00e9chappent aux sanctions.<\/p>\n\n\n\n<p class=\"wp-block-paragraph\">Actuellement, pr\u00e8s de 40% des automobilistes frapp\u00e9s d&rsquo;un retrait ou suspension de permis dans un autre pays que celui o\u00f9 il a \u00e9t\u00e9 \u00e9mis restent impunis, a d\u00e9plor\u00e9 le rapporteur du texte, le socialiste italien Matteo Ricci.<\/p>\n\n\n\n<p class=\"wp-block-paragraph\">La nouvelle r\u00e8glementation instaure \u00e9galement une dur\u00e9e de validit\u00e9 de 15 ans maximum pour les permis voitures et motos, qui peut \u00eatre ramen\u00e9e \u00e0 10 ans dans les Etats o\u00f9 le permis de conduire sert de pi\u00e8ce d&rsquo;identit\u00e9.<\/p>\n\n\n\n<p class=\"wp-block-paragraph\">La dur\u00e9e de validit\u00e9 pourra en outre \u00eatre r\u00e9duite pour les conducteurs de plus de 65 ans. (21 octobre 2025)<\/p>\n","protected":false},"excerpt":{"rendered":"<p>Le Parlement europ\u00e9en a approuv\u00e9 une r\u00e9forme des permis de conduire qui vise \u00e0 r\u00e9duire le nombre de morts sur les routes dans l\u2019Union, qui s&rsquo;\u00e9levait \u00e0 pr\u00e8s de 20.000 en 2024.<\/p>\n","protected":false},"author":21,"featured_media":1723691,"comment_status":"closed","ping_status":"closed","sticky":false,"template":"","format":"standard","meta":{"_acf_changed":false,"_et_pb_use_builder":"","_et_pb_old_content":"","_et_gb_content_width":"","footnotes":""},"categories":[45],"tags":[],"class_list":["post-1723667","post","type-post","status-publish","format-standard","has-post-thumbnail","hentry","category-europe-in-brief"],"acf":[],"_links":{"self":[{"href":"https:\/\/europeannewsroom.com\/fr\/wp-json\/wp\/v2\/posts\/1723667","targetHints":{"allow":["GET"]}}],"collection":[{"href":"https:\/\/europeannewsroom.com\/fr\/wp-json\/wp\/v2\/posts"}],"about":[{"href":"https:\/\/europeannewsroom.com\/fr\/wp-json\/wp\/v2\/types\/post"}],"author":[{"embeddable":true,"href":"https:\/\/europeannewsroom.com\/fr\/wp-json\/wp\/v2\/users\/21"}],"replies":[{"embeddable":true,"href":"https:\/\/europeannewsroom.com\/fr\/wp-json\/wp\/v2\/comments?post=1723667"}],"version-history":[{"count":0,"href":"https:\/\/europeannewsroom.com\/fr\/wp-json\/wp\/v2\/posts\/1723667\/revisions"}],"wp:featuredmedia":[{"embeddable":true,"href":"https:\/\/europeannewsroom.com\/fr\/wp-json\/wp\/v2\/media\/1723691"}],"wp:attachment":[{"href":"https:\/\/europeannewsroom.com\/fr\/wp-json\/wp\/v2\/media?parent=1723667"}],"wp:term":[{"taxonomy":"category","embeddable":true,"href":"https:\/\/europeannewsroom.com\/fr\/wp-json\/wp\/v2\/categories?post=1723667"},{"taxonomy":"post_tag","embeddable":true,"href":"https:\/\/europeannewsroom.com\/fr\/wp-json\/wp\/v2\/tags?post=1723667"}],"curies":[{"name":"wp","href":"https:\/\/api.w.org\/{rel}","templated":true}]}}