{"id":1726858,"date":"2025-10-22T17:32:53","date_gmt":"2025-10-22T15:32:53","guid":{"rendered":"https:\/\/europeannewsroom.com\/?p=1726858"},"modified":"2025-10-22T17:37:26","modified_gmt":"2025-10-22T15:37:26","slug":"grece-vaste-coup-de-filet-en-lien-avec-une-fraude-systematique-aux-aides-agricoles-europeennes","status":"publish","type":"post","link":"https:\/\/europeannewsroom.com\/fr\/grece-vaste-coup-de-filet-en-lien-avec-une-fraude-systematique-aux-aides-agricoles-europeennes\/","title":{"rendered":"Gr\u00e8ce : vaste coup de filet en lien avec une fraude \u00ab\u00a0syst\u00e9matique\u00a0\u00bb aux aides agricoles europ\u00e9ennes"},"content":{"rendered":"\n<p class=\"wp-block-paragraph\">Thessalonique (Gr\u00e8ce) &#8211; Trente-sept personnes ont \u00e9t\u00e9 arr\u00eat\u00e9es mercredi en Gr\u00e8ce soup\u00e7onn\u00e9es d&rsquo;\u00eatre impliqu\u00e9es dans une fraude \u00ab&nbsp;massive et syst\u00e9matique&nbsp;\u00bb aux subventions agricoles de l&rsquo;Union europ\u00e9enne, ainsi que \u00ab&nbsp;dans des activit\u00e9s de blanchiment d\u2019argent&nbsp;\u00bb, selon le Parquet europ\u00e9en.<\/p>\n\n\n\n<p class=\"wp-block-paragraph\">Les subventions en cours d&rsquo;investigation concernent par exemple des p\u00e2turages d\u00e9clar\u00e9s sur des sites arch\u00e9ologiques, des oliveraies sur le terrain d&rsquo;un a\u00e9roport militaire ou des plantations de bananes sur le mont Olympe<\/p>\n\n\n\n<p class=\"wp-block-paragraph\">Ces interpellations se sont d\u00e9roul\u00e9es \u00ab\u00a0dans plusieurs r\u00e9gions\u00a0\u00bb et 43 autres personnes sont actuellement recherch\u00e9es, dont certaines se trouvent \u00e0 l&rsquo;\u00e9tranger, selon la porte-parole de la police grecque, Konstantina Dimoglidou sur la cha\u00eene ERT.<\/p>\n\n\n\n<p class=\"wp-block-paragraph\">Une partie des versements frauduleux octroy\u00e9s \u00e0 des personnes, qui n&rsquo;\u00e9taient pas toujours des agriculteurs, a servi \u00e0 l&rsquo;achat \u00ab\u00a0de biens de luxe, de voyages et de v\u00e9hicules\u00a0\u00bb, a pr\u00e9cis\u00e9 le Parquet europ\u00e9en bas\u00e9 au Luxembourg.\u00a0(22 octobre 2025)<\/p>\n","protected":false},"excerpt":{"rendered":"<p>Durant des ann\u00e9es, des millions d&rsquo;euros de fonds europ\u00e9ens destin\u00e9s \u00e0 soutenir les agriculteurs grecs ont \u00e9t\u00e9 d\u00e9tourn\u00e9s via l&rsquo;organisme charg\u00e9 du versement des aides OPEKEPE, aujourd&rsquo;hui dissout. <\/p>\n","protected":false},"author":21,"featured_media":1726884,"comment_status":"closed","ping_status":"closed","sticky":false,"template":"","format":"standard","meta":{"_acf_changed":false,"_et_pb_use_builder":"","_et_pb_old_content":"","_et_gb_content_width":"","footnotes":""},"categories":[45],"tags":[],"class_list":["post-1726858","post","type-post","status-publish","format-standard","has-post-thumbnail","hentry","category-europe-in-brief"],"acf":[],"_links":{"self":[{"href":"https:\/\/europeannewsroom.com\/fr\/wp-json\/wp\/v2\/posts\/1726858","targetHints":{"allow":["GET"]}}],"collection":[{"href":"https:\/\/europeannewsroom.com\/fr\/wp-json\/wp\/v2\/posts"}],"about":[{"href":"https:\/\/europeannewsroom.com\/fr\/wp-json\/wp\/v2\/types\/post"}],"author":[{"embeddable":true,"href":"https:\/\/europeannewsroom.com\/fr\/wp-json\/wp\/v2\/users\/21"}],"replies":[{"embeddable":true,"href":"https:\/\/europeannewsroom.com\/fr\/wp-json\/wp\/v2\/comments?post=1726858"}],"version-history":[{"count":0,"href":"https:\/\/europeannewsroom.com\/fr\/wp-json\/wp\/v2\/posts\/1726858\/revisions"}],"wp:featuredmedia":[{"embeddable":true,"href":"https:\/\/europeannewsroom.com\/fr\/wp-json\/wp\/v2\/media\/1726884"}],"wp:attachment":[{"href":"https:\/\/europeannewsroom.com\/fr\/wp-json\/wp\/v2\/media?parent=1726858"}],"wp:term":[{"taxonomy":"category","embeddable":true,"href":"https:\/\/europeannewsroom.com\/fr\/wp-json\/wp\/v2\/categories?post=1726858"},{"taxonomy":"post_tag","embeddable":true,"href":"https:\/\/europeannewsroom.com\/fr\/wp-json\/wp\/v2\/tags?post=1726858"}],"curies":[{"name":"wp","href":"https:\/\/api.w.org\/{rel}","templated":true}]}}