{"id":1756479,"date":"2025-11-04T15:44:05","date_gmt":"2025-11-04T14:44:05","guid":{"rendered":"https:\/\/europeannewsroom.com\/?p=1756479"},"modified":"2025-11-04T16:15:03","modified_gmt":"2025-11-04T15:15:03","slug":"a-contre-courant-de-lue-la-slovaquie-restreint-les-droits-des-personnes-lgbtiq","status":"publish","type":"post","link":"https:\/\/europeannewsroom.com\/fr\/a-contre-courant-de-lue-la-slovaquie-restreint-les-droits-des-personnes-lgbtiq\/","title":{"rendered":"A contre-courant de l\u2019UE, la Slovaquie restreint les droits des personnes LGBTIQ+"},"content":{"rendered":"\n<p class=\"wp-block-paragraph\">Le cadre juridique offert en Europe aux personnes LGBTIQ+ demeure in\u00e9gal et leurs droits sont de plus en plus menac\u00e9s dans certains pays membres. Les diff\u00e9rences entre les l\u00e9gislations sur le mariage et l&rsquo;union civile, conjugu\u00e9es aux nouvelles restrictions l\u00e9gales mises en place dans certains pays, mettent \u00e0 l&rsquo;\u00e9preuve le cadre d&rsquo;\u00e9galit\u00e9 de l&rsquo;UE.<\/p>\n\n\n\n<p class=\"wp-block-paragraph\">Dernier coup dur port\u00e9 aux personnes LGBTIQ+ au sein de l&rsquo;UE&nbsp;: un amendement \u00e0 la Constitution slovaque, entr\u00e9 en vigueur samedi 1er novembre, stipule que le pays \u00ab&nbsp;ne reconna\u00eet que deux sexes, masculin et f\u00e9minin&nbsp;\u00bb.<\/p>\n\n\n\n<p class=\"wp-block-paragraph\">Cet amendement r\u00e9serve \u00e9galement l&rsquo;adoption aux couples mari\u00e9s, excluant de fait les couples de m\u00eame sexe, le mariage homosexuel \u00e9tant interdit en Slovaquie. La gestation pour autrui y est express\u00e9ment prohib\u00e9e.<\/p>\n\n\n\n<p class=\"wp-block-paragraph\">La Constitution slovaque d\u00e9finit d\u00e9j\u00e0 le mariage comme l&rsquo;union d&rsquo;un homme et d&rsquo;une femme, dans un amendement de 2014, adopt\u00e9 alors que le Premier ministre nationaliste actuel <strong>Robert Fico<\/strong> \u00e9tait \u00e9galement au pouvoir.<\/p>\n\n\n\n<p class=\"wp-block-paragraph\">Ce changement radical place d\u00e9sormais le droit national au-dessus du droit de l&rsquo;Union europ\u00e9enne. Il stipule que la \u00ab\u00a0souverainet\u00e9\u00a0\u00bb de la Slovaquie en mati\u00e8re de \u00ab\u00a0questions culturelles et \u00e9thiques\u00a0\u00bb prime le droit europ\u00e9en.<\/p>\n\n\n\n<p class=\"wp-block-paragraph\">Fico, revenu au pouvoir en 2023, a souvent \u00e9t\u00e9 en d\u00e9saccord avec l&rsquo;UE. Des voix critiques ont averti que la r\u00e9forme constitutionnelle pourrait mettre la Slovaquie en conflit avec les dispositions des trait\u00e9s europ\u00e9ens. La Commission de Venise, organe consultatif du Conseil de l&rsquo;Europe \u00e0 Strasbourg sur les questions constitutionnelles et organisation non europ\u00e9enne de d\u00e9fense des droits humains, aurait \u00e9galement exprim\u00e9 des critiques avant le vote de cette r\u00e9forme.<\/p>\n\n\n\n<p class=\"wp-block-paragraph\">Le D\u00e9fenseur public des droits de l&rsquo;homme de Slovaquie, <strong>R\u00f3bert Dobrovodsk\u00fd<\/strong>, a d\u00e9clar\u00e9 que cette r\u00e9forme \u00ab&nbsp;n&rsquo;est pas la voie vers un pays plus juste et plus humain&nbsp;\u00bb et que \u00ab&nbsp;la possible remise en cause de la priorit\u00e9 des droits et libert\u00e9s fondamentaux issus des trait\u00e9s internationaux et du droit de l&rsquo;UE sur le droit slovaque ne contribue pas \u00e0 la s\u00e9curit\u00e9 juridique des habitants du pays, en particulier ceux appartenant \u00e0 des minorit\u00e9s&nbsp;\u00bb.<\/p>\n\n\n\n<p class=\"wp-block-paragraph\">LGBTIQ+ est un terme g\u00e9n\u00e9rique qui englobe une grande diversit\u00e9 d&rsquo;orientations sexuelles et d&rsquo;identit\u00e9s de genre, au-del\u00e0 de l&rsquo;h\u00e9t\u00e9rosexualit\u00e9 et de la cisidentit\u00e9. Il englobe Lesbiennes, Gays, Bisexuels, Transgenres, Intersexes, Queers\/En questionnement, et autres personnes repr\u00e9sent\u00e9es par le +.<\/p>\n\n\n\n<p class=\"wp-block-paragraph\">Au sein de l&rsquo;UE, la Hongrie est \u00e9galement souvent critiqu\u00e9e pour son recul en mati\u00e8re de droits des personnes LGBTIQ+. Le Premier ministre nationaliste <strong>Viktor Orb\u00e1n <\/strong>les restreint depuis des ann\u00e9es au nom de la \u00ab\u00a0protection de l\u2019enfance\u00a0\u00bb, et cette ann\u00e9e, sa coalition gouvernementale a adopt\u00e9 des modifications l\u00e9gislatives visant \u00e0 interdire les marches des fiert\u00e9s.<\/p>\n\n\n\n<h2 class=\"wp-block-heading\"><strong>In\u00e9galit\u00e9s en mati\u00e8re de droits li\u00e9s au mariage et \u00e0 l\u2019union civile<\/strong><\/h2>\n\n\n\n<p class=\"wp-block-paragraph\">La l\u00e9galisation du mariage pour tous est un sujet de discorde persistant au sein de l\u2019UE. Si certains pays l\u2019ont accept\u00e9e il y a plusieurs ann\u00e9es, d\u2019autres sont encore confront\u00e9s \u00e0 des r\u00e8gles strictes et \u00e0 une impasse politique.<\/p>\n\n\n\n<p class=\"wp-block-paragraph\">Le 1er octobre 1989, au Danemark, plusieurs couples homosexuels ont \u00e9t\u00e9 les premiers au monde \u00e0 s\u2019unir civilement, conf\u00e9rant ainsi un statut l\u00e9gal \u00e0 leur relation, sans toutefois obtenir le statut de mariage. Ce sont les Pays-Bas qui ont \u00e9t\u00e9 le premier Etat \u00e0 autoriser le mariage entre personnes de m\u00eame sexe en avril 2001.<\/p>\n\n\n\n<p class=\"wp-block-paragraph\">Depuis, 21 autres pays europ\u00e9ens, dont 15 membres de l\u2019UE, ont suivi&nbsp;: Andorre, Autriche, Belgique, Royaume-Uni, Danemark, Estonie, Finlande, France, Allemagne, Gr\u00e8ce, Islande, Irlande, Luxembourg, Malte, Norv\u00e8ge, Portugal, Slov\u00e9nie, Espagne, Su\u00e8de, Suisse et la principaut\u00e9 de Liechtenstein.<\/p>\n\n\n\n<p class=\"wp-block-paragraph\">Certains \u00c9tats europ\u00e9ens ont autoris\u00e9 l&rsquo;union civile entre personnes de m\u00eame sexe sans pour autant l\u00e9galiser le mariage homosexuel, notamment l&rsquo;Italie, la Hongrie, la Croatie, Chypre, la Lettonie, la R\u00e9publique tch\u00e8que et la principaut\u00e9 de Monaco.<\/p>\n\n\n\n<p class=\"wp-block-paragraph\">Le mariage conf\u00e8re g\u00e9n\u00e9ralement une reconnaissance juridique compl\u00e8te au couple, incluant les droits relatifs \u00e0 l&rsquo;adoption, \u00e0 l&rsquo;h\u00e9ritage et aux prestations sociales. En revanche, l&rsquo;union civile n&rsquo;offre qu&rsquo;une partie de ces avantages et varie consid\u00e9rablement d&rsquo;un pays \u00e0 l&rsquo;autre.<\/p>\n\n\n\n<p class=\"wp-block-paragraph\">En Pologne, les projets de l\u00e9galisation de l&rsquo;union civile font l&rsquo;objet d&rsquo;un examen minutieux depuis des ann\u00e9es, non seulement sous le pr\u00e9c\u00e9dent gouvernement du parti Droit et Justice (PiS) et l&rsquo;ancien pr\u00e9sident <strong>Andrzej Duda<\/strong>, mais \u00e9galement face \u00e0 l&rsquo;opposition de son successeur, <strong>Karol Nawrocki<\/strong>.<\/p>\n\n\n\n<p class=\"wp-block-paragraph\">Au pouvoir de 2015 \u00e0 2023, le gouvernement PiS s&rsquo;est fermement oppos\u00e9 \u00e0 toute initiative visant \u00e0 l\u00e9galiser l&rsquo;union civile, alors m\u00eame que pr\u00e8s d&rsquo;un million de Polonais vivent en union libre, couples h\u00e9t\u00e9rosexuels et homosexuels compris. D\u00e9fendant une vision catholique, le PiS \u00e9tait oppos\u00e9 \u00e0 l&rsquo;octroi de davantage de droits aux minorit\u00e9s sexuelles.<\/p>\n\n\n\n<p class=\"wp-block-paragraph\">Le parti centriste du Premier ministre actuel, <strong>Donald Tusk<\/strong>, s&rsquo;est engag\u00e9 \u00e0 l\u00e9galiser les unions civiles dans son pays, soci\u00e9t\u00e9 traditionnellement catholique qui ne reconna\u00eet actuellement le mariage qu&rsquo;entre un homme et une femme. Plusieurs tentatives de l\u00e9galisation, y compris pour les couples LGBTIQ+, ont \u00e9chou\u00e9 ces vingt derni\u00e8res ann\u00e9es.<\/p>\n\n\n\n<p class=\"wp-block-paragraph\">En octobre, le gouvernement a pr\u00e9sent\u00e9 un projet de loi visant \u00e0 l\u00e9galiser les unions civiles, y compris celles entre personnes de m\u00eame sexe, le qualifiant de \u00ab&nbsp;progr\u00e8s&nbsp;\u00bb pour les droits des personnes LGBTQ+. Ce texte, dit \u00ab loi sur les parents les plus proches \u00bb, accorderait aux couples non mari\u00e9s des droits en mati\u00e8re d&rsquo;h\u00e9ritage, de logement et d&rsquo;acc\u00e8s aux informations m\u00e9dicales, mais ne leur permettrait pas d&rsquo;adopter des enfants.<\/p>\n\n\n\n<p class=\"wp-block-paragraph\">En R\u00e9publique tch\u00e8que voisine, les couples de m\u00eame sexe peuvent conclure un partenariat enregistr\u00e9, mais pas se marier. Le PACS est possible dans le pays depuis juillet 2006. Cependant, les personnes de la communaut\u00e9 LGBTIQ+ ne b\u00e9n\u00e9ficient toujours pas des m\u00eames droits que le reste de la population tch\u00e8que, ont d\u00e9clar\u00e9 des participants \u00e0 la Marche des fiert\u00e9s de Prague \u00e0 l&rsquo;agence de presse CTK.<\/p>\n\n\n\n<p class=\"wp-block-paragraph\">Le droit bulgare ne reconna\u00eet pas non plus les mariages entre personnes de m\u00eame sexe, m\u00eame s&rsquo;ils ont \u00e9t\u00e9 c\u00e9l\u00e9br\u00e9s l\u00e9galement \u00e0 l&rsquo;\u00e9tranger. Bien que la discrimination fond\u00e9e sur l&rsquo;orientation sexuelle soit interdite, l&rsquo;absence de reconnaissance l\u00e9gale pose de graves probl\u00e8mes en mati\u00e8re de droits parentaux et d&rsquo;h\u00e9ritage. En cas de d\u00e9c\u00e8s de celui des parents qui est l\u00e9galement reconnu, le partenaire survivant et l&rsquo;enfant peuvent se retrouver sans lien l\u00e9gal ni repr\u00e9sentation, ce qui soul\u00e8ve des questions complexes concernant la tutelle, l&rsquo;h\u00e9ritage et le bien-\u00eatre de l&rsquo;enfant.<\/p>\n\n\n\n<h2 class=\"wp-block-heading\"><strong>L&rsquo;UE cherche \u00e0 renforcer les droits et la s\u00e9curit\u00e9 des personnes LGBTIQ+<\/strong><\/h2>\n\n\n\n<p class=\"wp-block-paragraph\">L&rsquo;Agence des droits fondamentaux de l&rsquo;Union europ\u00e9enne a alert\u00e9, dans un rapport publi\u00e9 en septembre, sur le fait que la communaut\u00e9 LGBTIQ+ \u00e9tait instrumentalis\u00e9e dans un climat d&rsquo;intol\u00e9rance et de sectarisme croissant ou persistant, ainsi que dans le cadre d&rsquo;intenses campagnes de haine en ligne, diffus\u00e9es sur les r\u00e9seaux sociaux et dans l&rsquo;espace public.<\/p>\n\n\n\n<p class=\"wp-block-paragraph\">En mai dernier, neuf \u00c9tats membres de l&rsquo;UE (l&rsquo;Italie, la Hongrie, la Roumanie, la Bulgarie, la Croatie, la Lituanie, la Lettonie, la R\u00e9publique tch\u00e8que et la Slovaquie), n&rsquo;ont pas sign\u00e9 la d\u00e9claration pr\u00e9sent\u00e9e par la pr\u00e9sidence belge, qui promouvait des politiques en faveur des communaut\u00e9s LGBTIQ+. Elle a \u00e9t\u00e9 pr\u00e9par\u00e9e \u00e0 l&rsquo;occasion de la Journ\u00e9e internationale contre l&rsquo;homophobie, la transphobie et la biphobie.<\/p>\n\n\n\n<p class=\"wp-block-paragraph\">Le mois dernier, la Commission europ\u00e9enne a d\u00e9clar\u00e9 que, malgr\u00e9 une acceptation sociale accrue des personnes LGBTIQ+ au sein de l&rsquo;UE ces cinq derni\u00e8res ann\u00e9es, elles continuent de subir des niveaux disproportionn\u00e9s et inacceptables de haine, de violence et de discrimination. Elle a ensuite adopt\u00e9 sa strat\u00e9gie en faveur de l&rsquo;\u00e9galit\u00e9 des personnes LGBTIQ+ pour la p\u00e9riode 2026-2030, qui vise \u00e0 lutter contre la haine et \u00e0 promouvoir la libert\u00e9 et la diversit\u00e9 dans l&rsquo;UE et au-del\u00e0.<\/p>\n\n\n\n<figure class=\"wp-block-embed aligncenter is-type-rich is-provider-twitter wp-block-embed-twitter\"><div class=\"wp-block-embed__wrapper\">\n<blockquote class=\"twitter-tweet\" data-width=\"550\" data-dnt=\"true\"><p lang=\"en\" dir=\"ltr\">Progress can never be taken for granted.<br><br>Across \ud83c\uddea\ud83c\uddfa &amp; beyond, <a href=\"https:\/\/twitter.com\/hashtag\/LGBTIQ?src=hash&amp;ref_src=twsrc%5Etfw\">#LGBTIQ<\/a>+ people face rising hate &amp; fear. When people feel unsafe, they turn to the EU. We must be their lighthouse of hope &amp; sentinel. Today, we launch a new LGBTIQ+ Equality Strategy. To protect, to empower &amp; to act\ud83c\udff3\ufe0f\u200d\ud83c\udf08 <a href=\"https:\/\/t.co\/GKZSrDsU2c\">pic.twitter.com\/GKZSrDsU2c<\/a><\/p>&mdash; Hadja Lahbib (@hadjalahbib) <a href=\"https:\/\/twitter.com\/hadjalahbib\/status\/1975855026078941241?ref_src=twsrc%5Etfw\">October 8, 2025<\/a><\/blockquote><script async src=\"https:\/\/platform.twitter.com\/widgets.js\" charset=\"utf-8\"><\/script>\n<\/div><\/figure>\n\n\n\n<p class=\"wp-block-paragraph\">Afin de prot\u00e9ger les membres de la communaut\u00e9 LGBTIQ+ contre la discrimination, Bruxelles envisage \u00e9galement de pr\u00e9senter une proposition visant \u00e0 lutter contre les discours de haine en ligne.<\/p>\n\n\n\n<p class=\"wp-block-paragraph\">Dans un communiqu\u00e9 de presse, la Commission a \u00e9galement indiqu\u00e9 vouloir s\u00e9vir contre les \u00ab&nbsp;th\u00e9rapies de conversion&nbsp;\u00bb \u2013 pratiques pseudoscientifiques consistant \u00e0 tenter de modifier l&rsquo;orientation sexuelle et\/ou romantique, l&rsquo;identit\u00e9 ou l&rsquo;expression de genre d&rsquo;une personne pour les aligner sur les normes h\u00e9t\u00e9rosexuelles et cisgenres \u2013 ciblant les personnes LGBTIQ+. Plus d&rsquo;un million de personnes ont sign\u00e9 une p\u00e9tition en mai appelant l&rsquo;UE \u00e0 interdire ces pratiques.<\/p>\n\n\n\n<p class=\"wp-block-paragraph\">N\u00e9anmoins, la commissaire europ\u00e9enne \u00e0 l&rsquo;Egalit\u00e9 a d\u00e9clar\u00e9 \u00e0 l&rsquo;AFP que Bruxelles n&rsquo;irait pas jusqu&rsquo;\u00e0 interdire ces pratiques. \u00ab\u00a0Nous ne pouvons pas les interdire car cela empi\u00e9terait sur les comp\u00e9tences des \u00c9tats membres\u00a0\u00bb, a affirm\u00e9 <strong>Hadja Lahbib<\/strong>.<\/p>\n\n\n\n<p class=\"wp-block-paragraph\">Elle a \u00e9t\u00e9 n\u00e9anmoins claire sur sa conviction : \u00ab\u00a0Il est \u00e9vident que les Vingt-Sept doivent tous les interdire.\u00a0\u00bb<\/p>\n\n\n\n<p class=\"wp-block-paragraph\"><em>Cet article est une key story de l\u2019ENR. Son contenu est bas\u00e9 sur des informations publi\u00e9es par les agences participant \u00e0 l\u2019ENR<\/em><\/p>\n","protected":false},"excerpt":{"rendered":"<p>Bien que l&rsquo;acceptation sociale des personnes LGBTIQ+ ait progress\u00e9 en Europe ces cinq derni\u00e8res ann\u00e9es, les libert\u00e9s des minorit\u00e9s sexuelles sont menac\u00e9es. La r\u00e9cente \u00e9volution de la l\u00e9gislation en Slovaquie qui r\u00e9duit les droits des couples de m\u00eame sexe est en contradiction avec la strat\u00e9gie de l&rsquo;Union visant \u00e0 am\u00e9liorer la situation l\u00e9gale et la s\u00e9curit\u00e9 de ces communaut\u00e9s.<\/p>\n","protected":false},"author":21,"featured_media":1756371,"comment_status":"closed","ping_status":"closed","sticky":false,"template":"","format":"standard","meta":{"_acf_changed":true,"_et_pb_use_builder":"","_et_pb_old_content":"","_et_gb_content_width":"","footnotes":""},"categories":[39],"tags":[13551,12051,11421],"class_list":["post-1756479","post","type-post","status-publish","format-standard","has-post-thumbnail","hentry","category-key-story","tag-droits","tag-lgbt-3","tag-slovaquie"],"acf":[],"_links":{"self":[{"href":"https:\/\/europeannewsroom.com\/fr\/wp-json\/wp\/v2\/posts\/1756479","targetHints":{"allow":["GET"]}}],"collection":[{"href":"https:\/\/europeannewsroom.com\/fr\/wp-json\/wp\/v2\/posts"}],"about":[{"href":"https:\/\/europeannewsroom.com\/fr\/wp-json\/wp\/v2\/types\/post"}],"author":[{"embeddable":true,"href":"https:\/\/europeannewsroom.com\/fr\/wp-json\/wp\/v2\/users\/21"}],"replies":[{"embeddable":true,"href":"https:\/\/europeannewsroom.com\/fr\/wp-json\/wp\/v2\/comments?post=1756479"}],"version-history":[{"count":0,"href":"https:\/\/europeannewsroom.com\/fr\/wp-json\/wp\/v2\/posts\/1756479\/revisions"}],"wp:featuredmedia":[{"embeddable":true,"href":"https:\/\/europeannewsroom.com\/fr\/wp-json\/wp\/v2\/media\/1756371"}],"wp:attachment":[{"href":"https:\/\/europeannewsroom.com\/fr\/wp-json\/wp\/v2\/media?parent=1756479"}],"wp:term":[{"taxonomy":"category","embeddable":true,"href":"https:\/\/europeannewsroom.com\/fr\/wp-json\/wp\/v2\/categories?post=1756479"},{"taxonomy":"post_tag","embeddable":true,"href":"https:\/\/europeannewsroom.com\/fr\/wp-json\/wp\/v2\/tags?post=1756479"}],"curies":[{"name":"wp","href":"https:\/\/api.w.org\/{rel}","templated":true}]}}