{"id":1770320,"date":"2025-11-07T21:38:34","date_gmt":"2025-11-07T20:38:34","guid":{"rendered":"https:\/\/europeannewsroom.com\/?p=1770320"},"modified":"2025-11-07T21:38:39","modified_gmt":"2025-11-07T20:38:39","slug":"mercosur-colere-des-representants-agricoles-apres-les-declarations-de-macron","status":"publish","type":"post","link":"https:\/\/europeannewsroom.com\/fr\/mercosur-colere-des-representants-agricoles-apres-les-declarations-de-macron\/","title":{"rendered":"Mercosur : col\u00e8re des repr\u00e9sentants agricoles apr\u00e8s les d\u00e9clarations de Macron"},"content":{"rendered":"\n<p class=\"wp-block-paragraph\">Paris &#8211; Le pr\u00e9sident fran\u00e7ais, qui s&rsquo;exprimait jeudi devant la presse en marge du sommet des chefs d&rsquo;Etats pr\u00e9c\u00e9dant la COP30 \u00e0 Belem au Br\u00e9sil, s&rsquo;est dit \u00ab&nbsp;plut\u00f4t positif&nbsp;\u00bb quant \u00e0 la possibilit\u00e9 d&rsquo;accepter ce trait\u00e9 de libre-\u00e9change. Apr\u00e8s le toll\u00e9 caus\u00e9 en France, il a affirm\u00e9 rester \u00ab&nbsp;vigilant&nbsp;\u00bb et attendre encore des \u00ab&nbsp;r\u00e9ponses claires&nbsp;\u00bb, vendredi \u00e0 Mexico.<\/p>\n\n\n\n<p class=\"wp-block-paragraph\">Des d\u00e9clarations suivies quelques heures plus tard par celles de la ministre fran\u00e7aise de l&rsquo;Agriculture (issue de LR) Annie Genevard, pour qui les garanties obtenues par la France pour prot\u00e9ger ses cultivateurs et \u00e9leveurs ne sont pas encore suffisantes.<\/p>\n\n\n\n<p class=\"wp-block-paragraph\">\u00ab&nbsp;Les lignes rouges de la France sont connues depuis le d\u00e9part (&#8230;) Et aujourd&rsquo;hui, m\u00eame s&rsquo;il y a des avanc\u00e9es, le compte n&rsquo;y est pas&nbsp;\u00bb, a-t-elle dit dans un message post\u00e9 sur X.<\/p>\n\n\n\n<p class=\"wp-block-paragraph\">A gauche comme \u00e0 droite, une grande partie de la classe politique a de nouveau martel\u00e9 vendredi que cet accord devait \u00eatre \u00ab&nbsp;rejet\u00e9&nbsp;\u00bb.<\/p>\n\n\n\n<p class=\"wp-block-paragraph\">Pour le puissant syndicat agricole FNSEA, la position du chef de l&rsquo;Etat est \u00ab&nbsp;un reniement total&nbsp;\u00bb.<\/p>\n\n\n\n<p class=\"wp-block-paragraph\">Selon V\u00e9ronique Le Floc&rsquo;h, pr\u00e9sidente de la Coordination rurale, \u00ab\u00a0le Mercosur, c&rsquo;est la mort de l&rsquo;agriculture\u00a0\u00bb. (7 novembre 2025)<\/p>\n","protected":false},"excerpt":{"rendered":"<p>Un \u00ab affront \u00bb, \u00ab une trahison \u00bb et \u00e0 la clef, \u00ab la mort de l&rsquo;agriculture \u00bb en France : les repr\u00e9sentants du monde agricole et une grande partie de la classe politique ont fustig\u00e9 vendredi les propos du pr\u00e9sident Emmanuel Macron, qui envisage d\u00e9sormais plus positivement l&rsquo;accord commercial entre l\u2019UE et quatre pays latino-am\u00e9ricains du Mercosur.<\/p>\n","protected":false},"author":21,"featured_media":1770321,"comment_status":"closed","ping_status":"closed","sticky":false,"template":"","format":"standard","meta":{"_acf_changed":false,"_et_pb_use_builder":"","_et_pb_old_content":"","_et_gb_content_width":"","footnotes":""},"categories":[45],"tags":[2187,5619,2027,525],"class_list":["post-1770320","post","type-post","status-publish","format-standard","has-post-thumbnail","hentry","category-europe-in-brief","tag-agriculture-3","tag-bresil","tag-commerce","tag-france-2"],"acf":[],"_links":{"self":[{"href":"https:\/\/europeannewsroom.com\/fr\/wp-json\/wp\/v2\/posts\/1770320","targetHints":{"allow":["GET"]}}],"collection":[{"href":"https:\/\/europeannewsroom.com\/fr\/wp-json\/wp\/v2\/posts"}],"about":[{"href":"https:\/\/europeannewsroom.com\/fr\/wp-json\/wp\/v2\/types\/post"}],"author":[{"embeddable":true,"href":"https:\/\/europeannewsroom.com\/fr\/wp-json\/wp\/v2\/users\/21"}],"replies":[{"embeddable":true,"href":"https:\/\/europeannewsroom.com\/fr\/wp-json\/wp\/v2\/comments?post=1770320"}],"version-history":[{"count":0,"href":"https:\/\/europeannewsroom.com\/fr\/wp-json\/wp\/v2\/posts\/1770320\/revisions"}],"wp:featuredmedia":[{"embeddable":true,"href":"https:\/\/europeannewsroom.com\/fr\/wp-json\/wp\/v2\/media\/1770321"}],"wp:attachment":[{"href":"https:\/\/europeannewsroom.com\/fr\/wp-json\/wp\/v2\/media?parent=1770320"}],"wp:term":[{"taxonomy":"category","embeddable":true,"href":"https:\/\/europeannewsroom.com\/fr\/wp-json\/wp\/v2\/categories?post=1770320"},{"taxonomy":"post_tag","embeddable":true,"href":"https:\/\/europeannewsroom.com\/fr\/wp-json\/wp\/v2\/tags?post=1770320"}],"curies":[{"name":"wp","href":"https:\/\/api.w.org\/{rel}","templated":true}]}}